{"id":246372,"date":"2024-11-26T09:10:00","date_gmt":"2024-11-26T07:10:00","guid":{"rendered":"https:\/\/www.tucomarca.com\/wordpress\/segunda\/?p=246372"},"modified":"2024-11-26T10:45:11","modified_gmt":"2024-11-26T08:45:11","slug":"la-generalitat-reabre-10-campamentos-y-zonas-de-acampada-al-comprobar-su-buen-estado-de-acceso-y-conservacion-tras-las-inundaciones","status":"publish","type":"post","link":"https:\/\/www.tucomarca.com\/wordpress\/segunda\/la-generalitat-reabre-10-campamentos-y-zonas-de-acampada-al-comprobar-su-buen-estado-de-acceso-y-conservacion-tras-las-inundaciones\/","title":{"rendered":"La Generalitat reabre 10 campamentos y zonas de acampada al comprobar su buen estado de acceso y conservaci\u00f3n tras las inundaciones"},"content":{"rendered":"\n<h3 class=\"wp-block-heading\">Algunas \u00e1reas se mantendr\u00e1n cerradas hasta que se determine que re\u00fanen las condiciones \u00f3ptimas para un buen uso.<\/h3>\n\n\n\n<h3 class=\"wp-block-heading\">El sendero de gran recorrido GR 7 sufri\u00f3 importantes da\u00f1os a su paso por las provincias de Valencia y Castell\u00f3n.<\/h3>\n\n\n\n<p>La Conselleria de Medio Ambiente, Infraestructuras y Territorio reabre, a partir del 26 de noviembre, diez campamentos y zonas de acampada al comprobar su buen estado de acceso y conservaci\u00f3n tras las inundaciones.<\/p>\n\n\n\n<p>La Direcci\u00f3n General del Medio Natural y Animal mantendr\u00e1 cerradas el resto de las \u00e1reas hasta que pueda garantizar que est\u00e1n en buen uso. Las de la provincia de Alicante se abrieron ya la semana pasada. Actualmente, la Comunitat Valenciana dispone de 17 zonas de acampada y 13 campamentos gestionados por la Generalitat.<\/p>\n\n\n\n<p>Adem\u00e1s, el sendero de gran recorrido GR 7 ha sufrido importantes da\u00f1os a su paso por las provincias de Valencia y Castell\u00f3n. En concreto, se encuentra cortado a su paso por los Chorros de Barchel, entre los t\u00e9rminos municipales de Benag\u00e9ber y Chelva, por lo que la Conselleria recomienda no acceder a este tramo de la ruta.<\/p>\n\n\n\n<p>La Generalitat tom\u00f3, el pasado 31 de octubre, la decisi\u00f3n de cerrar temporalmente los campamentos y \u00e1reas de acampada debido a la excepcional situaci\u00f3n generada por las intensas lluvias y el desbordamiento de r\u00edos y barrancos que afectaron a la Comunitat Valenciana. Esta medida buscaba garantizar la seguridad de todas las personas usuarias, tanto en las instalaciones como en los accesos por las pistas forestales.<\/p>\n\n\n\n<p>Asimismo, la Generalitat recomienda que antes de acudir al monte cada usuario consulte la web de emergencias 112-CV para conocer los avisos de riesgos de lluvias, nieves, tormentas y los niveles de preemergencias y emergencias de incendios forestales.&nbsp;<\/p>\n\n\n\n<p>Para m\u00e1s informaci\u00f3n y actualizaciones sobre el cierre de campamentos y acampadas se puede visitar el portal de reservas y la web de la Conselleria.&nbsp;<\/p>\n\n\n\n<p><strong>Recomendaciones de uso<\/strong><\/p>\n\n\n\n<p>En esta l\u00ednea, la Direcci\u00f3n General del Medio Natural y Animal ha lanzado una serie de instrucciones para el uso de las instalaciones recreativas como, por ejemplo, circular por los caminos y pistas autorizados, el estacionamiento de los veh\u00edculos en los lugares habilitados y en direcci\u00f3n de salida, as\u00ed como hacerlo sin dificultar el paso a otros veh\u00edculos.<\/p>\n\n\n\n<p>La Comunitat Valenciana alberga una gran diversidad de ecosistemas y patrimonio etnogr\u00e1fico, natural y cultural para el que la Generalitat pide el comportamiento responsable de la ciudadan\u00eda.&nbsp;<\/p>\n","protected":false},"excerpt":{"rendered":"<div class=\"mh-excerpt\">Algunas \u00e1reas se mantendr\u00e1n cerradas hasta que se determine que re\u00fanen las condiciones \u00f3ptimas para un buen uso. El sendero de gran recorrido GR 7 sufri\u00f3 importantes da\u00f1os a su paso por las provincias de <a class=\"mh-excerpt-more\" href=\"https:\/\/www.tucomarca.com\/wordpress\/segunda\/la-generalitat-reabre-10-campamentos-y-zonas-de-acampada-al-comprobar-su-buen-estado-de-acceso-y-conservacion-tras-las-inundaciones\/\" title=\"La Generalitat reabre 10 campamentos y zonas de acampada al comprobar su buen estado de acceso y conservaci\u00f3n tras las inundaciones\">[+] <\/a><\/div>\n","protected":false},"author":13,"featured_media":246378,"comment_status":"open","ping_status":"open","sticky":false,"template":"","format":"standard","meta":{"footnotes":""},"categories":[141,188,21465,128,8,72,59,7,3,45],"tags":[10418,10442,12831,10412,2142,3912],"class_list":{"0":"post-246372","1":"post","2":"type-post","3":"status-publish","4":"format-standard","5":"has-post-thumbnail","7":"category-benageber","8":"category-chelva","9":"category-dana","10":"category-infraestructuras","11":"category-la-comarca","12":"category-sin-categorizar","13":"category-los-serranos","14":"category-ocio-y-cultura","15":"category-seccion","16":"category-ventana","17":"tag-benageber","18":"tag-chelva","19":"tag-dana-2","20":"tag-infraestructuras","21":"tag-la-comunitat","22":"tag-la-serrania"},"_links":{"self":[{"href":"https:\/\/www.tucomarca.com\/wordpress\/segunda\/wp-json\/wp\/v2\/posts\/246372","targetHints":{"allow":["GET"]}}],"collection":[{"href":"https:\/\/www.tucomarca.com\/wordpress\/segunda\/wp-json\/wp\/v2\/posts"}],"about":[{"href":"https:\/\/www.tucomarca.com\/wordpress\/segunda\/wp-json\/wp\/v2\/types\/post"}],"author":[{"embeddable":true,"href":"https:\/\/www.tucomarca.com\/wordpress\/segunda\/wp-json\/wp\/v2\/users\/13"}],"replies":[{"embeddable":true,"href":"https:\/\/www.tucomarca.com\/wordpress\/segunda\/wp-json\/wp\/v2\/comments?post=246372"}],"version-history":[{"count":0,"href":"https:\/\/www.tucomarca.com\/wordpress\/segunda\/wp-json\/wp\/v2\/posts\/246372\/revisions"}],"wp:featuredmedia":[{"embeddable":true,"href":"https:\/\/www.tucomarca.com\/wordpress\/segunda\/wp-json\/wp\/v2\/media\/246378"}],"wp:attachment":[{"href":"https:\/\/www.tucomarca.com\/wordpress\/segunda\/wp-json\/wp\/v2\/media?parent=246372"}],"wp:term":[{"taxonomy":"category","embeddable":true,"href":"https:\/\/www.tucomarca.com\/wordpress\/segunda\/wp-json\/wp\/v2\/categories?post=246372"},{"taxonomy":"post_tag","embeddable":true,"href":"https:\/\/www.tucomarca.com\/wordpress\/segunda\/wp-json\/wp\/v2\/tags?post=246372"}],"curies":[{"name":"wp","href":"https:\/\/api.w.org\/{rel}","templated":true}]}}