{"id":246535,"date":"2024-11-27T09:00:00","date_gmt":"2024-11-27T07:00:00","guid":{"rendered":"https:\/\/www.tucomarca.com\/wordpress\/segunda\/?p=246535"},"modified":"2024-11-27T12:20:37","modified_gmt":"2024-11-27T10:20:37","slug":"educacion-cuenta-con-la-valoracion-tecnica-para-la-viabilidad-de-uso-de-los-institutos-afectados-por-la-riada","status":"publish","type":"post","link":"https:\/\/www.tucomarca.com\/wordpress\/segunda\/educacion-cuenta-con-la-valoracion-tecnica-para-la-viabilidad-de-uso-de-los-institutos-afectados-por-la-riada\/","title":{"rendered":"Educaci\u00f3n cuenta con la valoraci\u00f3n t\u00e9cnica para la viabilidad de uso de los institutos afectados por la riada"},"content":{"rendered":"\n<h3 class=\"wp-block-heading\">La Conselleria es competente para verificar la viabilidad de las infraestructuras educativas de su titularidad.<\/h3>\n\n\n\n<h3 class=\"wp-block-heading\">La Ley de Bases de R\u00e9gimen Local de 1985 se\u00f1ala que es competencia de los municipios \u201cla conservaci\u00f3n, mantenimiento y vigilancia de los edificios de titularidad local destinados a centros p\u00fablicos de educaci\u00f3n infantil, de educaci\u00f3n primaria o de educaci\u00f3n especial\u201d.<\/h3>\n\n\n\n<h3 class=\"wp-block-heading\">El secretario auton\u00f3mico afirma que la vuelta a los centros \u201ces una tarea que debe concitar la uni\u00f3n de toda la comunidad educativa y de todas las administraciones\u201d.<\/h3>\n\n\n\n<p>La Conselleria de Educaci\u00f3n, Cultura, Universidades y Empleo cuenta con la valoraci\u00f3n t\u00e9cnica para la viabilidad de uso de los institutos y centros de su titularidad afectados por la riada, tras las visitas realizadas por t\u00e9cnicos de Conselleria.&nbsp;<\/p>\n\n\n\n<p>El secretario auton\u00f3mico de Educaci\u00f3n, Daniel McEvoy, ha estado manteniendo durante este martes conversaciones telef\u00f3nicas con los alcaldes de Aldaia, Benet\u00fasser, Paiporta y Catarroja, que hab\u00edan enviado a Conselleria un correo electr\u00f3nico solicitando la certificaci\u00f3n de los centros educativos de sus municipios.&nbsp;<\/p>\n\n\n\n<p>McEvoy ha explicado a los alcaldes que la Conselleria solo puede verificar la viabilidad de instalaciones de las que tenga la titularidad, como es el caso de los IES, pero en el caso de los CEIP (Centros de Educaci\u00f3n Infantil y Primaria) deber\u00eda hacerlo el ayuntamiento en virtud del Reglamento de Disciplina Urban\u00edstica.&nbsp;<\/p>\n\n\n\n<p>As\u00ed se recoge en la Ley 7\/1985, de 2 de abril, Reguladora de las Bases del R\u00e9gimen Local. El punto n) del apartado 2 del art\u00edculo 25 de la Ley establece que \u201ces competencia del municipio participar en la vigilancia del cumplimiento de la escolaridad obligatoria y cooperar con las Administraciones educativas correspondientes en la obtenci\u00f3n de los solares necesarios para la construcci\u00f3n de nuevos centros docentes, as\u00ed como la conservaci\u00f3n, mantenimiento y vigilancia de los edificios de titularidad local destinados a centros p\u00fablicos de educaci\u00f3n infantil, de educaci\u00f3n primaria o de educaci\u00f3n especial\u201d. Por tanto, esta certificaci\u00f3n, en caso de considerarse necesaria, corresponder\u00eda a los t\u00e9cnicos de los ayuntamientos.&nbsp;<\/p>\n\n\n\n<p>No obstante, McEvoy ha reiterado a los alcaldes toda la colaboraci\u00f3n de la Conselleria \u201cpara una vuelta a las aulas con total seguridad\u201d. En ese sentido, ha recordado que la vuelta a los centros del alumnado \u201ces una tarea que debe concitar la uni\u00f3n de toda la comunidad educativa y de todas las administraciones p\u00fablicas implicadas. Por eso, la Conselleria de Educaci\u00f3n, dentro de sus competencias, reitera el ofrecimiento de ayuda que viene prestando desde el primer momento\u201d.<\/p>\n\n\n\n<p>La Conselleria de Educaci\u00f3n se puso a trabajar con inmediatez tras la riada del 29 de octubre, constituyendo equipos formados por t\u00e9cnicos de infraestructuras educativas e inspectores para analizar los da\u00f1os en los centros educativos y las necesidades de alumnado y personal docente, as\u00ed como reubicando al alumnado de los centros m\u00e1s da\u00f1ados.<\/p>\n\n\n\n<p>De igual manera, se han estado realizando actuaciones de limpieza, acondicionamiento e higienizaci\u00f3n a trav\u00e9s de la empresa p\u00fablica TRAGSA, con el fin de restablecer, en condiciones de seguridad y salubridad, el servicio educativo.<\/p>\n","protected":false},"excerpt":{"rendered":"<div class=\"mh-excerpt\">La Conselleria es competente para verificar la viabilidad de las infraestructuras educativas de su titularidad. La Ley de Bases de R\u00e9gimen Local de 1985 se\u00f1ala que es competencia de los municipios \u201cla conservaci\u00f3n, mantenimiento y <a class=\"mh-excerpt-more\" href=\"https:\/\/www.tucomarca.com\/wordpress\/segunda\/educacion-cuenta-con-la-valoracion-tecnica-para-la-viabilidad-de-uso-de-los-institutos-afectados-por-la-riada\/\" title=\"Educaci\u00f3n cuenta con la valoraci\u00f3n t\u00e9cnica para la viabilidad de uso de los institutos afectados por la riada\">[+] <\/a><\/div>\n","protected":false},"author":12,"featured_media":243280,"comment_status":"open","ping_status":"open","sticky":false,"template":"","format":"standard","meta":{"footnotes":""},"categories":[21465,128,8,72,117,142,3,116,45],"tags":[12511,12831,21634],"class_list":{"0":"post-246535","1":"post","2":"type-post","3":"status-publish","4":"format-standard","5":"has-post-thumbnail","7":"category-dana","8":"category-infraestructuras","9":"category-la-comarca","10":"category-sin-categorizar","11":"category-medio-ambiente-la-comarca","12":"category-politica-la-comarca","13":"category-seccion","14":"category-sucesos-la-comarca","15":"category-ventana","16":"tag-conselleria-de-educacio","17":"tag-dana-2","18":"tag-institutos-afectados-por-la-riada"},"_links":{"self":[{"href":"https:\/\/www.tucomarca.com\/wordpress\/segunda\/wp-json\/wp\/v2\/posts\/246535","targetHints":{"allow":["GET"]}}],"collection":[{"href":"https:\/\/www.tucomarca.com\/wordpress\/segunda\/wp-json\/wp\/v2\/posts"}],"about":[{"href":"https:\/\/www.tucomarca.com\/wordpress\/segunda\/wp-json\/wp\/v2\/types\/post"}],"author":[{"embeddable":true,"href":"https:\/\/www.tucomarca.com\/wordpress\/segunda\/wp-json\/wp\/v2\/users\/12"}],"replies":[{"embeddable":true,"href":"https:\/\/www.tucomarca.com\/wordpress\/segunda\/wp-json\/wp\/v2\/comments?post=246535"}],"version-history":[{"count":0,"href":"https:\/\/www.tucomarca.com\/wordpress\/segunda\/wp-json\/wp\/v2\/posts\/246535\/revisions"}],"wp:featuredmedia":[{"embeddable":true,"href":"https:\/\/www.tucomarca.com\/wordpress\/segunda\/wp-json\/wp\/v2\/media\/243280"}],"wp:attachment":[{"href":"https:\/\/www.tucomarca.com\/wordpress\/segunda\/wp-json\/wp\/v2\/media?parent=246535"}],"wp:term":[{"taxonomy":"category","embeddable":true,"href":"https:\/\/www.tucomarca.com\/wordpress\/segunda\/wp-json\/wp\/v2\/categories?post=246535"},{"taxonomy":"post_tag","embeddable":true,"href":"https:\/\/www.tucomarca.com\/wordpress\/segunda\/wp-json\/wp\/v2\/tags?post=246535"}],"curies":[{"name":"wp","href":"https:\/\/api.w.org\/{rel}","templated":true}]}}