{"id":246797,"date":"2024-11-29T11:00:00","date_gmt":"2024-11-29T09:00:00","guid":{"rendered":"https:\/\/www.tucomarca.com\/wordpress\/segunda\/?p=246797"},"modified":"2024-11-29T20:23:55","modified_gmt":"2024-11-29T18:23:55","slug":"el-cfpa-acoge-una-presentacion-sobre-los-programas-municipales-de-envejecimiento-activo","status":"publish","type":"post","link":"https:\/\/www.tucomarca.com\/wordpress\/segunda\/el-cfpa-acoge-una-presentacion-sobre-los-programas-municipales-de-envejecimiento-activo\/","title":{"rendered":"El CFPA acoge una presentaci\u00f3n sobre los programas municipales de envejecimiento activo"},"content":{"rendered":"\n<p>Ayer, jueves 28 de noviembre, se cerr\u00f3 el calendario municipal de salud de este mes con la presentaci\u00f3n de los programas municipales de envejecimiento saludable que se desarrollan en el Centro de Formaci\u00f3n de Personas Adultas, bajo el t\u00edtulo&nbsp; \u201cEnvejecimiento activo \u00a1Sigue aprendiendo!\u201d.<\/p>\n\n\n\n<p>La presentaci\u00f3n cont\u00f3 con la participaci\u00f3n de las profesionales implicadas en el desarrollo de estos programas, Amparo Mart\u00ednez, psic\u00f3loga que imparte las sesiones de estimulaci\u00f3n cognitiva, y \u00c1ngeles Chuli\u00e1, encargada de las actividades de psicomotricidad, gimnasia adaptada, Chikung y relajaci\u00f3n.<\/p>\n\n\n\n<p>Mart\u00ednez gui\u00f3 la actividad empezando por desmentir algunos mitos de la vejez, antes de desgranar las actividades de memoria que imparte. \u201cHay much\u00edsimas medias verdades o falsas creencias con respecto a la vejez. Es incierto que todos tengamos deterioro cognitivo conforme envejecemos; tambi\u00e9n es muy popular el pensamiento de que las personas mayores se adaptan peor a los cambios, algo totalmente falso, ya que esto est\u00e1 ligado a la personalidad y no a la edad. Adem\u00e1s, se asocia el envejecimiento a la improductividad, otra falsa creencia, puesto que ayud\u00e1is a vuestras familias, en la crianza de los hijos o en los negocios, por ejemplo; es cierto que no trabaj\u00e1is con n\u00f3mina, pero sois muy productivos\u201d, explicaba la psic\u00f3loga. \u201cLos mayores logros de la sociedad los han conseguido personas mayores de 55 a\u00f1os, porque es a partir de esta edad cuando se tiene la plenitud de producir much\u00edsimas cosas\u201d.<\/p>\n\n\n\n<figure class=\"wp-block-image size-large\"><img loading=\"lazy\" decoding=\"async\" width=\"1024\" height=\"682\" src=\"https:\/\/www.tucomarca.com\/wordpress\/segunda\/wp-content\/uploads\/2024\/11\/ChesteEnvejecimientoActivoCFPA_11-1024x682.jpg\" alt=\"\" class=\"wp-image-246801\" srcset=\"https:\/\/www.tucomarca.com\/wordpress\/segunda\/wp-content\/uploads\/2024\/11\/ChesteEnvejecimientoActivoCFPA_11-1024x682.jpg 1024w, https:\/\/www.tucomarca.com\/wordpress\/segunda\/wp-content\/uploads\/2024\/11\/ChesteEnvejecimientoActivoCFPA_11-300x200.jpg 300w, https:\/\/www.tucomarca.com\/wordpress\/segunda\/wp-content\/uploads\/2024\/11\/ChesteEnvejecimientoActivoCFPA_11-768x512.jpg 768w, https:\/\/www.tucomarca.com\/wordpress\/segunda\/wp-content\/uploads\/2024\/11\/ChesteEnvejecimientoActivoCFPA_11.jpg 1181w\" sizes=\"auto, (max-width: 1024px) 100vw, 1024px\" \/><\/figure>\n\n\n\n<p>Tras ella, tres participantes de sus clases expusieron su experiencia, coincidiendo en destacar las relaciones sociales que se establecen y el beneficio de aprender cosas nuevas.<\/p>\n\n\n\n<p>Por su parte, Chuli\u00e1 present\u00f3 las actividades dedicadas al desarrollo de la psicomotrocidad y su alumnado dio su testimonio, destacando tambi\u00e9n la parte social e incidiendo en los beneficios para el bienestar f\u00edsico y mental de practicar este tipo de actividades.<\/p>\n\n\n\n<p>En la \u00faltima parte de la presentaci\u00f3n tambi\u00e9n particip\u00f3 el director del CFPA, \u00c1ngel Garc\u00eda, desgranando el programa de cursos y talleres que ofrece el centro, como lectura, c\u00e1lculo, m\u00fasica, bolillos, esperanto, ingl\u00e9s, valenciano o sobre el uso del m\u00f3vil, entre otros, y dando paso a un testimonio de superaci\u00f3n en el \u00e1mbito acad\u00e9mico, a trav\u00e9s de la obtenci\u00f3n de Graduado Escolar y la posterior carrera universitaria. A esta experiencia se sum\u00f3 la profesora de cer\u00e1mica del centro, junto con su alumnado, explicando todo lo que se trabaja en esta disciplina, tanto en el \u00e1mbito f\u00edsico, como en el mental, y poniendo en valor los fuertes v\u00ednculos que se han creado en sus clases. Los testimonios de esta parte final corroboraron el buen ambiente de las clases, algo que se destac\u00f3 en todas las experiencias presentadas durante el acto, en el que el alumnado coincidi\u00f3 en valorar, por encima de todo lo dem\u00e1s, los beneficios emocionales de participar en las clases y talleres que ofrece el CFPA.<\/p>\n\n\n\n<p>\u201cQuiero cerrar esta presentaci\u00f3n dando un mensaje: que la muerte nos pille viviendo, tenemos que seguir haciendo lo que nos guste, manteniendo la motivaci\u00f3n por seguir aprendiendo\u201d, finalizaba Mart\u00ednez.<\/p>\n","protected":false},"excerpt":{"rendered":"<div class=\"mh-excerpt\">Ayer, jueves 28 de noviembre, se cerr\u00f3 el calendario municipal de salud de este mes con la presentaci\u00f3n de los programas municipales de envejecimiento saludable que se desarrollan en el Centro de Formaci\u00f3n de Personas <a class=\"mh-excerpt-more\" href=\"https:\/\/www.tucomarca.com\/wordpress\/segunda\/el-cfpa-acoge-una-presentacion-sobre-los-programas-municipales-de-envejecimiento-activo\/\" title=\"El CFPA acoge una presentaci\u00f3n sobre los programas municipales de envejecimiento activo\">[+] <\/a><\/div>\n","protected":false},"author":12,"featured_media":246799,"comment_status":"open","ping_status":"open","sticky":false,"template":"","format":"standard","meta":{"footnotes":""},"categories":[119,17,8,10,3],"tags":[10470,339,17989,5952],"class_list":{"0":"post-246797","1":"post","2":"type-post","3":"status-publish","4":"format-standard","5":"has-post-thumbnail","7":"category-sanidad-la-comarca","8":"category-cheste","9":"category-la-comarca","10":"category-la-hoya","11":"category-seccion","12":"tag-ayuntamiento-de-cheste","13":"tag-cheste-2","14":"tag-envejecimiento-activo","15":"tag-la-hoya-de-bunol-chiva"},"_links":{"self":[{"href":"https:\/\/www.tucomarca.com\/wordpress\/segunda\/wp-json\/wp\/v2\/posts\/246797","targetHints":{"allow":["GET"]}}],"collection":[{"href":"https:\/\/www.tucomarca.com\/wordpress\/segunda\/wp-json\/wp\/v2\/posts"}],"about":[{"href":"https:\/\/www.tucomarca.com\/wordpress\/segunda\/wp-json\/wp\/v2\/types\/post"}],"author":[{"embeddable":true,"href":"https:\/\/www.tucomarca.com\/wordpress\/segunda\/wp-json\/wp\/v2\/users\/12"}],"replies":[{"embeddable":true,"href":"https:\/\/www.tucomarca.com\/wordpress\/segunda\/wp-json\/wp\/v2\/comments?post=246797"}],"version-history":[{"count":0,"href":"https:\/\/www.tucomarca.com\/wordpress\/segunda\/wp-json\/wp\/v2\/posts\/246797\/revisions"}],"wp:featuredmedia":[{"embeddable":true,"href":"https:\/\/www.tucomarca.com\/wordpress\/segunda\/wp-json\/wp\/v2\/media\/246799"}],"wp:attachment":[{"href":"https:\/\/www.tucomarca.com\/wordpress\/segunda\/wp-json\/wp\/v2\/media?parent=246797"}],"wp:term":[{"taxonomy":"category","embeddable":true,"href":"https:\/\/www.tucomarca.com\/wordpress\/segunda\/wp-json\/wp\/v2\/categories?post=246797"},{"taxonomy":"post_tag","embeddable":true,"href":"https:\/\/www.tucomarca.com\/wordpress\/segunda\/wp-json\/wp\/v2\/tags?post=246797"}],"curies":[{"name":"wp","href":"https:\/\/api.w.org\/{rel}","templated":true}]}}