{"id":2468,"date":"2012-05-25T19:22:50","date_gmt":"2012-05-25T17:22:50","guid":{"rendered":"http:\/\/www.tucomarca.com\/wordpress\/segunda\/?p=2468"},"modified":"2012-05-25T19:22:50","modified_gmt":"2012-05-25T17:22:50","slug":"las-comunidades-de-regantes-de-utiel-y-villanueva-de-castellon-formalizan-su-colaboracion-con-la-diputacion","status":"publish","type":"post","link":"https:\/\/www.tucomarca.com\/wordpress\/segunda\/las-comunidades-de-regantes-de-utiel-y-villanueva-de-castellon-formalizan-su-colaboracion-con-la-diputacion\/","title":{"rendered":"Las comunidades de regantes de Utiel y Villanueva de Castell\u00f3n formalizan su colaboraci\u00f3n con la Diputaci\u00f3n"},"content":{"rendered":"<p>La Diputaci\u00f3n de Valencia ha formalizado su colaboraci\u00f3n con las comunidades de regantes Real Acequia Escalona de Villanueva de Castell\u00f3n y Las Casas-Los Corrales de Utiel, por la que asume las funciones tributarias de ambas entidades.<\/p>\n<p>La corporaci\u00f3n provincial lleva a cabo actualmente la gesti\u00f3n y recaudaci\u00f3n de impuestos, tasas locales y otros tributos de 280 ayuntamientos y entidades locales de la provincia, entre las que se encuentran 41 comunidades de regantes, lo que les reporta un importante ahorro de personal, medios t\u00e9cnicos y tiempo dedicado a estas tareas.<\/p>\n<p>La asistencia del Servicio Provincial de Gesti\u00f3n Tributaria (SGT) permite tambi\u00e9n incrementar la recaudaci\u00f3n, puesto que este servicio actualiza continuamente los padrones fiscales para que representen fielmente la realidad y conseguir as\u00ed una gesti\u00f3n eficiente.<\/p>\n<p>Los ciudadanos, por otra parte, se benefician de la posibilidad de dirigirse a una \u00fanica administraci\u00f3n para que les resuelva cualquier cuesti\u00f3n en este \u00e1mbito, adem\u00e1s de disponer de un proceso simple, c\u00f3modo y \u00e1gil de tramitaci\u00f3n de tasas e impuestos.<\/p>\n","protected":false},"excerpt":{"rendered":"<div class=\"mh-excerpt\">La Diputaci\u00f3n de Valencia ha formalizado su colaboraci\u00f3n con las comunidades de regantes Real Acequia Escalona de Villanueva de Castell\u00f3n y Las Casas-Los Corrales de Utiel, por la que asume las funciones tributarias de ambas <a class=\"mh-excerpt-more\" href=\"https:\/\/www.tucomarca.com\/wordpress\/segunda\/las-comunidades-de-regantes-de-utiel-y-villanueva-de-castellon-formalizan-su-colaboracion-con-la-diputacion\/\" title=\"Las comunidades de regantes de Utiel y Villanueva de Castell\u00f3n formalizan su colaboraci\u00f3n con la Diputaci\u00f3n\">[+] <\/a><\/div>\n","protected":false},"author":1,"featured_media":0,"comment_status":"open","ping_status":"open","sticky":false,"template":"","format":"standard","meta":{"footnotes":""},"categories":[169,128,8,42,27,3,29,163],"tags":[],"class_list":{"0":"post-2468","1":"post","2":"type-post","3":"status-publish","4":"format-standard","6":"category-agricultura-la-comarca","7":"category-infraestructuras","8":"category-la-comarca","9":"category-la-ribera","10":"category-requena-utiel","11":"category-seccion","12":"category-utiel","13":"category-villanueva-de-castellon"},"_links":{"self":[{"href":"https:\/\/www.tucomarca.com\/wordpress\/segunda\/wp-json\/wp\/v2\/posts\/2468","targetHints":{"allow":["GET"]}}],"collection":[{"href":"https:\/\/www.tucomarca.com\/wordpress\/segunda\/wp-json\/wp\/v2\/posts"}],"about":[{"href":"https:\/\/www.tucomarca.com\/wordpress\/segunda\/wp-json\/wp\/v2\/types\/post"}],"author":[{"embeddable":true,"href":"https:\/\/www.tucomarca.com\/wordpress\/segunda\/wp-json\/wp\/v2\/users\/1"}],"replies":[{"embeddable":true,"href":"https:\/\/www.tucomarca.com\/wordpress\/segunda\/wp-json\/wp\/v2\/comments?post=2468"}],"version-history":[{"count":0,"href":"https:\/\/www.tucomarca.com\/wordpress\/segunda\/wp-json\/wp\/v2\/posts\/2468\/revisions"}],"wp:attachment":[{"href":"https:\/\/www.tucomarca.com\/wordpress\/segunda\/wp-json\/wp\/v2\/media?parent=2468"}],"wp:term":[{"taxonomy":"category","embeddable":true,"href":"https:\/\/www.tucomarca.com\/wordpress\/segunda\/wp-json\/wp\/v2\/categories?post=2468"},{"taxonomy":"post_tag","embeddable":true,"href":"https:\/\/www.tucomarca.com\/wordpress\/segunda\/wp-json\/wp\/v2\/tags?post=2468"}],"curies":[{"name":"wp","href":"https:\/\/api.w.org\/{rel}","templated":true}]}}