{"id":246856,"date":"2024-12-02T10:00:00","date_gmt":"2024-12-02T08:00:00","guid":{"rendered":"https:\/\/www.tucomarca.com\/wordpress\/segunda\/?p=246856"},"modified":"2024-12-02T19:29:15","modified_gmt":"2024-12-02T17:29:15","slug":"fotogaleria-alborache-celebra-la-festividad-de-santa-cecilia","status":"publish","type":"post","link":"https:\/\/www.tucomarca.com\/wordpress\/segunda\/fotogaleria-alborache-celebra-la-festividad-de-santa-cecilia\/","title":{"rendered":"Fotogaler\u00eda: Alborache celebra la festividad de Santa Cecilia"},"content":{"rendered":"\n<p>La Sociedad Instructiva Musical (SIM) La Primitiva de Alborache ha ofrecido este domingo un concierto cargado de emociones en honor a Santa Cecilia, patrona de los m\u00fasicos. El evento, celebrado en el auditorio de la localidad, comenz\u00f3 con un respetuoso minuto de silencio en homenaje a las v\u00edctimas y familiares del tr\u00e1gico suceso ocurrido en Valencia el pasado 29 de octubre.<\/p>\n\n\n\n<p>En un gesto de solidaridad, la sociedad musical ha habilitado un sistema de donaciones a trav\u00e9s de Bizum (10542) y una fila 0, destinando los fondos recaudados a las sociedades musicales afectadas por la DANA. Tambi\u00e9n han puesto a disposici\u00f3n un n\u00famero de cuenta bancaria (ES45 3159 0078 5630 4840 6023) para quienes deseen contribuir.<\/p>\n\n\n<div class=\"wp-block-image\">\n<figure class=\"alignleft size-large is-resized\"><img loading=\"lazy\" decoding=\"async\" width=\"1024\" height=\"766\" src=\"https:\/\/www.tucomarca.com\/wordpress\/segunda\/wp-content\/uploads\/2024\/12\/SantaCeciliaAlborache02-1024x766.jpg\" alt=\"\" class=\"wp-image-246861\" style=\"width:349px;height:auto\" srcset=\"https:\/\/www.tucomarca.com\/wordpress\/segunda\/wp-content\/uploads\/2024\/12\/SantaCeciliaAlborache02-1024x766.jpg 1024w, https:\/\/www.tucomarca.com\/wordpress\/segunda\/wp-content\/uploads\/2024\/12\/SantaCeciliaAlborache02-300x224.jpg 300w, https:\/\/www.tucomarca.com\/wordpress\/segunda\/wp-content\/uploads\/2024\/12\/SantaCeciliaAlborache02-768x574.jpg 768w, https:\/\/www.tucomarca.com\/wordpress\/segunda\/wp-content\/uploads\/2024\/12\/SantaCeciliaAlborache02-326x245.jpg 326w, https:\/\/www.tucomarca.com\/wordpress\/segunda\/wp-content\/uploads\/2024\/12\/SantaCeciliaAlborache02-80x60.jpg 80w, https:\/\/www.tucomarca.com\/wordpress\/segunda\/wp-content\/uploads\/2024\/12\/SantaCeciliaAlborache02.jpg 1440w\" sizes=\"auto, (max-width: 1024px) 100vw, 1024px\" \/><\/figure>\n<\/div>\n\n\n<p><strong>Homenaje especial durante el descanso<\/strong><br>El concierto, marcado por un ambiente de uni\u00f3n y fraternidad, tuvo su momento m\u00e1s emotivo durante el descanso. Los padrinos de la bandera, Angelita y Jaime, realizaron la imposici\u00f3n de un nuevo bander\u00edn conmemorativo de los 10 a\u00f1os de la sociedad musical. El bander\u00edn, bordado por Angelita, fue recibido con aplausos y entusiasmo por los asistentes.<\/p>\n\n\n\n<p><strong>Un cierre memorable<\/strong><br>El concierto culmin\u00f3 con la interpretaci\u00f3n del himno de Alborache, seguido del himno de Valencia, que fue cantado y aplaudido por todos los presentes. Posteriormente, los m\u00fasicos y asistentes participaron en una comida de confraternidad en Venta Pilar, cerrando as\u00ed un d\u00eda inolvidable para la SIM La Primitiva y la comunidad de Alborache.<\/p>\n\n\n\n<p>Este acto no solo fue un homenaje a la m\u00fasica y a Santa Cecilia, sino tambi\u00e9n un compromiso solidario con las v\u00edctimas de la DANA, demostrando el papel de las sociedades musicales como pilares de apoyo en momentos dif\u00edciles.<\/p>\n\n\n\n<figure class=\"wp-block-image size-large\"><img loading=\"lazy\" decoding=\"async\" width=\"1024\" height=\"767\" src=\"https:\/\/www.tucomarca.com\/wordpress\/segunda\/wp-content\/uploads\/2024\/12\/SantaCeciliaAlborache04-1024x767.jpg\" alt=\"\" class=\"wp-image-246865\" srcset=\"https:\/\/www.tucomarca.com\/wordpress\/segunda\/wp-content\/uploads\/2024\/12\/SantaCeciliaAlborache04-1024x767.jpg 1024w, https:\/\/www.tucomarca.com\/wordpress\/segunda\/wp-content\/uploads\/2024\/12\/SantaCeciliaAlborache04-300x225.jpg 300w, https:\/\/www.tucomarca.com\/wordpress\/segunda\/wp-content\/uploads\/2024\/12\/SantaCeciliaAlborache04-768x575.jpg 768w, https:\/\/www.tucomarca.com\/wordpress\/segunda\/wp-content\/uploads\/2024\/12\/SantaCeciliaAlborache04-678x509.jpg 678w, https:\/\/www.tucomarca.com\/wordpress\/segunda\/wp-content\/uploads\/2024\/12\/SantaCeciliaAlborache04-326x245.jpg 326w, https:\/\/www.tucomarca.com\/wordpress\/segunda\/wp-content\/uploads\/2024\/12\/SantaCeciliaAlborache04-80x60.jpg 80w, https:\/\/www.tucomarca.com\/wordpress\/segunda\/wp-content\/uploads\/2024\/12\/SantaCeciliaAlborache04.jpg 1440w\" sizes=\"auto, (max-width: 1024px) 100vw, 1024px\" \/><\/figure>\n","protected":false},"excerpt":{"rendered":"<div class=\"mh-excerpt\">La Sociedad Instructiva Musical (SIM) La Primitiva de Alborache ha ofrecido este domingo un concierto cargado de emociones en honor a Santa Cecilia, patrona de los m\u00fasicos. El evento, celebrado en el auditorio de la <a class=\"mh-excerpt-more\" href=\"https:\/\/www.tucomarca.com\/wordpress\/segunda\/fotogaleria-alborache-celebra-la-festividad-de-santa-cecilia\/\" title=\"Fotogaler\u00eda: Alborache celebra la festividad de Santa Cecilia\">[+] <\/a><\/div>\n","protected":false},"author":13,"featured_media":246859,"comment_status":"open","ping_status":"open","sticky":false,"template":"","format":"gallery","meta":{"footnotes":""},"categories":[19,66,8,72,10,7,3],"tags":[10386,10401,5952,14562],"class_list":{"0":"post-246856","1":"post","2":"type-post","3":"status-publish","4":"format-gallery","5":"has-post-thumbnail","7":"category-alborache","8":"category-musica","9":"category-la-comarca","10":"category-sin-categorizar","11":"category-la-hoya","12":"category-ocio-y-cultura","13":"category-seccion","14":"tag-alborache","15":"tag-musica","16":"tag-la-hoya-de-bunol-chiva","17":"tag-sim-la-primitiva-de-alborache-2","18":"post_format-post-format-gallery"},"_links":{"self":[{"href":"https:\/\/www.tucomarca.com\/wordpress\/segunda\/wp-json\/wp\/v2\/posts\/246856","targetHints":{"allow":["GET"]}}],"collection":[{"href":"https:\/\/www.tucomarca.com\/wordpress\/segunda\/wp-json\/wp\/v2\/posts"}],"about":[{"href":"https:\/\/www.tucomarca.com\/wordpress\/segunda\/wp-json\/wp\/v2\/types\/post"}],"author":[{"embeddable":true,"href":"https:\/\/www.tucomarca.com\/wordpress\/segunda\/wp-json\/wp\/v2\/users\/13"}],"replies":[{"embeddable":true,"href":"https:\/\/www.tucomarca.com\/wordpress\/segunda\/wp-json\/wp\/v2\/comments?post=246856"}],"version-history":[{"count":0,"href":"https:\/\/www.tucomarca.com\/wordpress\/segunda\/wp-json\/wp\/v2\/posts\/246856\/revisions"}],"wp:featuredmedia":[{"embeddable":true,"href":"https:\/\/www.tucomarca.com\/wordpress\/segunda\/wp-json\/wp\/v2\/media\/246859"}],"wp:attachment":[{"href":"https:\/\/www.tucomarca.com\/wordpress\/segunda\/wp-json\/wp\/v2\/media?parent=246856"}],"wp:term":[{"taxonomy":"category","embeddable":true,"href":"https:\/\/www.tucomarca.com\/wordpress\/segunda\/wp-json\/wp\/v2\/categories?post=246856"},{"taxonomy":"post_tag","embeddable":true,"href":"https:\/\/www.tucomarca.com\/wordpress\/segunda\/wp-json\/wp\/v2\/tags?post=246856"}],"curies":[{"name":"wp","href":"https:\/\/api.w.org\/{rel}","templated":true}]}}