{"id":247098,"date":"2024-12-04T10:00:00","date_gmt":"2024-12-04T08:00:00","guid":{"rendered":"https:\/\/www.tucomarca.com\/wordpress\/segunda\/?p=247098"},"modified":"2024-12-04T21:06:21","modified_gmt":"2024-12-04T19:06:21","slug":"actividades-deportivas-en-cheste-durante-las-vacaciones-de-navidad","status":"publish","type":"post","link":"https:\/\/www.tucomarca.com\/wordpress\/segunda\/actividades-deportivas-en-cheste-durante-las-vacaciones-de-navidad\/","title":{"rendered":"Actividades deportivas en Cheste durante las vacaciones de Navidad"},"content":{"rendered":"\n<p>Desde la Concejal\u00eda de Deportes se ha organizado un programa de actividades deportivas para todos los p\u00fablicos bajo el lema \u201cLa Navidad es Deporte en Cheste\u201d, que se celebrar\u00e1 durante las vacaciones escolares.<\/p>\n\n\n<div class=\"wp-block-image\">\n<figure class=\"alignleft size-full is-resized\"><img loading=\"lazy\" decoding=\"async\" width=\"567\" height=\"908\" src=\"https:\/\/www.tucomarca.com\/wordpress\/segunda\/wp-content\/uploads\/2024\/12\/Actividades-deportivas-Navidad-2024.jpeg\" alt=\"\" class=\"wp-image-247113\" style=\"width:332px;height:auto\" srcset=\"https:\/\/www.tucomarca.com\/wordpress\/segunda\/wp-content\/uploads\/2024\/12\/Actividades-deportivas-Navidad-2024.jpeg 567w, https:\/\/www.tucomarca.com\/wordpress\/segunda\/wp-content\/uploads\/2024\/12\/Actividades-deportivas-Navidad-2024-187x300.jpeg 187w\" sizes=\"auto, (max-width: 567px) 100vw, 567px\" \/><\/figure>\n<\/div>\n\n\n<p><strong>Campus deportivos<\/strong><\/p>\n\n\n\n<p>Para los d\u00edas 23, 24 y 26 de diciembre se oferta un campus de f\u00fatbol, en el campo La Vi\u00f1a; otro de deportes de raqueta, en el polideportivo, y un tercero de baloncesto, en el pabell\u00f3n. Las tres opciones tienen un horario de 10:00 a 14:00 y un precio de 45 euros cada una, incluyendo camiseta, almuerzo, fruta y agua.<\/p>\n\n\n\n<p>Adem\u00e1s, el viernes, 27 de diciembre, se celebrar\u00e1 el Campus Diversidad Multideporte, en el complejo educativo de Cheste, tambi\u00e9n en horario de 9:00 a 14:00, con inscripciones gratuitas, incluyendo el desplazamiento en autob\u00fas desde el pabell\u00f3n deportivo municipal, almuerzo, agua y fruta.&nbsp;<\/p>\n\n\n\n<p><strong>Roc\u00f3dromo<\/strong><\/p>\n\n\n\n<p>Ese mismo viernes, 27 de diciembre, el alumnado de las Escuelas Deportivas Municipales podr\u00e1 disfrutar gratuitamente de una experiencia de escalada en el roc\u00f3dromo de Valencia Natural Climb, de 9:00 a 14:00, con bus incluido desde el pabell\u00f3n deportivo.<\/p>\n\n\n\n<p><strong>Torneos gratuitos<\/strong><\/p>\n\n\n\n<p>El lunes, 23 de diciembre, se celebrar\u00e1 el torneo \u201cPingFoot\u201d, en la carpa de la plaza II Rep\u00fablica, de 17:00 a 21:00. La modalidad deportiva de esta competici\u00f3n es un juego que mezcla el f\u00fatbol con el tenis de mesa y la participaci\u00f3n ser\u00e1 por parejas de mayores de 14 a\u00f1os, con un l\u00edmite de 20 equipos. Paralelamente habr\u00e1 un tardeo con el Dj V\u00edctor G\u00f3mez.<\/p>\n\n\n\n<p>Los d\u00edas 26 y 27 se celebrar\u00e1 el Torneo Scorpion 3&#215;3 f\u00fatbol, tambi\u00e9n de 17:00 a 21.00, en la plaza II Rep\u00fablica, con plazas limitadas a 12 equipos por jornada, destinadas a nacidos desde 2011 a 2018.<\/p>\n\n\n<div class=\"wp-block-image\">\n<figure class=\"alignleft size-full is-resized\"><img loading=\"lazy\" decoding=\"async\" width=\"567\" height=\"847\" src=\"https:\/\/www.tucomarca.com\/wordpress\/segunda\/wp-content\/uploads\/2024\/12\/Inscripcion-actividades-deportivas-de-Navidad-2024.jpeg\" alt=\"\" class=\"wp-image-247115\" style=\"width:353px;height:auto\" srcset=\"https:\/\/www.tucomarca.com\/wordpress\/segunda\/wp-content\/uploads\/2024\/12\/Inscripcion-actividades-deportivas-de-Navidad-2024.jpeg 567w, https:\/\/www.tucomarca.com\/wordpress\/segunda\/wp-content\/uploads\/2024\/12\/Inscripcion-actividades-deportivas-de-Navidad-2024-201x300.jpeg 201w\" sizes=\"auto, (max-width: 567px) 100vw, 567px\" \/><\/figure>\n<\/div>\n\n\n<p><strong>Inscripciones<\/strong><\/p>\n\n\n\n<p>La ficha de inscripci\u00f3n para todas las actividades es \u00fanica y est\u00e1 disponible en papel en el Ayuntamiento y en el pabell\u00f3n municipal, y en formato digital en la web municipal, en el siguiente enlace: https:\/\/lc.cx\/JDmNX4<\/p>\n\n\n\n<p>En el caso de los campus, la ficha se deber\u00e1 de entregar junto con el justificante del pago, previamente realizado en la cuenta ES16 3121 2364 0227 2001 4715, en el pabell\u00f3n deportivo o a trav\u00e9s del correo monitorescheste@gmail.com.&nbsp;<\/p>\n\n\n\n<p>Las inscripciones para las actividades gratuitas de escalada y Campus Diversidad Multideporte se entregar\u00e1n tambi\u00e9n en el pabell\u00f3n o a trav\u00e9s del mismo correo. Por otra parte, las inscripciones para los torneos se entregar\u00e1n en StopGoal, en el campo La Vi\u00f1a, en horario de 17:00 a 19:00.<\/p>\n\n\n\n<p>Adem\u00e1s, se han habilitado dos tel\u00e9fonos de informaci\u00f3n: el 627 420 652, de 09:00 a 13:00, y el 649 881 168, de 17:00 a 21:00.<\/p>\n\n\n\n<p>En las actividades de pago se destinar\u00e1n dos euros de la cuota a la Asociaci\u00f3n Espa\u00f1ola Contra el C\u00e1ncer.<\/p>\n\n\n\n<p><strong>San Silvestre chestana<\/strong><\/p>\n\n\n\n<p>Las actividades culminar\u00e1n el s\u00e1bado, 28 de diciembre, con celebraci\u00f3n de la San Silvestre, que tendr\u00e1 salida a las 17:00 desde la plaza II Rep\u00fablica y un recorrido de 4K. El precio de inscripci\u00f3n es de 3 euros y ya est\u00e1 abierta tanto prensencialmente, en el Ayuntamiento, de 9:00 a 13:30, como en www.megustarcorrer.com, hasta el 24 de diciembre.<\/p>\n","protected":false},"excerpt":{"rendered":"<div class=\"mh-excerpt\">Desde la Concejal\u00eda de Deportes se ha organizado un programa de actividades deportivas para todos los p\u00fablicos bajo el lema \u201cLa Navidad es Deporte en Cheste\u201d, que se celebrar\u00e1 durante las vacaciones escolares. Campus deportivos <a class=\"mh-excerpt-more\" href=\"https:\/\/www.tucomarca.com\/wordpress\/segunda\/actividades-deportivas-en-cheste-durante-las-vacaciones-de-navidad\/\" title=\"Actividades deportivas en Cheste durante las vacaciones de Navidad\">[+] <\/a><\/div>\n","protected":false},"author":12,"featured_media":66126,"comment_status":"open","ping_status":"open","sticky":false,"template":"","format":"standard","meta":{"footnotes":""},"categories":[4,17,6,8,10,199,3],"tags":[339,10379,5952],"class_list":{"0":"post-247098","1":"post","2":"type-post","3":"status-publish","4":"format-standard","5":"has-post-thumbnail","7":"category-agenda","8":"category-cheste","9":"category-deportes","10":"category-la-comarca","11":"category-la-hoya","12":"category-polideportivo","13":"category-seccion","14":"tag-cheste-2","15":"tag-deportes","16":"tag-la-hoya-de-bunol-chiva"},"_links":{"self":[{"href":"https:\/\/www.tucomarca.com\/wordpress\/segunda\/wp-json\/wp\/v2\/posts\/247098","targetHints":{"allow":["GET"]}}],"collection":[{"href":"https:\/\/www.tucomarca.com\/wordpress\/segunda\/wp-json\/wp\/v2\/posts"}],"about":[{"href":"https:\/\/www.tucomarca.com\/wordpress\/segunda\/wp-json\/wp\/v2\/types\/post"}],"author":[{"embeddable":true,"href":"https:\/\/www.tucomarca.com\/wordpress\/segunda\/wp-json\/wp\/v2\/users\/12"}],"replies":[{"embeddable":true,"href":"https:\/\/www.tucomarca.com\/wordpress\/segunda\/wp-json\/wp\/v2\/comments?post=247098"}],"version-history":[{"count":0,"href":"https:\/\/www.tucomarca.com\/wordpress\/segunda\/wp-json\/wp\/v2\/posts\/247098\/revisions"}],"wp:featuredmedia":[{"embeddable":true,"href":"https:\/\/www.tucomarca.com\/wordpress\/segunda\/wp-json\/wp\/v2\/media\/66126"}],"wp:attachment":[{"href":"https:\/\/www.tucomarca.com\/wordpress\/segunda\/wp-json\/wp\/v2\/media?parent=247098"}],"wp:term":[{"taxonomy":"category","embeddable":true,"href":"https:\/\/www.tucomarca.com\/wordpress\/segunda\/wp-json\/wp\/v2\/categories?post=247098"},{"taxonomy":"post_tag","embeddable":true,"href":"https:\/\/www.tucomarca.com\/wordpress\/segunda\/wp-json\/wp\/v2\/tags?post=247098"}],"curies":[{"name":"wp","href":"https:\/\/api.w.org\/{rel}","templated":true}]}}