{"id":247124,"date":"2024-12-04T11:00:00","date_gmt":"2024-12-04T09:00:00","guid":{"rendered":"https:\/\/www.tucomarca.com\/wordpress\/segunda\/?p=247124"},"modified":"2024-12-04T20:51:18","modified_gmt":"2024-12-04T18:51:18","slug":"benaguasil-obtiene-95-000-euros-del-plan-corresponsables","status":"publish","type":"post","link":"https:\/\/www.tucomarca.com\/wordpress\/segunda\/benaguasil-obtiene-95-000-euros-del-plan-corresponsables\/","title":{"rendered":"Benaguasil obtiene 95.000 euros del Plan Corresponsables"},"content":{"rendered":"\n<h3 class=\"wp-block-heading\">La conselleria de Servicios Sociales, Igualdad y Vivienda ha otorgado esta subvenci\u00f3n para la puesta en marcha de actuaciones en materia de conciliaci\u00f3n.<\/h3>\n\n\n\n<p>La conselleria de Servicios Sociales, Igualdad y Vivienda ha concedido al Ayuntamiento de Benaguasil una subvenci\u00f3n de 95.000\u20ac para desarrollar pol\u00edticas de conciliaci\u00f3n en el municipio en el marco del Plan Corresponsables del Ministerio de Igualdad y, facilitar la conciliaci\u00f3n personal y laboral de las familias con ni\u00f1as, ni\u00f1os y j\u00f3venes.<\/p>\n\n\n\n<p>Se trata de una ayuda que permitir\u00e1 impulsar nuevas acciones que contribuyan a la conciliaci\u00f3n y corresponsabilidad de la vida personal, familiar y laboral como son las escuelas de Pascua y Navidad, sesiones de animaci\u00f3n a la lectura, ludoteca, talleres, cuentacuentos y jornadas juveniles e infantiles.&nbsp;<\/p>\n\n\n\n<p>Desde el Consistorio han agradecido esta ayuda auton\u00f3mica en materia de pol\u00edtica social con la que \u201cse refuerza nuestro compromiso con el bienestar de la ciudadan\u00eda, fomentando el equilibrio entre la vida familiar y laboral a trav\u00e9s de actividades l\u00fadicas, culturales y formativas destinadas a menores de hasta 16 a\u00f1os cuyos padres o madres se encuentran trabajando\u201d.<\/p>\n\n\n\n<p><strong>\u201cViu la inf\u00e0ncia\u201d<\/strong><\/p>\n\n\n\n<p>En esta l\u00ednea Benaguasil ha sido beneficiaria tambi\u00e9n de una subvenci\u00f3n por importe de 2.253 euros de la Generalitat Valenciana, dirigida a programas de promoci\u00f3n de los derechos de la infancia y de participaci\u00f3n infantil.<\/p>\n\n\n\n<p>El proyecto subvencionado lleva por t\u00edtulo \u201cViu la inf\u00e0ncia\u201d y tiene como objetivo la promoci\u00f3n y difusi\u00f3n de los derechos de la infancia y el aumento de su reconocimiento y notoriedad a trav\u00e9s de acciones participativas.<\/p>\n","protected":false},"excerpt":{"rendered":"<div class=\"mh-excerpt\">La conselleria de Servicios Sociales, Igualdad y Vivienda ha otorgado esta subvenci\u00f3n para la puesta en marcha de actuaciones en materia de conciliaci\u00f3n. La conselleria de Servicios Sociales, Igualdad y Vivienda ha concedido al Ayuntamiento <a class=\"mh-excerpt-more\" href=\"https:\/\/www.tucomarca.com\/wordpress\/segunda\/benaguasil-obtiene-95-000-euros-del-plan-corresponsables\/\" title=\"Benaguasil obtiene 95.000 euros del Plan Corresponsables\">[+] <\/a><\/div>\n","protected":false},"author":12,"featured_media":247126,"comment_status":"open","ping_status":"open","sticky":false,"template":"","format":"standard","meta":{"footnotes":""},"categories":[172,46,128,8,7,142,3],"tags":[10429,10395,21669],"class_list":{"0":"post-247124","1":"post","2":"type-post","3":"status-publish","4":"format-standard","5":"has-post-thumbnail","7":"category-benaguasil","8":"category-camp-de-turia","9":"category-infraestructuras","10":"category-la-comarca","11":"category-ocio-y-cultura","12":"category-politica-la-comarca","13":"category-seccion","14":"tag-benaguasil","15":"tag-camp-de-turia","16":"tag-plan-corresponsables"},"_links":{"self":[{"href":"https:\/\/www.tucomarca.com\/wordpress\/segunda\/wp-json\/wp\/v2\/posts\/247124","targetHints":{"allow":["GET"]}}],"collection":[{"href":"https:\/\/www.tucomarca.com\/wordpress\/segunda\/wp-json\/wp\/v2\/posts"}],"about":[{"href":"https:\/\/www.tucomarca.com\/wordpress\/segunda\/wp-json\/wp\/v2\/types\/post"}],"author":[{"embeddable":true,"href":"https:\/\/www.tucomarca.com\/wordpress\/segunda\/wp-json\/wp\/v2\/users\/12"}],"replies":[{"embeddable":true,"href":"https:\/\/www.tucomarca.com\/wordpress\/segunda\/wp-json\/wp\/v2\/comments?post=247124"}],"version-history":[{"count":0,"href":"https:\/\/www.tucomarca.com\/wordpress\/segunda\/wp-json\/wp\/v2\/posts\/247124\/revisions"}],"wp:featuredmedia":[{"embeddable":true,"href":"https:\/\/www.tucomarca.com\/wordpress\/segunda\/wp-json\/wp\/v2\/media\/247126"}],"wp:attachment":[{"href":"https:\/\/www.tucomarca.com\/wordpress\/segunda\/wp-json\/wp\/v2\/media?parent=247124"}],"wp:term":[{"taxonomy":"category","embeddable":true,"href":"https:\/\/www.tucomarca.com\/wordpress\/segunda\/wp-json\/wp\/v2\/categories?post=247124"},{"taxonomy":"post_tag","embeddable":true,"href":"https:\/\/www.tucomarca.com\/wordpress\/segunda\/wp-json\/wp\/v2\/tags?post=247124"}],"curies":[{"name":"wp","href":"https:\/\/api.w.org\/{rel}","templated":true}]}}