{"id":247156,"date":"2024-12-04T09:45:00","date_gmt":"2024-12-04T07:45:00","guid":{"rendered":"https:\/\/www.tucomarca.com\/wordpress\/segunda\/?p=247156"},"modified":"2024-12-04T21:45:59","modified_gmt":"2024-12-04T19:45:59","slug":"el-cd-bunol-se-enfrenta-al-cd-onda-en-un-partido-aplazado-clave-en-la-liga-comunitat-norte","status":"publish","type":"post","link":"https:\/\/www.tucomarca.com\/wordpress\/segunda\/el-cd-bunol-se-enfrenta-al-cd-onda-en-un-partido-aplazado-clave-en-la-liga-comunitat-norte\/","title":{"rendered":"El CD Bu\u00f1ol se enfrenta al CD Onda en un partido aplazado clave en la Liga Comunitat Norte"},"content":{"rendered":"\n<p>El CD Bu\u00f1ol se prepara para disputar este jueves un encuentro crucial en la Lliga Comunitat Grupo Norte. El partido, correspondiente a la octava jornada y aplazado en su momento, tendr\u00e1 lugar en el campo municipal de Cuatro Caminos de Macastre a partir de las 20,30 horas.<\/p>\n\n\n\n<p>En esta ocasi\u00f3n, el CD Bu\u00f1ol, que actualmente la segunda posici\u00f3n de la tabla, se enfrentar\u00e1 al CD Onda, actual quinto clasificado de la liga. Este enfrentamiento se presenta como una oportunidad importante para los blancos, que buscar\u00e1n consolidarse en los puestos altos de la tabla frente a un rival directo. El equipo ha estado trabajando intensamente en los entrenamientos para encarar este compromiso con la m\u00e1xima concentraci\u00f3n.<\/p>\n\n\n\n<p>La directiva del club ha hecho un llamamiento a la afici\u00f3n para que acuda al estadio y brinde su apoyo incondicional. Bajo el lema \u00abVen y Suma+\u00bb, el CD Bu\u00f1ol conf\u00eda en que el ambiente en el Municipal cuatro caminos sea un factor clave para motivar al equipo en este importante duelo.<\/p>\n\n\n\n<p>El partido promete emociones fuertes, ya que ambos equipos llegan con la intenci\u00f3n de sumar puntos vitales. Los jugadores del CD Bu\u00f1ol est\u00e1n decididos a dejarlo todo en el campo para conseguir la victoria y seguir demostrando su val\u00eda en esta emocionante temporada de la Lliga Comunitat Grupo Norte.<\/p>\n","protected":false},"excerpt":{"rendered":"<div class=\"mh-excerpt\">El CD Bu\u00f1ol se prepara para disputar este jueves un encuentro crucial en la Lliga Comunitat Grupo Norte. El partido, correspondiente a la octava jornada y aplazado en su momento, tendr\u00e1 lugar en el campo <a class=\"mh-excerpt-more\" href=\"https:\/\/www.tucomarca.com\/wordpress\/segunda\/el-cd-bunol-se-enfrenta-al-cd-onda-en-un-partido-aplazado-clave-en-la-liga-comunitat-norte\/\" title=\"El CD Bu\u00f1ol se enfrenta al CD Onda en un partido aplazado clave en la Liga Comunitat Norte\">[+] <\/a><\/div>\n","protected":false},"author":13,"featured_media":220471,"comment_status":"open","ping_status":"open","sticky":false,"template":"","format":"standard","meta":{"footnotes":""},"categories":[4,18,50,6,8,10,3],"tags":[10385,537,10379,44,5952],"class_list":{"0":"post-247156","1":"post","2":"type-post","3":"status-publish","4":"format-standard","5":"has-post-thumbnail","7":"category-agenda","8":"category-bunol","9":"category-futbol-deportes","10":"category-deportes","11":"category-la-comarca","12":"category-la-hoya","13":"category-seccion","14":"tag-bunol","15":"tag-cd-bunol","16":"tag-deportes","17":"tag-futbol","18":"tag-la-hoya-de-bunol-chiva"},"_links":{"self":[{"href":"https:\/\/www.tucomarca.com\/wordpress\/segunda\/wp-json\/wp\/v2\/posts\/247156","targetHints":{"allow":["GET"]}}],"collection":[{"href":"https:\/\/www.tucomarca.com\/wordpress\/segunda\/wp-json\/wp\/v2\/posts"}],"about":[{"href":"https:\/\/www.tucomarca.com\/wordpress\/segunda\/wp-json\/wp\/v2\/types\/post"}],"author":[{"embeddable":true,"href":"https:\/\/www.tucomarca.com\/wordpress\/segunda\/wp-json\/wp\/v2\/users\/13"}],"replies":[{"embeddable":true,"href":"https:\/\/www.tucomarca.com\/wordpress\/segunda\/wp-json\/wp\/v2\/comments?post=247156"}],"version-history":[{"count":0,"href":"https:\/\/www.tucomarca.com\/wordpress\/segunda\/wp-json\/wp\/v2\/posts\/247156\/revisions"}],"wp:featuredmedia":[{"embeddable":true,"href":"https:\/\/www.tucomarca.com\/wordpress\/segunda\/wp-json\/wp\/v2\/media\/220471"}],"wp:attachment":[{"href":"https:\/\/www.tucomarca.com\/wordpress\/segunda\/wp-json\/wp\/v2\/media?parent=247156"}],"wp:term":[{"taxonomy":"category","embeddable":true,"href":"https:\/\/www.tucomarca.com\/wordpress\/segunda\/wp-json\/wp\/v2\/categories?post=247156"},{"taxonomy":"post_tag","embeddable":true,"href":"https:\/\/www.tucomarca.com\/wordpress\/segunda\/wp-json\/wp\/v2\/tags?post=247156"}],"curies":[{"name":"wp","href":"https:\/\/api.w.org\/{rel}","templated":true}]}}