{"id":247176,"date":"2024-12-04T09:40:00","date_gmt":"2024-12-04T07:40:00","guid":{"rendered":"https:\/\/www.tucomarca.com\/wordpress\/segunda\/?p=247176"},"modified":"2024-12-04T21:43:36","modified_gmt":"2024-12-04T19:43:36","slug":"la-biblioteca-de-bunol-acoge-la-presentacion-del-libro-circuit-ricardo-tormo-25-anos-de-ilusiones-del-periodista-chimo-masmano-perez","status":"publish","type":"post","link":"https:\/\/www.tucomarca.com\/wordpress\/segunda\/la-biblioteca-de-bunol-acoge-la-presentacion-del-libro-circuit-ricardo-tormo-25-anos-de-ilusiones-del-periodista-chimo-masmano-perez\/","title":{"rendered":"La biblioteca de Bu\u00f1ol acoge la presentaci\u00f3n del libro &#8216;Circuit Ricardo Tormo, 25 a\u00f1os de ilusiones&#8217;, del periodista Chimo Masmano P\u00e9rez"},"content":{"rendered":"\n<p>La Sala Raga de la Biblioteca P\u00fablica Municipal de Bu\u00f1ol acoge este jueves, 5 de diciembre, a partir de las 19,00 horas, la presentaci\u00f3n del libro \u00abCircuit Ricardo Tormo, 25 a\u00f1os de ilusiones\u00bb, escrito por el periodista bu\u00f1olense Chimo Masmano P\u00e9rez.<\/p>\n\n\n\n<p>Se trata de una obra que celebra la pasi\u00f3n de su autor por el motociclismo, as\u00ed como por el entorno que lo acoge, Cheste, cuyo circuito ha cumplido 25 a\u00f1os desde su inauguraci\u00f3n.<\/p>\n\n\n\n<p>El acto, que conducir\u00e1 el propio autor, contar\u00e1 con la participaci\u00f3n del director del Circuit Ricardo Tormo de Cheste, Nicol\u00e1s Collado; as\u00ed como del piloto de motociclismo natural de Dos Aguas, H\u00e9ctor Barber\u00e1.<\/p>\n","protected":false},"excerpt":{"rendered":"<div class=\"mh-excerpt\">La Sala Raga de la Biblioteca P\u00fablica Municipal de Bu\u00f1ol acoge este jueves, 5 de diciembre, a partir de las 19,00 horas, la presentaci\u00f3n del libro \u00abCircuit Ricardo Tormo, 25 a\u00f1os de ilusiones\u00bb, escrito por <a class=\"mh-excerpt-more\" href=\"https:\/\/www.tucomarca.com\/wordpress\/segunda\/la-biblioteca-de-bunol-acoge-la-presentacion-del-libro-circuit-ricardo-tormo-25-anos-de-ilusiones-del-periodista-chimo-masmano-perez\/\" title=\"La biblioteca de Bu\u00f1ol acoge la presentaci\u00f3n del libro &#8216;Circuit Ricardo Tormo, 25 a\u00f1os de ilusiones&#8217;, del periodista Chimo Masmano P\u00e9rez\">[+] <\/a><\/div>\n","protected":false},"author":12,"featured_media":247182,"comment_status":"open","ping_status":"open","sticky":false,"template":"","format":"standard","meta":{"footnotes":""},"categories":[4,83,18,6,8,10,91,7,3],"tags":[2053,10385,20144,10474,5952],"class_list":{"0":"post-247176","1":"post","2":"type-post","3":"status-publish","4":"format-standard","5":"has-post-thumbnail","7":"category-agenda","8":"category-automovilismo","9":"category-bunol","10":"category-deportes","11":"category-la-comarca","12":"category-la-hoya","13":"category-motociclismo","14":"category-ocio-y-cultura","15":"category-seccion","16":"tag-biblioteca-municipal","17":"tag-bunol","18":"tag-chimo-masmano-perez","19":"tag-circuit-ricardo-tormo","20":"tag-la-hoya-de-bunol-chiva"},"_links":{"self":[{"href":"https:\/\/www.tucomarca.com\/wordpress\/segunda\/wp-json\/wp\/v2\/posts\/247176","targetHints":{"allow":["GET"]}}],"collection":[{"href":"https:\/\/www.tucomarca.com\/wordpress\/segunda\/wp-json\/wp\/v2\/posts"}],"about":[{"href":"https:\/\/www.tucomarca.com\/wordpress\/segunda\/wp-json\/wp\/v2\/types\/post"}],"author":[{"embeddable":true,"href":"https:\/\/www.tucomarca.com\/wordpress\/segunda\/wp-json\/wp\/v2\/users\/12"}],"replies":[{"embeddable":true,"href":"https:\/\/www.tucomarca.com\/wordpress\/segunda\/wp-json\/wp\/v2\/comments?post=247176"}],"version-history":[{"count":0,"href":"https:\/\/www.tucomarca.com\/wordpress\/segunda\/wp-json\/wp\/v2\/posts\/247176\/revisions"}],"wp:featuredmedia":[{"embeddable":true,"href":"https:\/\/www.tucomarca.com\/wordpress\/segunda\/wp-json\/wp\/v2\/media\/247182"}],"wp:attachment":[{"href":"https:\/\/www.tucomarca.com\/wordpress\/segunda\/wp-json\/wp\/v2\/media?parent=247176"}],"wp:term":[{"taxonomy":"category","embeddable":true,"href":"https:\/\/www.tucomarca.com\/wordpress\/segunda\/wp-json\/wp\/v2\/categories?post=247176"},{"taxonomy":"post_tag","embeddable":true,"href":"https:\/\/www.tucomarca.com\/wordpress\/segunda\/wp-json\/wp\/v2\/tags?post=247176"}],"curies":[{"name":"wp","href":"https:\/\/api.w.org\/{rel}","templated":true}]}}