{"id":247305,"date":"2024-12-07T10:00:00","date_gmt":"2024-12-07T08:00:00","guid":{"rendered":"https:\/\/www.tucomarca.com\/wordpress\/segunda\/?p=247305"},"modified":"2024-12-09T00:37:37","modified_gmt":"2024-12-08T22:37:37","slug":"riba-roja-aprueba-una-felicitacion-a-los-alumnos-de-primaria-y-secundaria-por-los-expedientes-academicos-de-excelencia","status":"publish","type":"post","link":"https:\/\/www.tucomarca.com\/wordpress\/segunda\/riba-roja-aprueba-una-felicitacion-a-los-alumnos-de-primaria-y-secundaria-por-los-expedientes-academicos-de-excelencia\/","title":{"rendered":"Riba-roja aprueba una felicitaci\u00f3n a los alumnos de primaria y secundaria por los expedientes acad\u00e9micos de excelencia\u00a0"},"content":{"rendered":"\n<h3 class=\"wp-block-heading\">El pleno municipal aprueba por unanimidad de todos los partidos pol\u00edticos un reconocimiento p\u00fablico por el esfuerzo y la dedicaci\u00f3n de los alumnos.\u00a0<\/h3>\n\n\n\n<p>El pleno del Ayuntamiento de Riba-roja de T\u00faria ha aprobado una felicitaci\u00f3n p\u00fablica de todos los partidos pol\u00edticos con representaci\u00f3n a los alumnos de educaci\u00f3n primaria y secundaria por los premios extraordinarios al rendimiento acad\u00e9mico del curso 2023-2024. La propuesta del \u00e1rea de Educaci\u00f3n ha contado con el apoyo expl\u00edcito de todos los grupos municipales con representaci\u00f3n municipal: el PSPV, Comprom\u00eds per Riba-roja, el Partido Popular, Esquerra Unida Podem y Vox. &nbsp;<\/p>\n\n\n\n<p>El texto redactado por el Ayuntamiento de Riba-roja de T\u00faria traslada la felicitaci\u00f3n municipal a los alumnos de primaria y secundaria de la localidad con el objetivo de destacar \u201cel esfuerzo y la dedicaci\u00f3n de nuestro alumnado respecto de su formaci\u00f3n acad\u00e9mica\u201d y a\u00f1ade que esta propuesta p\u00fablica supone \u201cun orgullo por su reconocimiento a sus m\u00e9ritos y animarlos a seguir por este camino de aprendizaje continuo, el inter\u00e9s por la cultura y la curiosidad por su conocimiento\u201d.&nbsp;<\/p>\n\n\n\n<p>La felicitaci\u00f3n municipal del pleno de Riba-roja de T\u00faria extiende su reconocimiento y felicitaci\u00f3n p\u00fablica \u201ca todos y todas, as\u00ed como a los equipos docentes y familiares que con su dedicaci\u00f3n y esfuerzo han contribuido a su formaci\u00f3n y al esp\u00edritu de superaci\u00f3n\u201d. La aprobaci\u00f3n del expediente cuenta con el preceptivo informe t\u00e9cnico redactada y elaboraci\u00f3n del \u00e1rea de Educaci\u00f3n.&nbsp;<\/p>\n\n\n\n<p>La propuesta refrendada por el Ayuntamiento de Riba-roja de T\u00faria explicita, en primer lugar, los premiados de Educaci\u00f3n Primaria que han reca\u00eddo en Alba Roig Garc\u00eda, Noa Hens Herv\u00e1s y Roser Ferrer Tur del Colegio CEP Cervantes, adem\u00e1s de Izan Calleja Jurado y Paula Villar Dami\u00e1n del Mas d\u2019Escoto y, por \u00faltimo, han felicitado a Mar\u00eda Montiel Sim\u00f3 Romero, Juan Carlos S\u00e1nchez Gallardo y Mario Gim\u00e9nez Ruiz.&nbsp;<\/p>\n\n\n\n<p>Por su parte, los premios extraordinarios al rendimiento acad\u00e9mico correspondiente al curso acad\u00e9mico 20223-2024 a Maite Aguilar Rosell\u00f3 y Mar\u00eda Faulring Rosel\u00f3 pertenecientes al centro educativo de Asunci\u00f3n de Nuestra Se\u00f1ora y al instituto de educaci\u00f3n secundaria (IES) del Pla de Nadal a Natalia G\u00f3mez Gonz\u00e1lez, Juan Francisco Navarro Lajar\u00edn y Jiahao Xu, de quienes se destaca su dedicaci\u00f3n y esfuerzo acad\u00e9mico que ha llevado a obtener los citados resultados extraordinarios. &nbsp;<\/p>\n\n\n\n<p>El alcalde de Riba-roja de T\u00faria, Robert Raga, ha destacado que la aprobaci\u00f3n del pleno municipal \u201csupone un reconocimiento a los buenos resultados obtenidos por todos los estudiantes de educaci\u00f3n primaria y secundaria que se han hecho merecedores de tan alta distinci\u00f3n en nuestro municipio y, al mismo tiempo, les debe suponer un acicate para que contin\u00faen la misma trayectoria a lo largo de su vida\u201d.<\/p>\n","protected":false},"excerpt":{"rendered":"<div class=\"mh-excerpt\">El pleno municipal aprueba por unanimidad de todos los partidos pol\u00edticos un reconocimiento p\u00fablico por el esfuerzo y la dedicaci\u00f3n de los alumnos.\u00a0 El pleno del Ayuntamiento de Riba-roja de T\u00faria ha aprobado una felicitaci\u00f3n <a class=\"mh-excerpt-more\" href=\"https:\/\/www.tucomarca.com\/wordpress\/segunda\/riba-roja-aprueba-una-felicitacion-a-los-alumnos-de-primaria-y-secundaria-por-los-expedientes-academicos-de-excelencia\/\" title=\"Riba-roja aprueba una felicitaci\u00f3n a los alumnos de primaria y secundaria por los expedientes acad\u00e9micos de excelencia\u00a0\">[+] <\/a><\/div>\n","protected":false},"author":12,"featured_media":247393,"comment_status":"open","ping_status":"open","sticky":false,"template":"","format":"standard","meta":{"footnotes":""},"categories":[46,8,142,182,3],"tags":[10395,15023],"class_list":{"0":"post-247305","1":"post","2":"type-post","3":"status-publish","4":"format-standard","5":"has-post-thumbnail","7":"category-camp-de-turia","8":"category-la-comarca","9":"category-politica-la-comarca","10":"category-riba-roja","11":"category-seccion","12":"tag-camp-de-turia","13":"tag-riba-roja-de-turia"},"_links":{"self":[{"href":"https:\/\/www.tucomarca.com\/wordpress\/segunda\/wp-json\/wp\/v2\/posts\/247305","targetHints":{"allow":["GET"]}}],"collection":[{"href":"https:\/\/www.tucomarca.com\/wordpress\/segunda\/wp-json\/wp\/v2\/posts"}],"about":[{"href":"https:\/\/www.tucomarca.com\/wordpress\/segunda\/wp-json\/wp\/v2\/types\/post"}],"author":[{"embeddable":true,"href":"https:\/\/www.tucomarca.com\/wordpress\/segunda\/wp-json\/wp\/v2\/users\/12"}],"replies":[{"embeddable":true,"href":"https:\/\/www.tucomarca.com\/wordpress\/segunda\/wp-json\/wp\/v2\/comments?post=247305"}],"version-history":[{"count":0,"href":"https:\/\/www.tucomarca.com\/wordpress\/segunda\/wp-json\/wp\/v2\/posts\/247305\/revisions"}],"wp:featuredmedia":[{"embeddable":true,"href":"https:\/\/www.tucomarca.com\/wordpress\/segunda\/wp-json\/wp\/v2\/media\/247393"}],"wp:attachment":[{"href":"https:\/\/www.tucomarca.com\/wordpress\/segunda\/wp-json\/wp\/v2\/media?parent=247305"}],"wp:term":[{"taxonomy":"category","embeddable":true,"href":"https:\/\/www.tucomarca.com\/wordpress\/segunda\/wp-json\/wp\/v2\/categories?post=247305"},{"taxonomy":"post_tag","embeddable":true,"href":"https:\/\/www.tucomarca.com\/wordpress\/segunda\/wp-json\/wp\/v2\/tags?post=247305"}],"curies":[{"name":"wp","href":"https:\/\/api.w.org\/{rel}","templated":true}]}}