{"id":247712,"date":"2024-12-11T12:00:00","date_gmt":"2024-12-11T10:00:00","guid":{"rendered":"https:\/\/www.tucomarca.com\/wordpress\/segunda\/?p=247712"},"modified":"2024-12-11T18:54:04","modified_gmt":"2024-12-11T16:54:04","slug":"fotogaleria-las-comisiones-turisanas-presentan-las-fallas-de-2025","status":"publish","type":"post","link":"https:\/\/www.tucomarca.com\/wordpress\/segunda\/fotogaleria-las-comisiones-turisanas-presentan-las-fallas-de-2025\/","title":{"rendered":"Fotogaler\u00eda: las comisiones turisanas presentan las Fallas de 2025"},"content":{"rendered":"\n<p>Tur\u00eds ha vivido un acto muy fallero a las puertas de Navidad con la presentaci\u00f3n de los bocetos de las fallas que se plantar\u00e1n en Tur\u00eds en 2025. <\/p>\n\n\n\n<p>El Teatro Ideal fue el marco escogido donde tambi\u00e9n cobraron protagonismo los cuadros de honor del pr\u00f3ximo a\u00f1o. Las comisiones de Tur\u00eds cuentan con grandes artistas y lemas que no dejar\u00e1n a nadie indiferente.<\/p>\n\n\n\n<figure class=\"wp-block-gallery has-nested-images columns-2 is-cropped wp-block-gallery-1 is-layout-flex wp-block-gallery-is-layout-flex\">\n<figure class=\"wp-block-image size-large\"><img loading=\"lazy\" decoding=\"async\" width=\"1024\" height=\"683\" data-id=\"247733\" src=\"https:\/\/www.tucomarca.com\/wordpress\/segunda\/wp-content\/uploads\/2024\/12\/TurisBocetos01-1024x683.jpg\" alt=\"\" class=\"wp-image-247733\" srcset=\"https:\/\/www.tucomarca.com\/wordpress\/segunda\/wp-content\/uploads\/2024\/12\/TurisBocetos01-1024x683.jpg 1024w, https:\/\/www.tucomarca.com\/wordpress\/segunda\/wp-content\/uploads\/2024\/12\/TurisBocetos01-300x200.jpg 300w, https:\/\/www.tucomarca.com\/wordpress\/segunda\/wp-content\/uploads\/2024\/12\/TurisBocetos01-768x512.jpg 768w, https:\/\/www.tucomarca.com\/wordpress\/segunda\/wp-content\/uploads\/2024\/12\/TurisBocetos01-1536x1024.jpg 1536w, https:\/\/www.tucomarca.com\/wordpress\/segunda\/wp-content\/uploads\/2024\/12\/TurisBocetos01.jpg 2048w\" sizes=\"auto, (max-width: 1024px) 100vw, 1024px\" \/><\/figure>\n\n\n\n<figure class=\"wp-block-image size-large\"><img loading=\"lazy\" decoding=\"async\" width=\"1024\" height=\"683\" data-id=\"247735\" src=\"https:\/\/www.tucomarca.com\/wordpress\/segunda\/wp-content\/uploads\/2024\/12\/TurisBocetos02-1024x683.jpg\" alt=\"\" class=\"wp-image-247735\" srcset=\"https:\/\/www.tucomarca.com\/wordpress\/segunda\/wp-content\/uploads\/2024\/12\/TurisBocetos02-1024x683.jpg 1024w, https:\/\/www.tucomarca.com\/wordpress\/segunda\/wp-content\/uploads\/2024\/12\/TurisBocetos02-300x200.jpg 300w, https:\/\/www.tucomarca.com\/wordpress\/segunda\/wp-content\/uploads\/2024\/12\/TurisBocetos02-768x512.jpg 768w, https:\/\/www.tucomarca.com\/wordpress\/segunda\/wp-content\/uploads\/2024\/12\/TurisBocetos02-1536x1024.jpg 1536w, https:\/\/www.tucomarca.com\/wordpress\/segunda\/wp-content\/uploads\/2024\/12\/TurisBocetos02-2048x1365.jpg 2048w\" sizes=\"auto, (max-width: 1024px) 100vw, 1024px\" \/><\/figure>\n\n\n\n<figure class=\"wp-block-image size-large\"><img loading=\"lazy\" decoding=\"async\" width=\"1024\" height=\"683\" data-id=\"247737\" src=\"https:\/\/www.tucomarca.com\/wordpress\/segunda\/wp-content\/uploads\/2024\/12\/TurisBocetos03-1024x683.jpg\" alt=\"\" class=\"wp-image-247737\" srcset=\"https:\/\/www.tucomarca.com\/wordpress\/segunda\/wp-content\/uploads\/2024\/12\/TurisBocetos03-1024x683.jpg 1024w, https:\/\/www.tucomarca.com\/wordpress\/segunda\/wp-content\/uploads\/2024\/12\/TurisBocetos03-300x200.jpg 300w, https:\/\/www.tucomarca.com\/wordpress\/segunda\/wp-content\/uploads\/2024\/12\/TurisBocetos03-768x512.jpg 768w, https:\/\/www.tucomarca.com\/wordpress\/segunda\/wp-content\/uploads\/2024\/12\/TurisBocetos03-1536x1024.jpg 1536w, https:\/\/www.tucomarca.com\/wordpress\/segunda\/wp-content\/uploads\/2024\/12\/TurisBocetos03-2048x1365.jpg 2048w\" sizes=\"auto, (max-width: 1024px) 100vw, 1024px\" \/><\/figure>\n\n\n\n<figure class=\"wp-block-image size-large\"><img loading=\"lazy\" decoding=\"async\" width=\"1024\" height=\"683\" data-id=\"247739\" src=\"https:\/\/www.tucomarca.com\/wordpress\/segunda\/wp-content\/uploads\/2024\/12\/TurisBocetos04-1024x683.jpg\" alt=\"\" class=\"wp-image-247739\" srcset=\"https:\/\/www.tucomarca.com\/wordpress\/segunda\/wp-content\/uploads\/2024\/12\/TurisBocetos04-1024x683.jpg 1024w, https:\/\/www.tucomarca.com\/wordpress\/segunda\/wp-content\/uploads\/2024\/12\/TurisBocetos04-300x200.jpg 300w, https:\/\/www.tucomarca.com\/wordpress\/segunda\/wp-content\/uploads\/2024\/12\/TurisBocetos04-768x512.jpg 768w, https:\/\/www.tucomarca.com\/wordpress\/segunda\/wp-content\/uploads\/2024\/12\/TurisBocetos04-1536x1024.jpg 1536w, https:\/\/www.tucomarca.com\/wordpress\/segunda\/wp-content\/uploads\/2024\/12\/TurisBocetos04-2048x1365.jpg 2048w\" sizes=\"auto, (max-width: 1024px) 100vw, 1024px\" \/><\/figure>\n\n\n\n<figure class=\"wp-block-image size-large\"><img loading=\"lazy\" decoding=\"async\" width=\"1024\" height=\"683\" data-id=\"247741\" src=\"https:\/\/www.tucomarca.com\/wordpress\/segunda\/wp-content\/uploads\/2024\/12\/TurisBocetos05-1024x683.jpg\" alt=\"\" class=\"wp-image-247741\" srcset=\"https:\/\/www.tucomarca.com\/wordpress\/segunda\/wp-content\/uploads\/2024\/12\/TurisBocetos05-1024x683.jpg 1024w, https:\/\/www.tucomarca.com\/wordpress\/segunda\/wp-content\/uploads\/2024\/12\/TurisBocetos05-300x200.jpg 300w, https:\/\/www.tucomarca.com\/wordpress\/segunda\/wp-content\/uploads\/2024\/12\/TurisBocetos05-768x512.jpg 768w, https:\/\/www.tucomarca.com\/wordpress\/segunda\/wp-content\/uploads\/2024\/12\/TurisBocetos05-1536x1024.jpg 1536w, https:\/\/www.tucomarca.com\/wordpress\/segunda\/wp-content\/uploads\/2024\/12\/TurisBocetos05-2048x1365.jpg 2048w\" sizes=\"auto, (max-width: 1024px) 100vw, 1024px\" \/><\/figure>\n\n\n\n<figure class=\"wp-block-image size-large\"><img loading=\"lazy\" decoding=\"async\" width=\"1024\" height=\"683\" data-id=\"247743\" src=\"https:\/\/www.tucomarca.com\/wordpress\/segunda\/wp-content\/uploads\/2024\/12\/TurisBocetos06-1024x683.jpg\" alt=\"\" class=\"wp-image-247743\" srcset=\"https:\/\/www.tucomarca.com\/wordpress\/segunda\/wp-content\/uploads\/2024\/12\/TurisBocetos06-1024x683.jpg 1024w, https:\/\/www.tucomarca.com\/wordpress\/segunda\/wp-content\/uploads\/2024\/12\/TurisBocetos06-300x200.jpg 300w, https:\/\/www.tucomarca.com\/wordpress\/segunda\/wp-content\/uploads\/2024\/12\/TurisBocetos06-768x512.jpg 768w, https:\/\/www.tucomarca.com\/wordpress\/segunda\/wp-content\/uploads\/2024\/12\/TurisBocetos06-1536x1024.jpg 1536w, https:\/\/www.tucomarca.com\/wordpress\/segunda\/wp-content\/uploads\/2024\/12\/TurisBocetos06-2048x1365.jpg 2048w\" sizes=\"auto, (max-width: 1024px) 100vw, 1024px\" \/><\/figure>\n<\/figure>\n\n\n\n<p><strong>Junta Local Fallera 2025<\/strong><\/p>\n\n\n\n<p>President Nat:&nbsp;Ismael J. Corell Garc\u00eda<br>Presidenta Executiva:&nbsp;Sonia Sancho Ferrer<br>Vicepresidenta 1a:&nbsp;Consuelo Filiberto i Ib\u00e1\u00f1ez<br>Vicepresident 2n:&nbsp;\u00d3scar Garc\u00eda iTar\u00edn<br>Vicepresident 3r:&nbsp;Encarnita Manj\u00f3n Sanz<br>Vicepresident 4t:&nbsp;Francisco Cardells i Nogueroles<br>Vicepresident 5\u00e9:&nbsp;Jorge Corredor Bautista<br>Secretaria:&nbsp;Amparo Cotol\u00ed Crespo<br>Recompenses:&nbsp;Antonio Rueda i Fuentes<br>Protocol:&nbsp;Jos\u00e9 Manuel Palmero L\u00f3pez<br>Arxiu:&nbsp;M\u00aa Carmen Lladr\u00f3 Cuallado<br>Delegar de foc i flor:&nbsp;Manuel Medrano i Godoy<\/p>\n\n\n\n<p><strong>L&#8217;Antiga Fontanella<\/strong><\/p>\n\n\n\n<figure class=\"wp-block-gallery has-nested-images columns-default is-cropped wp-block-gallery-2 is-layout-flex wp-block-gallery-is-layout-flex\">\n<figure class=\"wp-block-image size-large\"><img loading=\"lazy\" decoding=\"async\" width=\"1024\" height=\"746\" data-id=\"247714\" src=\"https:\/\/www.tucomarca.com\/wordpress\/segunda\/wp-content\/uploads\/2024\/12\/Antiga1-1024x746.jpg\" alt=\"\" class=\"wp-image-247714\" srcset=\"https:\/\/www.tucomarca.com\/wordpress\/segunda\/wp-content\/uploads\/2024\/12\/Antiga1-1024x746.jpg 1024w, https:\/\/www.tucomarca.com\/wordpress\/segunda\/wp-content\/uploads\/2024\/12\/Antiga1-300x218.jpg 300w, https:\/\/www.tucomarca.com\/wordpress\/segunda\/wp-content\/uploads\/2024\/12\/Antiga1-768x559.jpg 768w, https:\/\/www.tucomarca.com\/wordpress\/segunda\/wp-content\/uploads\/2024\/12\/Antiga1-1536x1118.jpg 1536w, https:\/\/www.tucomarca.com\/wordpress\/segunda\/wp-content\/uploads\/2024\/12\/Antiga1.jpg 1600w\" sizes=\"auto, (max-width: 1024px) 100vw, 1024px\" \/><\/figure>\n\n\n\n<figure class=\"wp-block-image size-large\"><img loading=\"lazy\" decoding=\"async\" width=\"724\" height=\"1024\" data-id=\"247716\" src=\"https:\/\/www.tucomarca.com\/wordpress\/segunda\/wp-content\/uploads\/2024\/12\/Antiga2-724x1024.jpg\" alt=\"\" class=\"wp-image-247716\" srcset=\"https:\/\/www.tucomarca.com\/wordpress\/segunda\/wp-content\/uploads\/2024\/12\/Antiga2-724x1024.jpg 724w, https:\/\/www.tucomarca.com\/wordpress\/segunda\/wp-content\/uploads\/2024\/12\/Antiga2-212x300.jpg 212w, https:\/\/www.tucomarca.com\/wordpress\/segunda\/wp-content\/uploads\/2024\/12\/Antiga2-768x1086.jpg 768w, https:\/\/www.tucomarca.com\/wordpress\/segunda\/wp-content\/uploads\/2024\/12\/Antiga2-1086x1536.jpg 1086w, https:\/\/www.tucomarca.com\/wordpress\/segunda\/wp-content\/uploads\/2024\/12\/Antiga2.jpg 1131w\" sizes=\"auto, (max-width: 724px) 100vw, 724px\" \/><\/figure>\n<\/figure>\n\n\n\n<ul class=\"wp-block-list\">\n<li>Artista falla infantil i lema: Fernando Mart\u00ednez Hern\u00e1ndez \/\/ Simsalabim, i la m\u00e0gia est\u00e1 ac\u00ed<\/li>\n\n\n\n<li>Fallera Major inf: Carlotta Musso i Peir\u00f3<\/li>\n\n\n\n<li>President inf: Marc Lozano i Jabaloyas.<\/li>\n\n\n\n<li>Artista falla gran i lema: Fernando Mart\u00ednez Hern\u00e1ndez \/\/ L\u2019esmorzaret faller<\/li>\n\n\n\n<li>Fallera Major: Isabel Casa\u00f1 Soucase<\/li>\n\n\n\n<li>Presidents: Carlos Peir\u00f3 Llorente i Paco Genov\u00e9s Gonz\u00e1lez<\/li>\n<\/ul>\n\n\n\n<p><strong>Els Barris<\/strong><\/p>\n\n\n\n<figure class=\"wp-block-gallery has-nested-images columns-default is-cropped wp-block-gallery-3 is-layout-flex wp-block-gallery-is-layout-flex\">\n<figure class=\"wp-block-image size-large\"><img loading=\"lazy\" decoding=\"async\" width=\"975\" height=\"1024\" data-id=\"247718\" src=\"https:\/\/www.tucomarca.com\/wordpress\/segunda\/wp-content\/uploads\/2024\/12\/Barris1-975x1024.jpg\" alt=\"\" class=\"wp-image-247718\" srcset=\"https:\/\/www.tucomarca.com\/wordpress\/segunda\/wp-content\/uploads\/2024\/12\/Barris1-975x1024.jpg 975w, https:\/\/www.tucomarca.com\/wordpress\/segunda\/wp-content\/uploads\/2024\/12\/Barris1-286x300.jpg 286w, https:\/\/www.tucomarca.com\/wordpress\/segunda\/wp-content\/uploads\/2024\/12\/Barris1-768x807.jpg 768w, https:\/\/www.tucomarca.com\/wordpress\/segunda\/wp-content\/uploads\/2024\/12\/Barris1-1462x1536.jpg 1462w, https:\/\/www.tucomarca.com\/wordpress\/segunda\/wp-content\/uploads\/2024\/12\/Barris1.jpg 1523w\" sizes=\"auto, (max-width: 975px) 100vw, 975px\" \/><\/figure>\n\n\n\n<figure class=\"wp-block-image size-large\"><img loading=\"lazy\" decoding=\"async\" width=\"660\" height=\"1024\" data-id=\"247720\" src=\"https:\/\/www.tucomarca.com\/wordpress\/segunda\/wp-content\/uploads\/2024\/12\/Barris2-660x1024.jpg\" alt=\"\" class=\"wp-image-247720\" srcset=\"https:\/\/www.tucomarca.com\/wordpress\/segunda\/wp-content\/uploads\/2024\/12\/Barris2-660x1024.jpg 660w, https:\/\/www.tucomarca.com\/wordpress\/segunda\/wp-content\/uploads\/2024\/12\/Barris2-193x300.jpg 193w, https:\/\/www.tucomarca.com\/wordpress\/segunda\/wp-content\/uploads\/2024\/12\/Barris2-768x1192.jpg 768w, https:\/\/www.tucomarca.com\/wordpress\/segunda\/wp-content\/uploads\/2024\/12\/Barris2-990x1536.jpg 990w, https:\/\/www.tucomarca.com\/wordpress\/segunda\/wp-content\/uploads\/2024\/12\/Barris2.jpg 1031w\" sizes=\"auto, (max-width: 660px) 100vw, 660px\" \/><\/figure>\n<\/figure>\n\n\n\n<ul class=\"wp-block-list\">\n<li>Artista falla infantil i lema: Santaeulalia fallas y fogueres \/\/ I tu, de qu\u00ed eres?<\/li>\n\n\n\n<li>Fallera Major inf: Sonia Hern\u00e1ndez D\u00edaz<\/li>\n\n\n\n<li>President inf: Pepe Hern\u00e1ndez de Alba Jord\u00e1n<\/li>\n\n\n\n<li>Artista falla gran i lema: Santaeulalia fallas y fogueres \/\/ Plans de boda<\/li>\n\n\n\n<li>Fallera Major: Marta Soriano Pascual<\/li>\n\n\n\n<li>President: Iv\u00e1n Torres i Pic\u00f3<\/li>\n<\/ul>\n\n\n\n<p><strong>Placeta del Marqu\u00e9s<\/strong><\/p>\n\n\n\n<figure class=\"wp-block-gallery has-nested-images columns-default is-cropped wp-block-gallery-4 is-layout-flex wp-block-gallery-is-layout-flex\">\n<figure class=\"wp-block-image size-large\"><img loading=\"lazy\" decoding=\"async\" width=\"768\" height=\"1024\" data-id=\"247724\" src=\"https:\/\/www.tucomarca.com\/wordpress\/segunda\/wp-content\/uploads\/2024\/12\/Marques1-768x1024.jpg\" alt=\"\" class=\"wp-image-247724\" srcset=\"https:\/\/www.tucomarca.com\/wordpress\/segunda\/wp-content\/uploads\/2024\/12\/Marques1-768x1024.jpg 768w, https:\/\/www.tucomarca.com\/wordpress\/segunda\/wp-content\/uploads\/2024\/12\/Marques1-225x300.jpg 225w, https:\/\/www.tucomarca.com\/wordpress\/segunda\/wp-content\/uploads\/2024\/12\/Marques1-1152x1536.jpg 1152w, https:\/\/www.tucomarca.com\/wordpress\/segunda\/wp-content\/uploads\/2024\/12\/Marques1.jpg 1200w\" sizes=\"auto, (max-width: 768px) 100vw, 768px\" \/><\/figure>\n\n\n\n<figure class=\"wp-block-image size-large\"><img loading=\"lazy\" decoding=\"async\" width=\"794\" height=\"1024\" data-id=\"247722\" src=\"https:\/\/www.tucomarca.com\/wordpress\/segunda\/wp-content\/uploads\/2024\/12\/Marques2-794x1024.jpg\" alt=\"\" class=\"wp-image-247722\" srcset=\"https:\/\/www.tucomarca.com\/wordpress\/segunda\/wp-content\/uploads\/2024\/12\/Marques2-794x1024.jpg 794w, https:\/\/www.tucomarca.com\/wordpress\/segunda\/wp-content\/uploads\/2024\/12\/Marques2-232x300.jpg 232w, https:\/\/www.tucomarca.com\/wordpress\/segunda\/wp-content\/uploads\/2024\/12\/Marques2-768x991.jpg 768w, https:\/\/www.tucomarca.com\/wordpress\/segunda\/wp-content\/uploads\/2024\/12\/Marques2-1190x1536.jpg 1190w, https:\/\/www.tucomarca.com\/wordpress\/segunda\/wp-content\/uploads\/2024\/12\/Marques2.jpg 1198w\" sizes=\"auto, (max-width: 794px) 100vw, 794px\" \/><\/figure>\n<\/figure>\n\n\n\n<ul class=\"wp-block-list\">\n<li>Artista falla infantil i lema: Paco Torres \/\/ Teatre faller<\/li>\n\n\n\n<li>Fallera Major inf: Marta Algarra Alarc\u00f3n<\/li>\n\n\n\n<li>President inf: Alejandro Algarra Cerver\u00f3<\/li>\n\n\n\n<li>Artista falla gran i lema: Paco Torres \/\/ Som titelles<\/li>\n\n\n\n<li>Fallera Major: Carmen Ib\u00e1\u00f1ez Pons<\/li>\n\n\n\n<li>President: V\u00edctor Montero Iranzo<\/li>\n<\/ul>\n\n\n\n<p><strong>Avinguda de les Corts Valencianes<\/strong><\/p>\n\n\n\n<figure class=\"wp-block-image size-large is-resized\"><img loading=\"lazy\" decoding=\"async\" width=\"762\" height=\"1024\" src=\"https:\/\/www.tucomarca.com\/wordpress\/segunda\/wp-content\/uploads\/2024\/12\/Corts-762x1024.jpg\" alt=\"\" class=\"wp-image-247726\" style=\"width:347px;height:auto\" srcset=\"https:\/\/www.tucomarca.com\/wordpress\/segunda\/wp-content\/uploads\/2024\/12\/Corts-762x1024.jpg 762w, https:\/\/www.tucomarca.com\/wordpress\/segunda\/wp-content\/uploads\/2024\/12\/Corts-223x300.jpg 223w, https:\/\/www.tucomarca.com\/wordpress\/segunda\/wp-content\/uploads\/2024\/12\/Corts-768x1033.jpg 768w, https:\/\/www.tucomarca.com\/wordpress\/segunda\/wp-content\/uploads\/2024\/12\/Corts-1142x1536.jpg 1142w, https:\/\/www.tucomarca.com\/wordpress\/segunda\/wp-content\/uploads\/2024\/12\/Corts-1523x2048.jpg 1523w, https:\/\/www.tucomarca.com\/wordpress\/segunda\/wp-content\/uploads\/2024\/12\/Corts-scaled.jpg 1904w\" sizes=\"auto, (max-width: 762px) 100vw, 762px\" \/><\/figure>\n\n\n\n<ul class=\"wp-block-list\">\n<li>Artista falla i lema: Emilio Tamarit \/\/ Canvi clim\u00e0tic<\/li>\n\n\n\n<li>President inf: H\u00e9ctor Gonz\u00e1lez Lladr\u00f3<\/li>\n\n\n\n<li>Fallera Major: Gala Cebri\u00e1 Gonz\u00e1lez<\/li>\n\n\n\n<li>Presidents: Jos\u00e9 Segura Lladr\u00f3 i \u00c1ngel Mar\u00edn Ruiz<\/li>\n<\/ul>\n\n\n\n<p><strong>Pla\u00e7a del Mercat<\/strong><\/p>\n\n\n\n<figure class=\"wp-block-gallery has-nested-images columns-default is-cropped wp-block-gallery-5 is-layout-flex wp-block-gallery-is-layout-flex\">\n<figure class=\"wp-block-image size-large\"><img loading=\"lazy\" decoding=\"async\" width=\"724\" height=\"1024\" data-id=\"247729\" src=\"https:\/\/www.tucomarca.com\/wordpress\/segunda\/wp-content\/uploads\/2024\/12\/Mercat1-724x1024.jpg\" alt=\"\" class=\"wp-image-247729\" srcset=\"https:\/\/www.tucomarca.com\/wordpress\/segunda\/wp-content\/uploads\/2024\/12\/Mercat1-724x1024.jpg 724w, https:\/\/www.tucomarca.com\/wordpress\/segunda\/wp-content\/uploads\/2024\/12\/Mercat1-212x300.jpg 212w, https:\/\/www.tucomarca.com\/wordpress\/segunda\/wp-content\/uploads\/2024\/12\/Mercat1-768x1086.jpg 768w, https:\/\/www.tucomarca.com\/wordpress\/segunda\/wp-content\/uploads\/2024\/12\/Mercat1-1086x1536.jpg 1086w, https:\/\/www.tucomarca.com\/wordpress\/segunda\/wp-content\/uploads\/2024\/12\/Mercat1.jpg 1131w\" sizes=\"auto, (max-width: 724px) 100vw, 724px\" \/><\/figure>\n\n\n\n<figure class=\"wp-block-image size-large\"><img loading=\"lazy\" decoding=\"async\" width=\"732\" height=\"1024\" data-id=\"247728\" src=\"https:\/\/www.tucomarca.com\/wordpress\/segunda\/wp-content\/uploads\/2024\/12\/Mercat2-732x1024.jpg\" alt=\"\" class=\"wp-image-247728\" srcset=\"https:\/\/www.tucomarca.com\/wordpress\/segunda\/wp-content\/uploads\/2024\/12\/Mercat2-732x1024.jpg 732w, https:\/\/www.tucomarca.com\/wordpress\/segunda\/wp-content\/uploads\/2024\/12\/Mercat2-214x300.jpg 214w, https:\/\/www.tucomarca.com\/wordpress\/segunda\/wp-content\/uploads\/2024\/12\/Mercat2-768x1074.jpg 768w, https:\/\/www.tucomarca.com\/wordpress\/segunda\/wp-content\/uploads\/2024\/12\/Mercat2.jpg 985w\" sizes=\"auto, (max-width: 732px) 100vw, 732px\" \/><\/figure>\n<\/figure>\n\n\n\n<ul class=\"wp-block-list\">\n<li>Artista falla infantil i lema: Vicente Espeleta. \/\/ Donant la nota<\/li>\n\n\n\n<li>Fallera Major inf: Noa Mart\u00ednez Cuallado<\/li>\n\n\n\n<li>President inf: Dani Obra Sanchez<\/li>\n\n\n\n<li>Artista falla gran i lema: Sergio Musoles \/\/ La mar de falles<\/li>\n\n\n\n<li>Fallera Major: Bego\u00f1a Sancho Lozano<\/li>\n\n\n\n<li>Presidents: Jose Garc\u00eda Guaita i Mois\u00e9s Renovell Cervera<\/li>\n<\/ul>\n","protected":false},"excerpt":{"rendered":"<div class=\"mh-excerpt\">Tur\u00eds ha vivido un acto muy fallero a las puertas de Navidad con la presentaci\u00f3n de los bocetos de las fallas que se plantar\u00e1n en Tur\u00eds en 2025. El Teatro Ideal fue el marco escogido <a class=\"mh-excerpt-more\" href=\"https:\/\/www.tucomarca.com\/wordpress\/segunda\/fotogaleria-las-comisiones-turisanas-presentan-las-fallas-de-2025\/\" title=\"Fotogaler\u00eda: las comisiones turisanas presentan las Fallas de 2025\">[+] <\/a><\/div>\n","protected":false},"author":12,"featured_media":247745,"comment_status":"open","ping_status":"open","sticky":false,"template":"","format":"gallery","meta":{"footnotes":""},"categories":[8,42,7,3,43],"tags":[20848,1407,10394],"class_list":{"0":"post-247712","1":"post","2":"type-post","3":"status-publish","4":"format-gallery","5":"has-post-thumbnail","7":"category-la-comarca","8":"category-la-ribera","9":"category-ocio-y-cultura","10":"category-seccion","11":"category-turis","12":"tag-fallas-2025","13":"tag-ribera-alta","14":"tag-turis","15":"post_format-post-format-gallery"},"_links":{"self":[{"href":"https:\/\/www.tucomarca.com\/wordpress\/segunda\/wp-json\/wp\/v2\/posts\/247712","targetHints":{"allow":["GET"]}}],"collection":[{"href":"https:\/\/www.tucomarca.com\/wordpress\/segunda\/wp-json\/wp\/v2\/posts"}],"about":[{"href":"https:\/\/www.tucomarca.com\/wordpress\/segunda\/wp-json\/wp\/v2\/types\/post"}],"author":[{"embeddable":true,"href":"https:\/\/www.tucomarca.com\/wordpress\/segunda\/wp-json\/wp\/v2\/users\/12"}],"replies":[{"embeddable":true,"href":"https:\/\/www.tucomarca.com\/wordpress\/segunda\/wp-json\/wp\/v2\/comments?post=247712"}],"version-history":[{"count":0,"href":"https:\/\/www.tucomarca.com\/wordpress\/segunda\/wp-json\/wp\/v2\/posts\/247712\/revisions"}],"wp:featuredmedia":[{"embeddable":true,"href":"https:\/\/www.tucomarca.com\/wordpress\/segunda\/wp-json\/wp\/v2\/media\/247745"}],"wp:attachment":[{"href":"https:\/\/www.tucomarca.com\/wordpress\/segunda\/wp-json\/wp\/v2\/media?parent=247712"}],"wp:term":[{"taxonomy":"category","embeddable":true,"href":"https:\/\/www.tucomarca.com\/wordpress\/segunda\/wp-json\/wp\/v2\/categories?post=247712"},{"taxonomy":"post_tag","embeddable":true,"href":"https:\/\/www.tucomarca.com\/wordpress\/segunda\/wp-json\/wp\/v2\/tags?post=247712"}],"curies":[{"name":"wp","href":"https:\/\/api.w.org\/{rel}","templated":true}]}}