{"id":247869,"date":"2024-12-11T13:23:00","date_gmt":"2024-12-11T11:23:00","guid":{"rendered":"https:\/\/www.tucomarca.com\/wordpress\/segunda\/?p=247869"},"modified":"2024-12-11T22:03:56","modified_gmt":"2024-12-11T20:03:56","slug":"abierto-en-cheste-el-periodo-de-solicitud-de-las-ayudas-excepcionales-a-las-personas-damnificadas-por-la-dana-procedentes-de-la-donacion-realizada-por-la-fundacion-amancio-ortega","status":"publish","type":"post","link":"https:\/\/www.tucomarca.com\/wordpress\/segunda\/abierto-en-cheste-el-periodo-de-solicitud-de-las-ayudas-excepcionales-a-las-personas-damnificadas-por-la-dana-procedentes-de-la-donacion-realizada-por-la-fundacion-amancio-ortega\/","title":{"rendered":"Abierto en Cheste el per\u00edodo de solicitud de las ayudas excepcionales a las personas damnificadas por la DANA procedentes de la donaci\u00f3n realizada por la Fundaci\u00f3n Amancio Ortega"},"content":{"rendered":"\n<p>Ayer, martes 10 de diciembre, se public\u00f3 en el Bolet\u00edn Oficial de la Provincia el anuncio del Ayuntamiento de Cheste sobre las Ayudas excepcionales a las personas damnificadas por la DANA, procedentes de la donaci\u00f3n realizada por la Fundaci\u00f3n Amancio Ortega; y desde hoy, mi\u00e9rcoles 11 de diciembre, ya se pueden solicitar.<\/p>\n\n\n\n<p>Tal y como se anunci\u00f3 en la \u00faltima sesi\u00f3n plenaria, cuando se aprobaron las bases de la convocatoria, las cuant\u00edas de las ayudas directas que se conceder\u00e1n ser\u00e1n de 3.000, 6.000 y 10.000 euros por persona solicitante, en funci\u00f3n de la gravedad de los da\u00f1os sufridos.&nbsp;<\/p>\n\n\n\n<p>Las bases abarcan los da\u00f1os directos en la vivienda habitual, o en la vivienda arrendada, si esta es el domicilio habitual del arrendatario; en inmuebles r\u00fasticos en producci\u00f3n, incluido el autoconsumo, o en inmuebles afectos a una actividad profesional o econ\u00f3mica que haya tenido que paralizarse a causa de la DANA. Tambi\u00e9n se contemplan los da\u00f1os en enseres o electrodom\u00e9sticos de las viviendas afectadas; en los veh\u00edculos necesarios para el trabajo, aunque el da\u00f1o se haya producido fuera del municipio; o el haber perdido la principal fuente de ingresos, en todos los casos como consecuencia de la cat\u00e1strofe.<\/p>\n\n\n\n<p>El plazo de solicitud establecido en la convocatoria es de un mes desde la publicaci\u00f3n en el BOP, concretamente hasta el 13 de enero de 2025.<\/p>\n\n\n\n<p><strong>Tramitaci\u00f3n<\/strong><\/p>\n\n\n\n<p>La ayuda ya se puede tramitar presencialmente en la Oficina de personas afectadas por la DANA de Cheste, situada en la C\/ P\u00e9rez Gald\u00f3s, en horario de 9:00 a 14:00. Tambi\u00e9n se puede presentar la solicitud online a trav\u00e9s del registro de entrada de la sede electr\u00f3nica del Ayuntamiento. El formulario de solicitud y las bases de las ayudas est\u00e1n disponibles en la sede electr\u00f3nica y en la web municipal, en el siguiente enlace: https:\/\/lc.cx\/Q7_GXm<\/p>\n\n\n\n<p>Adem\u00e1s, se ofrece asesoramiento telef\u00f3nico en este n\u00famero, 960 460 153, en horario de 8:00 a 17:30.<\/p>\n\n\n\n<p><strong>Sobre las donaciones de la Fundaci\u00f3n Amancio Ortega<\/strong><\/p>\n\n\n\n<p>El Ayuntamiento recibi\u00f3 una carta de la Fundaci\u00f3n Amancio Ortega Gaona el pasado 11 de noviembre, en la que se indicaba que se repartir\u00edan 100 millones de euros entre las poblaciones afectadas por la DANA, de los que a Cheste le correspond\u00edan 2,6 millones. En esa carta se establec\u00edan unos par\u00e1metros que el Ayuntamiento deb\u00eda cumplir para recibir la donaci\u00f3n; en primer lugar, que las ayudas se destinasen a personas f\u00edsicas y, por otra parte, que el m\u00e1ximo importe por beneficiario fuera de 10.000 euros. Adem\u00e1s, la donaci\u00f3n contemplaba 50.000 euros para la gesti\u00f3n de las ayudas, con los que el Ayuntamiento ha encargado la elaboraci\u00f3n de la bases y dicha gesti\u00f3n a la empresa CGI, para que pudieran solicitarse lo antes posible.<\/p>\n\n\n\n<p>La elaboraci\u00f3n de las bases se ha hecho con el objetivo de que las ayudas puedan llegar al m\u00e1ximo n\u00famero de personas posible, lleg\u00e1ndose a repartir todo el importe. En este sentido, debido al alto n\u00famero de profesionales del sector agrario afectados en la poblaci\u00f3n, las bases de la convocatoria han incluido los da\u00f1os en terreno agr\u00edcola.<\/p>\n","protected":false},"excerpt":{"rendered":"<div class=\"mh-excerpt\">Ayer, martes 10 de diciembre, se public\u00f3 en el Bolet\u00edn Oficial de la Provincia el anuncio del Ayuntamiento de Cheste sobre las Ayudas excepcionales a las personas damnificadas por la DANA, procedentes de la donaci\u00f3n <a class=\"mh-excerpt-more\" href=\"https:\/\/www.tucomarca.com\/wordpress\/segunda\/abierto-en-cheste-el-periodo-de-solicitud-de-las-ayudas-excepcionales-a-las-personas-damnificadas-por-la-dana-procedentes-de-la-donacion-realizada-por-la-fundacion-amancio-ortega\/\" title=\"Abierto en Cheste el per\u00edodo de solicitud de las ayudas excepcionales a las personas damnificadas por la DANA procedentes de la donaci\u00f3n realizada por la Fundaci\u00f3n Amancio Ortega\">[+] <\/a><\/div>\n","protected":false},"author":12,"featured_media":243305,"comment_status":"open","ping_status":"open","sticky":false,"template":"","format":"standard","meta":{"footnotes":""},"categories":[17,21465,128,8,72,10,117,142,3,116,45],"tags":[339,12831,10412,2142,5952],"class_list":{"0":"post-247869","1":"post","2":"type-post","3":"status-publish","4":"format-standard","5":"has-post-thumbnail","7":"category-cheste","8":"category-dana","9":"category-infraestructuras","10":"category-la-comarca","11":"category-sin-categorizar","12":"category-la-hoya","13":"category-medio-ambiente-la-comarca","14":"category-politica-la-comarca","15":"category-seccion","16":"category-sucesos-la-comarca","17":"category-ventana","18":"tag-cheste-2","19":"tag-dana-2","20":"tag-infraestructuras","21":"tag-la-comunitat","22":"tag-la-hoya-de-bunol-chiva"},"_links":{"self":[{"href":"https:\/\/www.tucomarca.com\/wordpress\/segunda\/wp-json\/wp\/v2\/posts\/247869","targetHints":{"allow":["GET"]}}],"collection":[{"href":"https:\/\/www.tucomarca.com\/wordpress\/segunda\/wp-json\/wp\/v2\/posts"}],"about":[{"href":"https:\/\/www.tucomarca.com\/wordpress\/segunda\/wp-json\/wp\/v2\/types\/post"}],"author":[{"embeddable":true,"href":"https:\/\/www.tucomarca.com\/wordpress\/segunda\/wp-json\/wp\/v2\/users\/12"}],"replies":[{"embeddable":true,"href":"https:\/\/www.tucomarca.com\/wordpress\/segunda\/wp-json\/wp\/v2\/comments?post=247869"}],"version-history":[{"count":0,"href":"https:\/\/www.tucomarca.com\/wordpress\/segunda\/wp-json\/wp\/v2\/posts\/247869\/revisions"}],"wp:featuredmedia":[{"embeddable":true,"href":"https:\/\/www.tucomarca.com\/wordpress\/segunda\/wp-json\/wp\/v2\/media\/243305"}],"wp:attachment":[{"href":"https:\/\/www.tucomarca.com\/wordpress\/segunda\/wp-json\/wp\/v2\/media?parent=247869"}],"wp:term":[{"taxonomy":"category","embeddable":true,"href":"https:\/\/www.tucomarca.com\/wordpress\/segunda\/wp-json\/wp\/v2\/categories?post=247869"},{"taxonomy":"post_tag","embeddable":true,"href":"https:\/\/www.tucomarca.com\/wordpress\/segunda\/wp-json\/wp\/v2\/tags?post=247869"}],"curies":[{"name":"wp","href":"https:\/\/api.w.org\/{rel}","templated":true}]}}