{"id":2479,"date":"2012-05-25T19:34:50","date_gmt":"2012-05-25T17:34:50","guid":{"rendered":"http:\/\/www.tucomarca.com\/wordpress\/segunda\/?p=2479"},"modified":"2012-05-25T19:35:29","modified_gmt":"2012-05-25T17:35:29","slug":"video-noticia-de-la-proxima-feria-de-la-miel-de-montroy","status":"publish","type":"post","link":"https:\/\/www.tucomarca.com\/wordpress\/segunda\/video-noticia-de-la-proxima-feria-de-la-miel-de-montroy\/","title":{"rendered":"V\u00eddeo noticia de la pr\u00f3xima Feria de la Miel de Montroy"},"content":{"rendered":"<p>El diputado de Turismo, Ernesto Sanju\u00e1n, y el alcalde de Montroy, Jos\u00e9  Antonio Polo, han suscrito un acuerdo para la potenciaci\u00f3n de la Feria  de la Miel de la localidad, prevista para el pr\u00f3ximo mes de noviembre.<\/p>\n","protected":false},"excerpt":{"rendered":"<div class=\"mh-excerpt\">El diputado de Turismo, Ernesto Sanju\u00e1n, y el alcalde de Montroy, Jos\u00e9 Antonio Polo, han suscrito un acuerdo para la potenciaci\u00f3n de la Feria de la Miel de la localidad, prevista para el pr\u00f3ximo mes <a class=\"mh-excerpt-more\" href=\"https:\/\/www.tucomarca.com\/wordpress\/segunda\/video-noticia-de-la-proxima-feria-de-la-miel-de-montroy\/\" title=\"V\u00eddeo noticia de la pr\u00f3xima Feria de la Miel de Montroy\">[+] <\/a><\/div>\n","protected":false},"author":1,"featured_media":0,"comment_status":"open","ping_status":"open","sticky":false,"template":"","format":"standard","meta":{"footnotes":""},"categories":[42,160,26],"tags":[],"class_list":{"0":"post-2479","1":"post","2":"type-post","3":"status-publish","4":"format-standard","6":"category-la-ribera","7":"category-montroi","8":"category-video"},"_links":{"self":[{"href":"https:\/\/www.tucomarca.com\/wordpress\/segunda\/wp-json\/wp\/v2\/posts\/2479","targetHints":{"allow":["GET"]}}],"collection":[{"href":"https:\/\/www.tucomarca.com\/wordpress\/segunda\/wp-json\/wp\/v2\/posts"}],"about":[{"href":"https:\/\/www.tucomarca.com\/wordpress\/segunda\/wp-json\/wp\/v2\/types\/post"}],"author":[{"embeddable":true,"href":"https:\/\/www.tucomarca.com\/wordpress\/segunda\/wp-json\/wp\/v2\/users\/1"}],"replies":[{"embeddable":true,"href":"https:\/\/www.tucomarca.com\/wordpress\/segunda\/wp-json\/wp\/v2\/comments?post=2479"}],"version-history":[{"count":0,"href":"https:\/\/www.tucomarca.com\/wordpress\/segunda\/wp-json\/wp\/v2\/posts\/2479\/revisions"}],"wp:attachment":[{"href":"https:\/\/www.tucomarca.com\/wordpress\/segunda\/wp-json\/wp\/v2\/media?parent=2479"}],"wp:term":[{"taxonomy":"category","embeddable":true,"href":"https:\/\/www.tucomarca.com\/wordpress\/segunda\/wp-json\/wp\/v2\/categories?post=2479"},{"taxonomy":"post_tag","embeddable":true,"href":"https:\/\/www.tucomarca.com\/wordpress\/segunda\/wp-json\/wp\/v2\/tags?post=2479"}],"curies":[{"name":"wp","href":"https:\/\/api.w.org\/{rel}","templated":true}]}}