{"id":248285,"date":"2024-12-18T13:00:00","date_gmt":"2024-12-18T11:00:00","guid":{"rendered":"https:\/\/www.tucomarca.com\/wordpress\/segunda\/?p=248285"},"modified":"2024-12-18T23:25:19","modified_gmt":"2024-12-18T21:25:19","slug":"benaguasil-celebra-este-fin-de-semana-el-mercado-de-navidad","status":"publish","type":"post","link":"https:\/\/www.tucomarca.com\/wordpress\/segunda\/benaguasil-celebra-este-fin-de-semana-el-mercado-de-navidad\/","title":{"rendered":"Benaguasil celebra este fin de semana el mercado de Navidad"},"content":{"rendered":"\n<h3 class=\"wp-block-heading\">Los d\u00edas 21 y 22 de diciembre el casco hist\u00f3rico de Benaguasil acoger\u00e1 un animado mercado navide\u00f1o.<\/h3>\n\n\n\n<h3 class=\"wp-block-heading\">Los vecinos y visitantes podr\u00e1n disfrutar de una amplia variedad de puestos de alimentaci\u00f3n, artesan\u00eda y animaci\u00f3n infantil, entre otros.&nbsp;<\/h3>\n\n\n<div class=\"wp-block-image\">\n<figure class=\"alignleft size-large is-resized\"><img loading=\"lazy\" decoding=\"async\" width=\"819\" height=\"1024\" src=\"https:\/\/www.tucomarca.com\/wordpress\/segunda\/wp-content\/uploads\/2024\/12\/BenaguasilMercadoNavidad-819x1024.jpg\" alt=\"\" class=\"wp-image-248301\" style=\"width:261px;height:auto\" srcset=\"https:\/\/www.tucomarca.com\/wordpress\/segunda\/wp-content\/uploads\/2024\/12\/BenaguasilMercadoNavidad-819x1024.jpg 819w, https:\/\/www.tucomarca.com\/wordpress\/segunda\/wp-content\/uploads\/2024\/12\/BenaguasilMercadoNavidad-240x300.jpg 240w, https:\/\/www.tucomarca.com\/wordpress\/segunda\/wp-content\/uploads\/2024\/12\/BenaguasilMercadoNavidad-768x960.jpg 768w, https:\/\/www.tucomarca.com\/wordpress\/segunda\/wp-content\/uploads\/2024\/12\/BenaguasilMercadoNavidad.jpg 886w\" sizes=\"auto, (max-width: 819px) 100vw, 819px\" \/><\/figure>\n<\/div>\n\n\n<p>La Plaza Mayor de Benaguasil acoger\u00e1 este fin de semana su tradicional Mercado de Navidad con varios puestos en los que se ofrecer\u00e1n diferentes productos para que la ciudadan\u00eda pueda realizar las compras de estas fiestas.<\/p>\n\n\n\n<p>La apertura tendr\u00e1 lugar el s\u00e1bado a las 11h. Adem\u00e1s de puestos de artesan\u00eda, bisuter\u00eda, productos de alimentaci\u00f3n, etc, el mercado contar\u00e1 con actividades, juegos y talleres infantiles de tem\u00e1tica navide\u00f1a, cuentos, espect\u00e1culos de circo y animaci\u00f3n para todas las edades, adem\u00e1s de propuestas gastron\u00f3micas.&nbsp; Tambi\u00e9n el mercado contar\u00e1 con la presencia de agrupaciones locales y emprendedores.<\/p>\n\n\n\n<p>Al mercado se suma la llegada de los carteros reales que durante los dos d\u00edas estar\u00e1n recogiendo las cartas de los m\u00e1s peque\u00f1os con sus deseos.<\/p>\n\n\n\n<p>La concejal del \u00e1rea, Ana Aleixandre, ha invitado a la poblaci\u00f3n a\u201d salir a la calle y disfrutar de este mercado navide\u00f1o y de los puestos artesanales, m\u00fasicos, bailarines, zona de juegos infantiles y carrusel que ofrecer\u00e1 este mercado que un a\u00f1o m\u00e1s ponemos en marcha dentro de la programaci\u00f3n navide\u00f1a que ha preparado el Ayuntamiento para estos d\u00edas\u201d.<\/p>\n\n\n\n<p><strong>Feria de Modelismo, Antig\u00fcedades y Coleccionismo<\/strong><\/p>\n\n\n\n<p>Junto al mercado navide\u00f1o otra de las actividades previstas para el s\u00e1bado 21 de diciembre es la Feria de Modelismo, Antig\u00fcedades, artesan\u00eda, juguetes y coleccionismo que se celebrar\u00e1 en la Avenida de Montiel en horario de 10h a 20h.<\/p>\n","protected":false},"excerpt":{"rendered":"<div class=\"mh-excerpt\">Los d\u00edas 21 y 22 de diciembre el casco hist\u00f3rico de Benaguasil acoger\u00e1 un animado mercado navide\u00f1o. Los vecinos y visitantes podr\u00e1n disfrutar de una amplia variedad de puestos de alimentaci\u00f3n, artesan\u00eda y animaci\u00f3n infantil, <a class=\"mh-excerpt-more\" href=\"https:\/\/www.tucomarca.com\/wordpress\/segunda\/benaguasil-celebra-este-fin-de-semana-el-mercado-de-navidad\/\" title=\"Benaguasil celebra este fin de semana el mercado de Navidad\">[+] <\/a><\/div>\n","protected":false},"author":12,"featured_media":248301,"comment_status":"open","ping_status":"open","sticky":false,"template":"","format":"standard","meta":{"footnotes":""},"categories":[4,172,46,8,7,3],"tags":[10429,10395,18497],"class_list":{"0":"post-248285","1":"post","2":"type-post","3":"status-publish","4":"format-standard","5":"has-post-thumbnail","7":"category-agenda","8":"category-benaguasil","9":"category-camp-de-turia","10":"category-la-comarca","11":"category-ocio-y-cultura","12":"category-seccion","13":"tag-benaguasil","14":"tag-camp-de-turia","15":"tag-mercado-de-navidad"},"_links":{"self":[{"href":"https:\/\/www.tucomarca.com\/wordpress\/segunda\/wp-json\/wp\/v2\/posts\/248285","targetHints":{"allow":["GET"]}}],"collection":[{"href":"https:\/\/www.tucomarca.com\/wordpress\/segunda\/wp-json\/wp\/v2\/posts"}],"about":[{"href":"https:\/\/www.tucomarca.com\/wordpress\/segunda\/wp-json\/wp\/v2\/types\/post"}],"author":[{"embeddable":true,"href":"https:\/\/www.tucomarca.com\/wordpress\/segunda\/wp-json\/wp\/v2\/users\/12"}],"replies":[{"embeddable":true,"href":"https:\/\/www.tucomarca.com\/wordpress\/segunda\/wp-json\/wp\/v2\/comments?post=248285"}],"version-history":[{"count":0,"href":"https:\/\/www.tucomarca.com\/wordpress\/segunda\/wp-json\/wp\/v2\/posts\/248285\/revisions"}],"wp:featuredmedia":[{"embeddable":true,"href":"https:\/\/www.tucomarca.com\/wordpress\/segunda\/wp-json\/wp\/v2\/media\/248301"}],"wp:attachment":[{"href":"https:\/\/www.tucomarca.com\/wordpress\/segunda\/wp-json\/wp\/v2\/media?parent=248285"}],"wp:term":[{"taxonomy":"category","embeddable":true,"href":"https:\/\/www.tucomarca.com\/wordpress\/segunda\/wp-json\/wp\/v2\/categories?post=248285"},{"taxonomy":"post_tag","embeddable":true,"href":"https:\/\/www.tucomarca.com\/wordpress\/segunda\/wp-json\/wp\/v2\/tags?post=248285"}],"curies":[{"name":"wp","href":"https:\/\/api.w.org\/{rel}","templated":true}]}}