{"id":248312,"date":"2024-12-18T09:30:00","date_gmt":"2024-12-18T07:30:00","guid":{"rendered":"https:\/\/www.tucomarca.com\/wordpress\/segunda\/?p=248312"},"modified":"2024-12-18T23:04:12","modified_gmt":"2024-12-18T21:04:12","slug":"la-unio-exige-coordinacion-entre-el-gobierno-de-espana-y-la-generalitat-para-ampliar-el-listado-de-municipios-afectados-por-la-dana","status":"publish","type":"post","link":"https:\/\/www.tucomarca.com\/wordpress\/segunda\/la-unio-exige-coordinacion-entre-el-gobierno-de-espana-y-la-generalitat-para-ampliar-el-listado-de-municipios-afectados-por-la-dana\/","title":{"rendered":"La Uni\u00f3 exige coordinaci\u00f3n entre el Gobierno de Espa\u00f1a y la Generalitat para ampliar el listado de municipios afectados por la DANA"},"content":{"rendered":"\n<h3 class=\"wp-block-heading\">Toda la provincia de Castell\u00f3n y algunas localidades de la de Valencia siguen fuera del acceso a las ayudas pese a las reiteradas demandas de la organizaci\u00f3n agraria.<\/h3>\n\n\n\n<p>Cincuenta d\u00edas despu\u00e9s de las lluvias torrenciales que azotaron la Comunitat Valenciana entre el 28 de octubre y el 4 de noviembre, y las precipitaciones adicionales del 7 de noviembre, los agricultores afectados siguen esperando soluciones efectivas. La Uni\u00f3 Llauradora i Ramadera denuncia que las dos administraciones competentes, el Gobierno de Espa\u00f1a y la Generalitat Valenciana, no han sido capaces de coordinarse ni de acordar el listado de municipios beneficiarios de las ayudas. Esta falta de entendimiento est\u00e1 dejando a miles de agricultores y ganaderos sin los recursos necesarios para reconstruir sus medios de vida.<\/p>\n\n\n\n<p>Seg\u00fan un an\u00e1lisis elaborado por La Uni\u00f3, existen al menos diez municipios que han sido reconocidos como afectados por la Generalitat, aunque no por el Gobierno de Espa\u00f1a, lo que genera una situaci\u00f3n ca\u00f3tica en la concesi\u00f3n de ayudas. Esta falta de uniformidad implica que, en algunos casos, las localidades puedan recibir ayudas para medidas auton\u00f3micas, pero no para las estatales.<\/p>\n\n\n\n<p>El Real Decreto-ley 6\/2024 del Gobierno de Espa\u00f1a reconoci\u00f3 a 75 municipios como beneficiarios de las ayudas por la DANA, mientras que el Decreto 164\/2024 de la Generalitat a\u00f1adi\u00f3 posteriormente diez localidades m\u00e1s. Sin embargo, esta ampliaci\u00f3n no ha sido contemplada por el Gobierno central, dejando fuera a municipios afectados como Carcaixent, Castell\u00f3, Chulilla, l&#8217;\u00c8nova, La Pobla Llarga, Millares, Manuel, Rafelguaraf, Senyera y Tous.<\/p>\n\n\n\n<p>La situaci\u00f3n por tanto es especialmente confusa en estas diez localidades que incluy\u00f3 la Generalitat y no el Gobierno. Estos municipios est\u00e1n incluidos en el listado auton\u00f3mico, lo que le da acceso a ayudas para la p\u00e9rdida de bienes esenciales (Decret 163\/2024), pero no figuran en el listado estatal, lo que les impide acceder a ayudas destinadas a aut\u00f3nomos afectados por la DANA (Decret 175\/2024).<\/p>\n\n\n\n<p>Las tormentas de finales de octubre y principios de noviembre han causado p\u00e9rdidas que superan los 1.000 millones de euros, de los cuales 500 millones corresponden a infraestructuras da\u00f1adas. Las inundaciones no solo destruyeron cosechas, sino que tambi\u00e9n arrasaron arbolado, sistemas de riego y v\u00edas de acceso esenciales para la actividad agr\u00edcola y ganadera. Adem\u00e1s, los da\u00f1os incluyen la p\u00e9rdida de maquinaria clave como tractores, cisternas y equipos fitosanitarios, entre otros. Si no se ampl\u00eda el \u00e1mbito de aplicaci\u00f3n de las ayudas, los agricultores de las localidades excluidas quedar\u00e1n completamente desamparados.<\/p>\n\n\n\n<p>Por otra parte, numerosas localidades de la provincia de Castell\u00f3 han quedado fuera del listado oficial, a pesar de haber sufrido tambi\u00e9n el impacto de las lluvias del 7 de noviembre. Estas localidades presentan da\u00f1os significativos en cultivos, infraestructuras y actividades agrarias, pero ni el Gobierno ni la Generalitat han dado una respuesta concreta a las solicitudes de inclusi\u00f3n presentadas por La Uni\u00f3.<\/p>\n\n\n\n<p>La Uni\u00f3 ha venido solicitando reiteradamente la inclusi\u00f3n de municipios que han registrado graves da\u00f1os, pero siguen fuera del \u00e1mbito de las ayudas oficiales. La \u00faltima petici\u00f3n, realizada este pasado 14 de diciembre, inclu\u00eda localidades como Benag\u00e9ber, Chelva, Titaguas, Tu\u00e9jar, Venta del Moro y Villargordo del Cabriel. Estas poblaciones se suman a solicitudes previas que abarcan otras zonas con graves perjuicios en infraestructuras agrarias, cosechas y v\u00edas de acceso esenciales para la actividad agr\u00edcola. Sin embargo, tanto el Gobierno de Espa\u00f1a como la Generalitat Valenciana han ignorado hasta ahora estas demandas.<\/p>\n\n\n\n<p>Carles Peris, secretario general de La Uni\u00f3, ha se\u00f1alado que \u201ces urgente modificar la normativa para garantizar que las ayudas lleguen a todos los agricultores y ganaderos afectados. Si las administraciones no coordinan sus criterios, habr\u00e1 personas que se quedar\u00e1n sin poder reconstruir su actividad agraria. Esta ampliaci\u00f3n es fundamental para evitar desigualdades y reactivar el sector\u201d.<\/p>\n\n\n\n<p>La Uni\u00f3 insta por tanto al Gobierno de Espa\u00f1a y a la Generalitat a dejar a un lado sus diferencias, actuar con responsabilidad e incluir todos los municipios afectados en las normativas de ayudas, especialmente aquellos que quedaron fuera tras las lluvias del 7 de noviembre y que han registrado da\u00f1os significativos. \u201cSolo con una respuesta coordinada y eficaz ser\u00e1 posible aliviar el impacto devastador que ha tenido esta cat\u00e1strofe sobre el sector agrario valenciano\u201d, indica Carles Peris.<\/p>\n\n\n\n<figure class=\"wp-block-image size-large\"><img loading=\"lazy\" decoding=\"async\" width=\"1024\" height=\"682\" src=\"https:\/\/www.tucomarca.com\/wordpress\/segunda\/wp-content\/uploads\/2024\/12\/General-2-1024x682.jpg\" alt=\"\" class=\"wp-image-248336\" srcset=\"https:\/\/www.tucomarca.com\/wordpress\/segunda\/wp-content\/uploads\/2024\/12\/General-2-1024x682.jpg 1024w, https:\/\/www.tucomarca.com\/wordpress\/segunda\/wp-content\/uploads\/2024\/12\/General-2-300x200.jpg 300w, https:\/\/www.tucomarca.com\/wordpress\/segunda\/wp-content\/uploads\/2024\/12\/General-2-768x512.jpg 768w, https:\/\/www.tucomarca.com\/wordpress\/segunda\/wp-content\/uploads\/2024\/12\/General-2.jpg 1280w\" sizes=\"auto, (max-width: 1024px) 100vw, 1024px\" \/><\/figure>\n","protected":false},"excerpt":{"rendered":"<div class=\"mh-excerpt\">Toda la provincia de Castell\u00f3n y algunas localidades de la de Valencia siguen fuera del acceso a las ayudas pese a las reiteradas demandas de la organizaci\u00f3n agraria. Cincuenta d\u00edas despu\u00e9s de las lluvias torrenciales <a class=\"mh-excerpt-more\" href=\"https:\/\/www.tucomarca.com\/wordpress\/segunda\/la-unio-exige-coordinacion-entre-el-gobierno-de-espana-y-la-generalitat-para-ampliar-el-listado-de-municipios-afectados-por-la-dana\/\" title=\"La Uni\u00f3 exige coordinaci\u00f3n entre el Gobierno de Espa\u00f1a y la Generalitat para ampliar el listado de municipios afectados por la DANA\">[+] <\/a><\/div>\n","protected":false},"author":13,"featured_media":248334,"comment_status":"open","ping_status":"open","sticky":false,"template":"","format":"standard","meta":{"footnotes":""},"categories":[169,21465,128,8,72,117,142,3,45],"tags":[85,12831,2142,21081],"class_list":{"0":"post-248312","1":"post","2":"type-post","3":"status-publish","4":"format-standard","5":"has-post-thumbnail","7":"category-agricultura-la-comarca","8":"category-dana","9":"category-infraestructuras","10":"category-la-comarca","11":"category-sin-categorizar","12":"category-medio-ambiente-la-comarca","13":"category-politica-la-comarca","14":"category-seccion","15":"category-ventana","16":"tag-agricultura","17":"tag-dana-2","18":"tag-la-comunitat","19":"tag-la-unio-llauradora-i-ramadera"},"_links":{"self":[{"href":"https:\/\/www.tucomarca.com\/wordpress\/segunda\/wp-json\/wp\/v2\/posts\/248312","targetHints":{"allow":["GET"]}}],"collection":[{"href":"https:\/\/www.tucomarca.com\/wordpress\/segunda\/wp-json\/wp\/v2\/posts"}],"about":[{"href":"https:\/\/www.tucomarca.com\/wordpress\/segunda\/wp-json\/wp\/v2\/types\/post"}],"author":[{"embeddable":true,"href":"https:\/\/www.tucomarca.com\/wordpress\/segunda\/wp-json\/wp\/v2\/users\/13"}],"replies":[{"embeddable":true,"href":"https:\/\/www.tucomarca.com\/wordpress\/segunda\/wp-json\/wp\/v2\/comments?post=248312"}],"version-history":[{"count":0,"href":"https:\/\/www.tucomarca.com\/wordpress\/segunda\/wp-json\/wp\/v2\/posts\/248312\/revisions"}],"wp:featuredmedia":[{"embeddable":true,"href":"https:\/\/www.tucomarca.com\/wordpress\/segunda\/wp-json\/wp\/v2\/media\/248334"}],"wp:attachment":[{"href":"https:\/\/www.tucomarca.com\/wordpress\/segunda\/wp-json\/wp\/v2\/media?parent=248312"}],"wp:term":[{"taxonomy":"category","embeddable":true,"href":"https:\/\/www.tucomarca.com\/wordpress\/segunda\/wp-json\/wp\/v2\/categories?post=248312"},{"taxonomy":"post_tag","embeddable":true,"href":"https:\/\/www.tucomarca.com\/wordpress\/segunda\/wp-json\/wp\/v2\/tags?post=248312"}],"curies":[{"name":"wp","href":"https:\/\/api.w.org\/{rel}","templated":true}]}}