{"id":248432,"date":"2024-12-19T09:25:00","date_gmt":"2024-12-19T07:25:00","guid":{"rendered":"https:\/\/www.tucomarca.com\/wordpress\/segunda\/?p=248432"},"modified":"2024-12-19T19:35:40","modified_gmt":"2024-12-19T17:35:40","slug":"medio-ambiente-finaliza-en-alzira-los-trabajos-del-primer-proyecto-de-descontaminacion-de-suelos-en-la-comunitat-valenciana","status":"publish","type":"post","link":"https:\/\/www.tucomarca.com\/wordpress\/segunda\/medio-ambiente-finaliza-en-alzira-los-trabajos-del-primer-proyecto-de-descontaminacion-de-suelos-en-la-comunitat-valenciana\/","title":{"rendered":"Medio Ambiente finaliza en Alzira los trabajos del primer proyecto de descontaminaci\u00f3n de suelos en la Comunitat Valenciana"},"content":{"rendered":"\n<h3 class=\"wp-block-heading\">Se trata del solar que albergaba una gasolinera que cerr\u00f3 a principios de los 2000, convirti\u00e9ndose en el primer suelo declarado contaminado.<\/h3>\n\n\n\n<h3 class=\"wp-block-heading\">Mart\u00ednez Mus ha visitado la exposici\u00f3n fotogr\u00e1fica organizada por la asociaci\u00f3n de vecinos que documenta el proceso de descontaminaci\u00f3n.<\/h3>\n\n\n\n<p>El conseller de Medio Ambiente, Infraestructuras y Territorio, Vicente Mart\u00ednez Mus, ha anunciado la finalizaci\u00f3n de los trabajos de descontaminaci\u00f3n del solar que anteriormente albergaba una gasolinera en Alzira, \u201cmarcando un hito hist\u00f3rico al tratarse del primer suelo declarado contaminado de la Comunitat Valenciana\u201d.<\/p>\n\n\n\n<p>Mart\u00ednez Mus ha visitado la parcela de la antigua gasolinera, donde ha explicado que este proyecto, impulsado por la Conselleria, \u201cresponde a una reivindicaci\u00f3n hist\u00f3rica de los vecinos que, durante a\u00f1os, han expresado su preocupaci\u00f3n por la contaminaci\u00f3n del suelo y los riesgos que esta representaba para la salud p\u00fablica\u201d.<\/p>\n\n\n\n<p>La antigua gasolinera, ubicada en la avenida Luis Su\u00f1er de Alzira, se cerr\u00f3 a principios de la d\u00e9cada de los 2000 y, desde entonces, ha sido motivo de inquietud para los residentes de la zona. El proyecto ha contado con una inversi\u00f3n de la Generalitat de alrededor de 70.000 euros.<\/p>\n\n\n\n<p>Durante la visita, el conseller ha se\u00f1alado que con este proyecto \u201cno solo se garantiza la salud de los vecinos de l\u2019Alborx\u00ed, sino que tambi\u00e9n abre la puerta a la transformaci\u00f3n del solar en un espacio p\u00fablico, contribuyendo as\u00ed mejorar la calidad de vida en el municipio\u201d.<\/p>\n\n\n\n<p>La Generalitat, a trav\u00e9s de este \u201chito hist\u00f3rico\u201d, ha asegurado Mart\u00ednez Mus, demuestra su compromiso \u201ccon la resoluci\u00f3n de problemas ambientales que afectan a las comunidades, al mismo tiempo que busca recuperar y revitalizar espacios para el beneficio de la ciudadan\u00eda\u201d.<\/p>\n\n\n\n<p>En su visita, el titular de Medio Ambiente ha recorrido la exposici\u00f3n fotogr\u00e1fica organizada por la Associaci\u00f3 de Ve\u00efns de L\u2019Alborx\u00ed de Alzira, que documenta la evoluci\u00f3n de los trabajos de limpieza en la zona con im\u00e1genes de todo el proceso, desde la extracci\u00f3n de los bidones de gasolina y gasoil hasta la finalizaci\u00f3n de la descontaminaci\u00f3n del solar.<\/p>\n","protected":false},"excerpt":{"rendered":"<div class=\"mh-excerpt\">Se trata del solar que albergaba una gasolinera que cerr\u00f3 a principios de los 2000, convirti\u00e9ndose en el primer suelo declarado contaminado. Mart\u00ednez Mus ha visitado la exposici\u00f3n fotogr\u00e1fica organizada por la asociaci\u00f3n de vecinos <a class=\"mh-excerpt-more\" href=\"https:\/\/www.tucomarca.com\/wordpress\/segunda\/medio-ambiente-finaliza-en-alzira-los-trabajos-del-primer-proyecto-de-descontaminacion-de-suelos-en-la-comunitat-valenciana\/\" title=\"Medio Ambiente finaliza en Alzira los trabajos del primer proyecto de descontaminaci\u00f3n de suelos en la Comunitat Valenciana\">[+] <\/a><\/div>\n","protected":false},"author":13,"featured_media":248433,"comment_status":"open","ping_status":"open","sticky":false,"template":"","format":"standard","meta":{"footnotes":""},"categories":[69,128,8,42,117,142,3],"tags":[10402,10412,3640,107],"class_list":{"0":"post-248432","1":"post","2":"type-post","3":"status-publish","4":"format-standard","5":"has-post-thumbnail","7":"category-alzira","8":"category-infraestructuras","9":"category-la-comarca","10":"category-la-ribera","11":"category-medio-ambiente-la-comarca","12":"category-politica-la-comarca","13":"category-seccion","14":"tag-alzira","15":"tag-infraestructuras","16":"tag-la-ribera-alta","17":"tag-medio-ambiente"},"_links":{"self":[{"href":"https:\/\/www.tucomarca.com\/wordpress\/segunda\/wp-json\/wp\/v2\/posts\/248432","targetHints":{"allow":["GET"]}}],"collection":[{"href":"https:\/\/www.tucomarca.com\/wordpress\/segunda\/wp-json\/wp\/v2\/posts"}],"about":[{"href":"https:\/\/www.tucomarca.com\/wordpress\/segunda\/wp-json\/wp\/v2\/types\/post"}],"author":[{"embeddable":true,"href":"https:\/\/www.tucomarca.com\/wordpress\/segunda\/wp-json\/wp\/v2\/users\/13"}],"replies":[{"embeddable":true,"href":"https:\/\/www.tucomarca.com\/wordpress\/segunda\/wp-json\/wp\/v2\/comments?post=248432"}],"version-history":[{"count":0,"href":"https:\/\/www.tucomarca.com\/wordpress\/segunda\/wp-json\/wp\/v2\/posts\/248432\/revisions"}],"wp:featuredmedia":[{"embeddable":true,"href":"https:\/\/www.tucomarca.com\/wordpress\/segunda\/wp-json\/wp\/v2\/media\/248433"}],"wp:attachment":[{"href":"https:\/\/www.tucomarca.com\/wordpress\/segunda\/wp-json\/wp\/v2\/media?parent=248432"}],"wp:term":[{"taxonomy":"category","embeddable":true,"href":"https:\/\/www.tucomarca.com\/wordpress\/segunda\/wp-json\/wp\/v2\/categories?post=248432"},{"taxonomy":"post_tag","embeddable":true,"href":"https:\/\/www.tucomarca.com\/wordpress\/segunda\/wp-json\/wp\/v2\/tags?post=248432"}],"curies":[{"name":"wp","href":"https:\/\/api.w.org\/{rel}","templated":true}]}}