{"id":248539,"date":"2024-12-21T10:00:00","date_gmt":"2024-12-21T08:00:00","guid":{"rendered":"https:\/\/www.tucomarca.com\/wordpress\/segunda\/?p=248539"},"modified":"2024-12-21T15:01:07","modified_gmt":"2024-12-21T13:01:07","slug":"el-prya-valora-el-presupuesto-municipal-de-requena-aprobado-para-2025","status":"publish","type":"post","link":"https:\/\/www.tucomarca.com\/wordpress\/segunda\/el-prya-valora-el-presupuesto-municipal-de-requena-aprobado-para-2025\/","title":{"rendered":"El PRyA valora el Presupuesto municipal de Requena aprobado para 2025"},"content":{"rendered":"\n<p>\u00abEstos presupuestos han sido preparados en un tiempo r\u00e9cord de menos de un mes y, <strong>por fin,<\/strong> cumplen con las expectativas del <strong>PRyA,<\/strong> pues gracias a ellos y a diferencia de los presupuestos de 2024, se va a empezar a poder cumplir el programa electoral del <strong>PRyA\u00bb, seg\u00fan fuentes de la formaci\u00f3n.<\/strong><\/p>\n\n\n\n<p>\u00abAs\u00ed mismo, destacar el voto en contra de PP y Vox a unos presupuestos destinados a la reconstrucci\u00f3n despu\u00e9s de la DANA de Requena y sus 25 aldeas, algo inexplicable teniendo en cuenta la gravedad d ella situaci\u00f3n que vivimos despu\u00e9s de aquel tr\u00e1gico suceso\u00bb.<\/p>\n\n\n\n<p>\u00abAlgunas partes de los Presupuestos Municipales para 2025 a destacar:<\/p>\n\n\n\n<p><strong>SIN DEUDA. <\/strong>La deuda del Ayto. fue liquidada del todo por parte del Gobierno PRyA-PSOE en el pleno de Noviembre, por lo tanto, estos presupuestos son los primeros desde hace muchos a\u00f1os que no tienen deuda gracias a la amortizaci\u00f3n del \u00faltimo pr\u00e9stamo que ten\u00eda este Ayuntamiento de 771.885\u20ac.&nbsp;<\/p>\n\n\n\n<p>La eliminaci\u00f3n de este \u00faltimo pr\u00e9stamo fue una de las primeras medidas de este nuevo gobierno de PRyA y PSOE que han permitido que nuestro municipio no tenga deuda, y eso es algo hist\u00f3rico.<\/p>\n\n\n\n<p><strong>SUBIDA SALARIAL<\/strong>. La subida de los salarios para el personal del Ayuntamiento que garantizan estos presupuestos, es fundamental para evitar que nuestros trabajadores se vayan a otros municipios por los bajos salarios, recordemos el caso de la polic\u00eda local por poner solo un ejemplo. Es por ello que, desde el <strong>PRyA,<\/strong> celebramos que esta medida de aumento salarial del personal del Ayuntamiento se incluya en los presupuestos de 2025.<\/p>\n\n\n\n<p><strong>LIMPIEZA. <\/strong>Temas como la limpieza viaria empezar\u00e1 a verse mejorada con el nuevo contrato de limpieza de fines de semana, festivos, pol\u00edgono industrial y para las urbanizaciones de Casablanca y San Jos\u00e9, liberando estas zonas de la limpieza municipal y destinando m\u00e1s recursos de la brigada al resto del casco urbano de Requena, con lo que mejoraremos la limpieza viaria en todo el municipio, ya que es una de las principales demandas de los ciudadanos.<\/p>\n\n\n\n<p><strong>RECOGIDA DE RESIDUOS. <\/strong>Estos presupuestos contemplan una subida en el importe destinado a la recogida de basura de m\u00e1s de 10,000 \u20ac. Para este nuevo Gobierno de PryA-PSOE este servicio es muy importante, pues es esencial para Requena y sus 25 aldeas tener un buen sistema de recogida de basura.<\/p>\n\n\n\n<p><strong>PARQUES Y JARDINES<\/strong>. El aumento en la partida de parques y jardines de m\u00e1s de 100,000\u20ac permitir\u00e1 tener unas mejores zonas verdes.<\/p>\n\n\n\n<p><strong>RENOVACI\u00d3N DE LA RED DE AGUA POTABLE Y ALCANTARILLADO. <\/strong>Para la renovaci\u00f3n de la red de agua potable y alcantarillado se destinan, por un lado 110.000\u20ac y los 1,7 millones de \u20ac del canon inicial del nuevo contrato de abastecimiento y alcantarillado que, en 2024, por parte de Roc\u00edo Cort\u00e9s, se destinaron al pago de indemnizaciones para el proceso de estabilizaci\u00f3n y<strong> que de los cuales no se ha gastado ni un solo euro.<\/strong><\/p>\n\n\n\n<p><strong>ALDEAS. <\/strong>Tambi\u00e9n en estos presupuestos las aldeas salen beneficiadas, pues se incrementan en un 10% las partidas para gasto corriente que gestionan los alcaldes ped\u00e1neos de todas y cada una de las 25 aldeas, lo que va a permitir una mejor gesti\u00f3n de nuestras pedan\u00edas.<\/p>\n\n\n\n<p><strong>REMANENTE. <\/strong>Tambi\u00e9n decir que la disponibilidad de aproximadamente 9 millones de euros del remanente y unos 2,8 millones de Diputaci\u00f3n va a suponer el gran cambio de Requena y sus 25 aldeas, pues se van a poder realizar multitud de obras necesarias y demandadas por los ciudadanos, muchas de ellas encargadas por el <strong>PRyA <\/strong>al comienzo de la legislatura cuando gestionamos urbanismo.<\/p>\n\n\n\n<p>Obras tales como son la renovaci\u00f3n de calles, reurbanizaci\u00f3n de plazas, adecuaci\u00f3n de los centros sociales de todas aldeas, asfaltados de calles, renovaci\u00f3n de aceras, parques p\u00fablicos, rehabilitaci\u00f3n de patrimonio en La Villa, renovaci\u00f3n de viales en Las Pe\u00f1as, adecuaci\u00f3n de caminos y un largo etc que har\u00e1n que esta legislatura sea la del gran cambio del municipio.<\/p>\n\n\n\n<p>Y para finalizar&#8230;<\/p>\n\n\n\n<p>Por los motivos citados anteriormente y otros muchos m\u00e1s, desde el <strong>PRyA <\/strong>podemos decir que estos presupuestos hacen que Requena y sus 25 aldeas tengan un gran futuro por delante, pues se van a empezar a atender las demandas de los ciudadanos de manera real y a corto plazo, algo que no se pod\u00eda hacer con anterioridad.<\/p>\n\n\n\n<p>Estos presupuestos son la muestra de que el cambio de gobierno despu\u00e9s de la moci\u00f3n de censura del PRyA y PSOE al gobierno en minor\u00eda del PP de Roc\u00edo Cort\u00e9s, no solo no ha parado la gesti\u00f3n municipal, si no que demuestran que si era el momento adecuado para hacer la moci\u00f3n de censura, aun estando cerca el desastre de la DANA, puesto que este gobierno de coalici\u00f3n ha demostrado aportar estabilidad, una mayor\u00eda absoluta capaz de aprobar cualquier propuesta y una capacidad de gesti\u00f3n elevada.&nbsp;<\/p>\n\n\n\n<p>Es por ello que, a diferencia de los presupuestos de 2024 calificados como los de la incertidumbre, aqu\u00ed ten\u00e9is <strong>los presupuestos de 2025, los de la ilusi\u00f3n por un mejor futuro para Requena y sus 25 aldeas\u00bb, han finalizado desde el PRyA.<\/strong><\/p>\n","protected":false},"excerpt":{"rendered":"<div class=\"mh-excerpt\">\u00abEstos presupuestos han sido preparados en un tiempo r\u00e9cord de menos de un mes y, por fin, cumplen con las expectativas del PRyA, pues gracias a ellos y a diferencia de los presupuestos de 2024, <a class=\"mh-excerpt-more\" href=\"https:\/\/www.tucomarca.com\/wordpress\/segunda\/el-prya-valora-el-presupuesto-municipal-de-requena-aprobado-para-2025\/\" title=\"El PRyA valora el Presupuesto municipal de Requena aprobado para 2025\">[+] <\/a><\/div>\n","protected":false},"author":13,"featured_media":248551,"comment_status":"open","ping_status":"open","sticky":false,"template":"","format":"standard","meta":{"footnotes":""},"categories":[128,8,142,28,27,3],"tags":[32,10388,10387],"class_list":{"0":"post-248539","1":"post","2":"type-post","3":"status-publish","4":"format-standard","5":"has-post-thumbnail","7":"category-infraestructuras","8":"category-la-comarca","9":"category-politica-la-comarca","10":"category-requena","11":"category-requena-utiel","12":"category-seccion","13":"tag-politica","14":"tag-requena","15":"tag-requena-utiel"},"_links":{"self":[{"href":"https:\/\/www.tucomarca.com\/wordpress\/segunda\/wp-json\/wp\/v2\/posts\/248539","targetHints":{"allow":["GET"]}}],"collection":[{"href":"https:\/\/www.tucomarca.com\/wordpress\/segunda\/wp-json\/wp\/v2\/posts"}],"about":[{"href":"https:\/\/www.tucomarca.com\/wordpress\/segunda\/wp-json\/wp\/v2\/types\/post"}],"author":[{"embeddable":true,"href":"https:\/\/www.tucomarca.com\/wordpress\/segunda\/wp-json\/wp\/v2\/users\/13"}],"replies":[{"embeddable":true,"href":"https:\/\/www.tucomarca.com\/wordpress\/segunda\/wp-json\/wp\/v2\/comments?post=248539"}],"version-history":[{"count":0,"href":"https:\/\/www.tucomarca.com\/wordpress\/segunda\/wp-json\/wp\/v2\/posts\/248539\/revisions"}],"wp:featuredmedia":[{"embeddable":true,"href":"https:\/\/www.tucomarca.com\/wordpress\/segunda\/wp-json\/wp\/v2\/media\/248551"}],"wp:attachment":[{"href":"https:\/\/www.tucomarca.com\/wordpress\/segunda\/wp-json\/wp\/v2\/media?parent=248539"}],"wp:term":[{"taxonomy":"category","embeddable":true,"href":"https:\/\/www.tucomarca.com\/wordpress\/segunda\/wp-json\/wp\/v2\/categories?post=248539"},{"taxonomy":"post_tag","embeddable":true,"href":"https:\/\/www.tucomarca.com\/wordpress\/segunda\/wp-json\/wp\/v2\/tags?post=248539"}],"curies":[{"name":"wp","href":"https:\/\/api.w.org\/{rel}","templated":true}]}}