{"id":248713,"date":"2024-12-23T09:30:00","date_gmt":"2024-12-23T07:30:00","guid":{"rendered":"https:\/\/www.tucomarca.com\/wordpress\/segunda\/?p=248713"},"modified":"2024-12-23T18:26:05","modified_gmt":"2024-12-23T16:26:05","slug":"veinte-profesionales-del-sector-del-vino-de-la-comarca-finalizan-el-curso-comercio-internacional","status":"publish","type":"post","link":"https:\/\/www.tucomarca.com\/wordpress\/segunda\/veinte-profesionales-del-sector-del-vino-de-la-comarca-finalizan-el-curso-comercio-internacional\/","title":{"rendered":"Veinte profesionales del sector del vino de la comarca finalizan el curso &#8216;Comercio internacional&#8217;"},"content":{"rendered":"\n<h3 class=\"wp-block-heading\">La Universidad Polit\u00e9cnica de Valencia ha impartido esta formaci\u00f3n que ha sido financiada por la Diputaci\u00f3n de Valencia, en el marco del Proyecto Adapt@+t de la Mancomunidad del Interior Tierra del Vino y con la colaboraci\u00f3n de la DO Utiel-Requena, la Escuela de Viticultura y Enolog\u00eda de Requena y Grupo Covi\u00f1as.<\/h3>\n\n\n\n<p>Un total de 20 profesionales del sector del vino de toda la comarca han finalizado con \u00e9xito el curso \u201cComercio internacional\u201d, una formaci\u00f3n impartida por la Universidad Polit\u00e9cnica de Valencia (UPV) y que ha facilitado a las personas participantes las herramientas esenciales para afrontar con \u00e9xito los retos del mercado global. Durante esta formaci\u00f3n, el alumnado ha adquirido conocimientos clave en estrategias de internacionalizaci\u00f3n, marketing digital y e-commerce, pilares fundamentales para el crecimiento del sector vitivin\u00edcola en un entorno cada vez m\u00e1s competitivo y digitalizado.<\/p>\n\n\n\n<p>Esta formaci\u00f3n ha sido posible gracias a la financiaci\u00f3n del Departamento Desarrollo Rural y Despoblaci\u00f3n de la Diputaci\u00f3n de Valencia y ha sido impulsada desde el Proyecto Adapt@+t de la Mancomunidad del Interior Tierra del Vino (MITV), con la colaboraci\u00f3n de la DO Utiel-Requena, la Escuela de Viticultura y Enolog\u00eda de Requena y el Grupo Covi\u00f1as en el dise\u00f1o del programa formativo.&nbsp;<\/p>\n\n\n\n<p>El Presidente de la MITV ha querido agradecer a los alumnos su \u201cprofesionalidad y compromiso con la formaci\u00f3n impartida, una actitud fundamental para poner en primera l\u00ednea ante el mundo un producto que habla de lo que es nuestra Tierra Bobal\u201d, subrayando que \u201cla Mancomunidad sabe que su papel es el de facilitar recursos para que los sectores productivos de la comarca sean m\u00e1s competitivos y generen desarrollo social y econ\u00f3mico en nuestra comarca\u201d.&nbsp;<\/p>\n\n\n\n<p>Por su parte, el Diputado del \u00e1rea de Medio Ambiente, Prevenci\u00f3n de Riesgos Forestales y Desarrollo Rural, Avelino Mascarell, ha querido poner en valor que \u201cahora m\u00e1s que nunca necesitamos dinamizar la econom\u00eda de Utiel y de nuestra tierra y vosotros sois clave en este reto\u201d y ha reafirmado el compromiso de la Diputaci\u00f3n de Valencia en seguir impulsando este tipo de iniciativas \u201cque ayudan a crear riqueza y ocupaci\u00f3n en un momento tan necesario\u201d.<\/p>\n\n\n\n<p><strong>Inversi\u00f3n, constancia y cooperaci\u00f3n: claves de la internacionalizaci\u00f3n&nbsp;<\/strong><\/p>\n\n\n\n<p>Durante las sesiones formativas, el equipo docente ha insistido en que la internacionalizaci\u00f3n es un proceso que requiere constancia e importantes inversiones y que madura en el medio y largo plazo. En este escenario, las pymes se encuentran en desventaja y la mejor forma de afrontar ese proceso es mediante la \u201ccooperaci\u00f3n-competitiva\u201d, ya que genera sinergias que permiten que las empresas avancen de forma m\u00e1s r\u00e1pida.<\/p>\n\n\n\n<p>Por su parte, los alumnos han solicitado a la MITV que se d\u00e9 continuidad a esta formaci\u00f3n profundizando en \u00e1reas relacionadas con el marketing y la comunicaci\u00f3n, as\u00ed como en las compras e incluso para las ventas.<\/p>\n\n\n\n<p>ADAPT@+T es el proyecto de Empleo, Emprendimiento, Econom\u00eda Social y Desarrollo Local de la MITV, enmarcado en los programas AVALEM TERRITORI y EMPACE 2023-2024 del Servicio Valenciano de Empleo y Formaci\u00f3n (LABORA), que persigue los objetivos fijados por el Pacto Territorial por el Empleo y el Desarrollo Local, firmando por la MITV junto a los nueve municipios de la comarca: Camporrobles, Caudete de las Fuentes, Chera, Fuenterrobles, Requena, Sinarcas, Utiel, Venta del Moro y Villargordo del Cabriel. M\u00e1s informaci\u00f3n: <a href=\"mailto:comunicacion@tierradelvino.es\">comunicacion@tierradelvino.es<\/a> y 722 173 688<\/p>\n","protected":false},"excerpt":{"rendered":"<div class=\"mh-excerpt\">La Universidad Polit\u00e9cnica de Valencia ha impartido esta formaci\u00f3n que ha sido financiada por la Diputaci\u00f3n de Valencia, en el marco del Proyecto Adapt@+t de la Mancomunidad del Interior Tierra del Vino y con la <a class=\"mh-excerpt-more\" href=\"https:\/\/www.tucomarca.com\/wordpress\/segunda\/veinte-profesionales-del-sector-del-vino-de-la-comarca-finalizan-el-curso-comercio-internacional\/\" title=\"Veinte profesionales del sector del vino de la comarca finalizan el curso &#8216;Comercio internacional&#8217;\">[+] <\/a><\/div>\n","protected":false},"author":13,"featured_media":248714,"comment_status":"open","ping_status":"open","sticky":false,"template":"","format":"standard","meta":{"footnotes":""},"categories":[169,113,8,7,27,3],"tags":[21074,15855,10387],"class_list":{"0":"post-248713","1":"post","2":"type-post","3":"status-publish","4":"format-standard","5":"has-post-thumbnail","7":"category-agricultura-la-comarca","8":"category-vinos","9":"category-la-comarca","10":"category-ocio-y-cultura","11":"category-requena-utiel","12":"category-seccion","13":"tag-canal-vinos","14":"tag-ocio-y-cultura","15":"tag-requena-utiel"},"_links":{"self":[{"href":"https:\/\/www.tucomarca.com\/wordpress\/segunda\/wp-json\/wp\/v2\/posts\/248713","targetHints":{"allow":["GET"]}}],"collection":[{"href":"https:\/\/www.tucomarca.com\/wordpress\/segunda\/wp-json\/wp\/v2\/posts"}],"about":[{"href":"https:\/\/www.tucomarca.com\/wordpress\/segunda\/wp-json\/wp\/v2\/types\/post"}],"author":[{"embeddable":true,"href":"https:\/\/www.tucomarca.com\/wordpress\/segunda\/wp-json\/wp\/v2\/users\/13"}],"replies":[{"embeddable":true,"href":"https:\/\/www.tucomarca.com\/wordpress\/segunda\/wp-json\/wp\/v2\/comments?post=248713"}],"version-history":[{"count":0,"href":"https:\/\/www.tucomarca.com\/wordpress\/segunda\/wp-json\/wp\/v2\/posts\/248713\/revisions"}],"wp:featuredmedia":[{"embeddable":true,"href":"https:\/\/www.tucomarca.com\/wordpress\/segunda\/wp-json\/wp\/v2\/media\/248714"}],"wp:attachment":[{"href":"https:\/\/www.tucomarca.com\/wordpress\/segunda\/wp-json\/wp\/v2\/media?parent=248713"}],"wp:term":[{"taxonomy":"category","embeddable":true,"href":"https:\/\/www.tucomarca.com\/wordpress\/segunda\/wp-json\/wp\/v2\/categories?post=248713"},{"taxonomy":"post_tag","embeddable":true,"href":"https:\/\/www.tucomarca.com\/wordpress\/segunda\/wp-json\/wp\/v2\/tags?post=248713"}],"curies":[{"name":"wp","href":"https:\/\/api.w.org\/{rel}","templated":true}]}}