{"id":248721,"date":"2024-12-23T08:45:00","date_gmt":"2024-12-23T06:45:00","guid":{"rendered":"https:\/\/www.tucomarca.com\/wordpress\/segunda\/?p=248721"},"modified":"2024-12-23T18:33:36","modified_gmt":"2024-12-23T16:33:36","slug":"la-orquesta-filarmonica-de-requena-ofrece-un-concierto-de-navidad-solidario-con-las-victimas-de-la-dana-en-la-comarca","status":"publish","type":"post","link":"https:\/\/www.tucomarca.com\/wordpress\/segunda\/la-orquesta-filarmonica-de-requena-ofrece-un-concierto-de-navidad-solidario-con-las-victimas-de-la-dana-en-la-comarca\/","title":{"rendered":"La Orquesta Filarm\u00f3nica de Requena ofrece un Concierto de Navidad solidario con las v\u00edctimas de la dana en la comarca"},"content":{"rendered":"\n<h3 class=\"wp-block-heading\">El p\u00fablico\u00a0celebr\u00f3\u00a0esta iniciativa y brind\u00f3 una calurosa acogida al programa ofrecido\u00a0en el Teatro Principal de Requena\u00a0el s\u00e1bado 21.<\/h3>\n\n\n\n<h3 class=\"wp-block-heading\">La formaci\u00f3n actu\u00f3\u00a0en la primera parte junto al grupo Mi Chica y en la segunda abord\u00f3 obras sinf\u00f3nicas y temas navide\u00f1os en un exitoso concierto patrocinado por la Fundaci\u00f3n Ciudad de Requena y la Bodega Sierra Norte.<\/h3>\n\n\n\n<p>La&nbsp;<strong>Orquesta Filarm\u00f3nica Fundaci\u00f3n Ciudad de Requena,<\/strong>&nbsp;dirigida por Francisco Melero, ofreci\u00f3 un&nbsp;<em>Concierto de Navidad<\/em>&nbsp;solidario con las personas afectadas por la dana en la comarca en el Teatro Principal de Requena, el s\u00e1bado 21 de diciembre, para el que se&nbsp;habilit\u00f3&nbsp;una fila cero en&nbsp;<a href=\"http:\/\/www.orquestarequena.com\/\" target=\"_blank\" rel=\"noreferrer noopener\">www.orquestarequena.com<\/a>&nbsp;a trav\u00e9s de la que se pueden hacer aportaciones.&nbsp;El p\u00fablico&nbsp;<\/p>\n\n\n\n<p>celebr\u00f3&nbsp;esta iniciativa y las m\u00e1s de 300 personas brindaron una calurosa acogida al programa ofrecido por la formaci\u00f3n que actu\u00f3&nbsp;en la primera parte junto al grupo Mi Chica y en la segunda abord\u00f3 obras sinf\u00f3nicas y temas navide\u00f1os en un concierto patrocinado por la Fundaci\u00f3n Ciudad de Requena y la Bodega Sierra Norte.<\/p>\n\n\n\n<p>El&nbsp;<em>Concierto de Navidad&nbsp;<\/em>fue un&nbsp;\u00e9xito para los organizadores, y en \u00e9l se interpretaron algunas de las mejores canciones de Mi Chica, como&nbsp;<em>Amigo, Las cosas diferentes, No quiero verte llorar, Dir\u00eda, Juro decirte la verdad, Cantares<\/em>&nbsp;de Joan Manuel Serrat y el tema&nbsp;<em>Flores rojas<\/em>&nbsp;que da nombre al trabajo hom\u00f3nimo del grupo, publicado por Warner Music, con el que los valencianos Beatriz Alfonso y Roberto Poveda consiguieron un gran \u00e9xito a nivel nacional e internacional, vender m\u00e1s de 50.000 copias en Jap\u00f3n en 1995 y triunfar en Latinoam\u00e9rica.<\/p>\n\n\n\n<p>La Orquesta Filarm\u00f3nica Fundaci\u00f3n Ciudad de Requena informar\u00e1 pr\u00f3ximamente de la recaudaci\u00f3n conseguida y a quien lo destinar\u00e1.&nbsp;La pr\u00f3xima actuaci\u00f3n de la&nbsp;formaci\u00f3n ser\u00e1&nbsp;en el Teatro Principal el 15 de febrero, en un concierto en el que se abordar\u00e1n grandes obras de la m\u00fasica cl\u00e1sica a cargo de solistas de la orquesta.<\/p>\n\n\n\n<figure class=\"wp-block-gallery has-nested-images columns-1 is-cropped wp-block-gallery-1 is-layout-flex wp-block-gallery-is-layout-flex\">\n<figure class=\"wp-block-image size-large\"><img loading=\"lazy\" decoding=\"async\" width=\"1024\" height=\"502\" data-id=\"248726\" src=\"https:\/\/www.tucomarca.com\/wordpress\/segunda\/wp-content\/uploads\/2024\/12\/Requena_ConciertoNavidad_02-1024x502.jpg\" alt=\"\" class=\"wp-image-248726\" srcset=\"https:\/\/www.tucomarca.com\/wordpress\/segunda\/wp-content\/uploads\/2024\/12\/Requena_ConciertoNavidad_02-1024x502.jpg 1024w, https:\/\/www.tucomarca.com\/wordpress\/segunda\/wp-content\/uploads\/2024\/12\/Requena_ConciertoNavidad_02-300x147.jpg 300w, https:\/\/www.tucomarca.com\/wordpress\/segunda\/wp-content\/uploads\/2024\/12\/Requena_ConciertoNavidad_02-768x376.jpg 768w, https:\/\/www.tucomarca.com\/wordpress\/segunda\/wp-content\/uploads\/2024\/12\/Requena_ConciertoNavidad_02-1536x752.jpg 1536w, https:\/\/www.tucomarca.com\/wordpress\/segunda\/wp-content\/uploads\/2024\/12\/Requena_ConciertoNavidad_02.jpg 1772w\" sizes=\"auto, (max-width: 1024px) 100vw, 1024px\" \/><\/figure>\n\n\n\n<figure class=\"wp-block-image size-large\"><img loading=\"lazy\" decoding=\"async\" width=\"1024\" height=\"572\" data-id=\"248722\" src=\"https:\/\/www.tucomarca.com\/wordpress\/segunda\/wp-content\/uploads\/2024\/12\/Requena_ConciertoNavidad_03-1024x572.jpg\" alt=\"\" class=\"wp-image-248722\" srcset=\"https:\/\/www.tucomarca.com\/wordpress\/segunda\/wp-content\/uploads\/2024\/12\/Requena_ConciertoNavidad_03-1024x572.jpg 1024w, https:\/\/www.tucomarca.com\/wordpress\/segunda\/wp-content\/uploads\/2024\/12\/Requena_ConciertoNavidad_03-300x168.jpg 300w, https:\/\/www.tucomarca.com\/wordpress\/segunda\/wp-content\/uploads\/2024\/12\/Requena_ConciertoNavidad_03-768x429.jpg 768w, https:\/\/www.tucomarca.com\/wordpress\/segunda\/wp-content\/uploads\/2024\/12\/Requena_ConciertoNavidad_03-1536x858.jpg 1536w, https:\/\/www.tucomarca.com\/wordpress\/segunda\/wp-content\/uploads\/2024\/12\/Requena_ConciertoNavidad_03.jpg 1772w\" sizes=\"auto, (max-width: 1024px) 100vw, 1024px\" \/><\/figure>\n<\/figure>\n","protected":false},"excerpt":{"rendered":"<div class=\"mh-excerpt\">El p\u00fablico\u00a0celebr\u00f3\u00a0esta iniciativa y brind\u00f3 una calurosa acogida al programa ofrecido\u00a0en el Teatro Principal de Requena\u00a0el s\u00e1bado 21. La formaci\u00f3n actu\u00f3\u00a0en la primera parte junto al grupo Mi Chica y en la segunda abord\u00f3 obras <a class=\"mh-excerpt-more\" href=\"https:\/\/www.tucomarca.com\/wordpress\/segunda\/la-orquesta-filarmonica-de-requena-ofrece-un-concierto-de-navidad-solidario-con-las-victimas-de-la-dana-en-la-comarca\/\" title=\"La Orquesta Filarm\u00f3nica de Requena ofrece un Concierto de Navidad solidario con las v\u00edctimas de la dana en la comarca\">[+] <\/a><\/div>\n","protected":false},"author":13,"featured_media":248728,"comment_status":"open","ping_status":"open","sticky":false,"template":"","format":"gallery","meta":{"footnotes":""},"categories":[66,8,7,28,27,3],"tags":[10401,15855,10388,10387],"class_list":{"0":"post-248721","1":"post","2":"type-post","3":"status-publish","4":"format-gallery","5":"has-post-thumbnail","7":"category-musica","8":"category-la-comarca","9":"category-ocio-y-cultura","10":"category-requena","11":"category-requena-utiel","12":"category-seccion","13":"tag-musica","14":"tag-ocio-y-cultura","15":"tag-requena","16":"tag-requena-utiel","17":"post_format-post-format-gallery"},"_links":{"self":[{"href":"https:\/\/www.tucomarca.com\/wordpress\/segunda\/wp-json\/wp\/v2\/posts\/248721","targetHints":{"allow":["GET"]}}],"collection":[{"href":"https:\/\/www.tucomarca.com\/wordpress\/segunda\/wp-json\/wp\/v2\/posts"}],"about":[{"href":"https:\/\/www.tucomarca.com\/wordpress\/segunda\/wp-json\/wp\/v2\/types\/post"}],"author":[{"embeddable":true,"href":"https:\/\/www.tucomarca.com\/wordpress\/segunda\/wp-json\/wp\/v2\/users\/13"}],"replies":[{"embeddable":true,"href":"https:\/\/www.tucomarca.com\/wordpress\/segunda\/wp-json\/wp\/v2\/comments?post=248721"}],"version-history":[{"count":0,"href":"https:\/\/www.tucomarca.com\/wordpress\/segunda\/wp-json\/wp\/v2\/posts\/248721\/revisions"}],"wp:featuredmedia":[{"embeddable":true,"href":"https:\/\/www.tucomarca.com\/wordpress\/segunda\/wp-json\/wp\/v2\/media\/248728"}],"wp:attachment":[{"href":"https:\/\/www.tucomarca.com\/wordpress\/segunda\/wp-json\/wp\/v2\/media?parent=248721"}],"wp:term":[{"taxonomy":"category","embeddable":true,"href":"https:\/\/www.tucomarca.com\/wordpress\/segunda\/wp-json\/wp\/v2\/categories?post=248721"},{"taxonomy":"post_tag","embeddable":true,"href":"https:\/\/www.tucomarca.com\/wordpress\/segunda\/wp-json\/wp\/v2\/tags?post=248721"}],"curies":[{"name":"wp","href":"https:\/\/api.w.org\/{rel}","templated":true}]}}