{"id":248802,"date":"2024-12-24T09:00:00","date_gmt":"2024-12-24T07:00:00","guid":{"rendered":"https:\/\/www.tucomarca.com\/wordpress\/segunda\/?p=248802"},"modified":"2024-12-24T11:19:20","modified_gmt":"2024-12-24T09:19:20","slug":"el-rincon-de-ademuz-presenta-las-conclusiones-del-proyecto-de-impulso-a-la-hosteleria-desarrollado-por-la-diputacio","status":"publish","type":"post","link":"https:\/\/www.tucomarca.com\/wordpress\/segunda\/el-rincon-de-ademuz-presenta-las-conclusiones-del-proyecto-de-impulso-a-la-hosteleria-desarrollado-por-la-diputacio\/","title":{"rendered":"El Rinc\u00f3n de Ademuz presenta las conclusiones del proyecto de impulso a la hosteler\u00eda desarrollado por la Diputaci\u00f3"},"content":{"rendered":"\n<h3 class=\"wp-block-heading\">La mancomunidad acoge una experiencia piloto para abordar la despoblaci\u00f3n a trav\u00e9s de la gastronom\u00eda, una iniciativa conjunta llevada a cabo entre la corporaci\u00f3n provincial y la Federaci\u00f3n de Hosteler\u00eda de Valencia.<\/h3>\n\n\n\n<p>La gastronom\u00eda podr\u00eda ser la tabla de salvaci\u00f3n de las zonas despobladas de la provincia de Valencia,&nbsp;a tenor de los datos que se desprenden del Manual de gesti\u00f3n hostelera en municipios de interior, que se ha presentado en la Mancomunidad de Municipios del Rinc\u00f3n de Ademuz, en la localidad de Casas Altas. El autor de las conclusiones, Pascual Laza, se muestra convencido de que \u00abcomer territorio\u00bb podr\u00eda ser una v\u00eda para atraer al turista hacia estos enclaves. Laza ha sido tambi\u00e9n el encargado de supervisar un estudio sobre la hosteler\u00eda de estos municipios, el cual, al igual que el citado manual, forma parte de las actuaciones relacionadas con el proyecto Impulso de la hosteler\u00eda en la comarca del Rinc\u00f3n de Ademuz, desarrollado por la Federaci\u00f3n Empresarial de Hosteler\u00eda de Valencia con la colaboraci\u00f3n de la Diputaci\u00f3 de Val\u00e8ncia.<\/p>\n\n\n\n<p>Este proyecto tiene como objetivo dotar a los profesionales de la hosteler\u00eda de estos municipios de herramientas b\u00e1sicas para una correcta gesti\u00f3n de m\u00e9todos, tiempos, protocolos y recursos humanos. Se trata de una experiencia piloto que pretende ampliarse al resto de comarcas de interior de la provincia de Valencia. En su presentaci\u00f3n, el manual ha puesto de manifiesto varias conclusiones especialmente relevantes, entre las que destaca, en palabras de su responsable, \u201cla existencia de oportunidades de restauraci\u00f3n y de producto, con lo que solo queda implementar de forma pr\u00e1ctica, y no te\u00f3rica, la sostenibilidad, la econom\u00eda circular, el territorio\u201d. Se trata, pues, de transmitir esa cultura de atenci\u00f3n a los turistas. \u201cEsa es la manera de diferenciarse de los productos tan globalizados de las grandes ciudades\u00bb explica Laza.<br>\u2028Por ello, una vez detectados los puntos a favor, es preciso implementar el asesoramiento y la formaci\u00f3n necesarios para peque\u00f1as y medianas empresas, una medida que ayudar\u00e1 a profesionalizarse a estos restauradores. \u201cLa atenci\u00f3n al cliente y la habilidad para convertir el servicio en una experiencia es algo que tienen de manera innata, solo les falta adquirir conocimientos m\u00e1s profesionales\u00bb, se\u00f1ala el autor del estudio, que el pasado mes de agosto visit\u00f3 diferentes establecimientos de la comarca para realizar una valoraci\u00f3n situacional y definir un itinerario formativo en funci\u00f3n de las necesidades.<\/p>\n\n\n\n<p>\u201cA lo largo de esos d\u00edas, he tenido ocasi\u00f3n de apreciar el valor de la palabra oportunidad, en especial gracias a unos equipos humanos que, por lo general, presentan buena predisposici\u00f3n a la hora de agradar al cliente y aprovechar su ocasi\u00f3n de ofrecer un producto local, sostenible y de arraigo territorial. Pero tambi\u00e9n pude intuir una oportunidad real de crear una econom\u00eda circular, basada en el empleo del producto y la cocina del territorio, con un impacto m\u00ednimo en huella de carbono y de promoci\u00f3n a trav\u00e9s de la oferta gastron\u00f3mica de un territorio a trav\u00e9s de su cultura o su paisaje\u201d.<\/p>\n","protected":false},"excerpt":{"rendered":"<div class=\"mh-excerpt\">La mancomunidad acoge una experiencia piloto para abordar la despoblaci\u00f3n a trav\u00e9s de la gastronom\u00eda, una iniciativa conjunta llevada a cabo entre la corporaci\u00f3n provincial y la Federaci\u00f3n de Hosteler\u00eda de Valencia. La gastronom\u00eda podr\u00eda <a class=\"mh-excerpt-more\" href=\"https:\/\/www.tucomarca.com\/wordpress\/segunda\/el-rincon-de-ademuz-presenta-las-conclusiones-del-proyecto-de-impulso-a-la-hosteleria-desarrollado-por-la-diputacio\/\" title=\"El Rinc\u00f3n de Ademuz presenta las conclusiones del proyecto de impulso a la hosteler\u00eda desarrollado por la Diputaci\u00f3\">[+] <\/a><\/div>\n","protected":false},"author":12,"featured_media":248804,"comment_status":"open","ping_status":"open","sticky":false,"template":"","format":"standard","meta":{"footnotes":""},"categories":[49,224,128,8,142,3,45],"tags":[],"class_list":{"0":"post-248802","1":"post","2":"type-post","3":"status-publish","4":"format-standard","5":"has-post-thumbnail","7":"category-ademuz","8":"category-casas-altas","9":"category-infraestructuras","10":"category-la-comarca","11":"category-politica-la-comarca","12":"category-seccion","13":"category-ventana"},"_links":{"self":[{"href":"https:\/\/www.tucomarca.com\/wordpress\/segunda\/wp-json\/wp\/v2\/posts\/248802","targetHints":{"allow":["GET"]}}],"collection":[{"href":"https:\/\/www.tucomarca.com\/wordpress\/segunda\/wp-json\/wp\/v2\/posts"}],"about":[{"href":"https:\/\/www.tucomarca.com\/wordpress\/segunda\/wp-json\/wp\/v2\/types\/post"}],"author":[{"embeddable":true,"href":"https:\/\/www.tucomarca.com\/wordpress\/segunda\/wp-json\/wp\/v2\/users\/12"}],"replies":[{"embeddable":true,"href":"https:\/\/www.tucomarca.com\/wordpress\/segunda\/wp-json\/wp\/v2\/comments?post=248802"}],"version-history":[{"count":0,"href":"https:\/\/www.tucomarca.com\/wordpress\/segunda\/wp-json\/wp\/v2\/posts\/248802\/revisions"}],"wp:featuredmedia":[{"embeddable":true,"href":"https:\/\/www.tucomarca.com\/wordpress\/segunda\/wp-json\/wp\/v2\/media\/248804"}],"wp:attachment":[{"href":"https:\/\/www.tucomarca.com\/wordpress\/segunda\/wp-json\/wp\/v2\/media?parent=248802"}],"wp:term":[{"taxonomy":"category","embeddable":true,"href":"https:\/\/www.tucomarca.com\/wordpress\/segunda\/wp-json\/wp\/v2\/categories?post=248802"},{"taxonomy":"post_tag","embeddable":true,"href":"https:\/\/www.tucomarca.com\/wordpress\/segunda\/wp-json\/wp\/v2\/tags?post=248802"}],"curies":[{"name":"wp","href":"https:\/\/api.w.org\/{rel}","templated":true}]}}