{"id":249038,"date":"2024-12-30T08:00:00","date_gmt":"2024-12-30T06:00:00","guid":{"rendered":"https:\/\/www.tucomarca.com\/wordpress\/segunda\/?p=249038"},"modified":"2024-12-31T15:33:34","modified_gmt":"2024-12-31T13:33:34","slug":"las-adversidades-meteorologicas-provocan-unas-perdidas-este-ano-en-el-campo-valenciano-superiores-a-los-1-400-millones-de-euros","status":"publish","type":"post","link":"https:\/\/www.tucomarca.com\/wordpress\/segunda\/las-adversidades-meteorologicas-provocan-unas-perdidas-este-ano-en-el-campo-valenciano-superiores-a-los-1-400-millones-de-euros\/","title":{"rendered":"Las adversidades meteorol\u00f3gicas provocan unas p\u00e9rdidas este a\u00f1o en el campo valenciano superiores a los 1.400 millones de euros"},"content":{"rendered":"\n<h3 class=\"wp-block-heading\">Es un a\u00f1o tambi\u00e9n marcado por las protestas en las calles: hasta 8 ha llevado a cabo La Uni\u00f3 a lo largo de 2024.<\/h3>\n\n\n\n<p>Las adversidades meteorol\u00f3gicas, sobre todo la sequ\u00eda y las lluvias torrenciales de la dana aunque tambi\u00e9n otras, han provocado este a\u00f1o en el campo valenciano una cifra de p\u00e9rdidas superior a los 1.400 millones de euros de impacto directo en las cosechas agr\u00edcolas y caba\u00f1as ganaderas, as\u00ed como da\u00f1os en infraestructuras, junto a otras consecuencias indirectas dif\u00edciles de calcular.<\/p>\n\n\n\n<p>Es evidente que el cambio clim\u00e1tico ha llegado para quedarse y acent\u00faa todos estos fen\u00f3menos meteorol\u00f3gicos en la Comunitat Valenciana. A\u00f1o tras a\u00f1o se nota en la merma de las cosechas y en el descenso de los rendimientos, junto a la cada vez mayor irrupci\u00f3n de las plagas o enfermedades. Este a\u00f1o por ejemplo m\u00e1s del 70% de merma en la cosecha de olivas, del 50% en la de caqui, la cosecha m\u00e1s baja de uva de los \u00faltimos 30 a\u00f1os, la de c\u00edtricos ha sido la tercera con menos producci\u00f3n de este siglo, un 35% inferior la cosecha de almendras, la de fruta de verano ha sido la mitad de la media de las \u00faltimas quince campa\u00f1as y un 30% menos de cosecha de n\u00edsperos, entre otros.<\/p>\n\n\n\n<p>En 2024 hemos pasado adem\u00e1s en pocos d\u00edas de pedir ayudas por una sequ\u00eda persistente que ha afectado a los cultivos de secano -sobre todo en olivar, almendro, uva de vinificaci\u00f3n y cereales- y a la caba\u00f1a ganadera en extensivo -vacuno y ovino-caprino- y apicultura, con un sobrecoste del 60%, a la devastadora DANA y algunos episodios de pedrisco. La sequ\u00eda tuvo unas p\u00e9rdidas superiores a los 150 millones de euros y la Generalitat ha habilitado ayudas por valor de 17 millones.<\/p>\n\n\n\n<p>En cuanto a la dana, con cifras todav\u00eda provisionales, las p\u00e9rdidas seg\u00fan las estimaciones de La Uni\u00f3 que, inicialmente valor\u00f3 en 820 millones, son superiores ya a los 1.000 millones de euros, tanto por impacto directo en los cultivos como por graves destrozos en infraestructuras agrarias. El Gobierno de Espa\u00f1a prev\u00e9 compensarlas con una partida de 445 millones de euros y la Generalitat con 200, aunque ambas Administraciones van concediendo las ayudas a cuentagotas. En estos momentos, dos meses despu\u00e9s de la cat\u00e1strofe, todav\u00eda existen caminos destrozados para acceder a las explotaciones agrarias, muchas de las cuales no han podido recolectar cosechas de caquis o c\u00edtricos fundamentalmente. Los da\u00f1os por impacto directo en los cultivos para esta y pr\u00f3ximas campa\u00f1as son evidentes, adem\u00e1s de los considerables desperfectos en las infraestructuras agrarias.&nbsp;<\/p>\n\n\n\n<p>Hay que destacar una vez m\u00e1s la solidaridad de los agricultores de La Uni\u00f3 ante la cat\u00e1strofe. Al igual que sucedi\u00f3 con el Covid, sacaron los tractores a la calle cuando no hab\u00eda ning\u00fan dispositivo oficial organizado para retirar coches y limpiar de enseres y barros las calles y carreteras. Paralelamente, la organizaci\u00f3n estableci\u00f3 una campa\u00f1a de donaciones para apoyar a las explotaciones afectados y que hasta la fecha ha recaudado m\u00e1s de 120.000 euros.<\/p>\n\n\n\n<figure class=\"wp-block-image size-full\"><img loading=\"lazy\" decoding=\"async\" width=\"886\" height=\"586\" src=\"https:\/\/www.tucomarca.com\/wordpress\/segunda\/wp-content\/uploads\/2024\/02\/UnioCarlesPerisdesalojado.jpg\" alt=\"\" class=\"wp-image-210194\" srcset=\"https:\/\/www.tucomarca.com\/wordpress\/segunda\/wp-content\/uploads\/2024\/02\/UnioCarlesPerisdesalojado.jpg 886w, https:\/\/www.tucomarca.com\/wordpress\/segunda\/wp-content\/uploads\/2024\/02\/UnioCarlesPerisdesalojado-300x198.jpg 300w, https:\/\/www.tucomarca.com\/wordpress\/segunda\/wp-content\/uploads\/2024\/02\/UnioCarlesPerisdesalojado-768x508.jpg 768w\" sizes=\"auto, (max-width: 886px) 100vw, 886px\" \/><\/figure>\n\n\n\n<p><strong>Hasta 8 protestas de La Uni\u00f3 este a\u00f1o<\/strong><\/p>\n\n\n\n<p>Junto a la meteorolog\u00eda hay que destacar que ha sido un a\u00f1o de protestas, hasta un total de 8 ha protagonizado La Uni\u00f3 a lo largo de 2024. La primera fue una hoguera del vino el pasado 26 de enero en Caudete de las Fuentes, junto al resto de organizaciones agrarias y cooperativas. La segunda fue convocada por La Uni\u00f3 en el puerto de Castell\u00f3n el 7 de febrero. La tercera se repiti\u00f3 el 15 de febrero en PortCastell\u00f3, junto a las otras organizaciones agrarias y cooperativas. La cuarta se celebr\u00f3, tambi\u00e9n con el conjunto de organizaciones agrarias y cooperativas, el pasado 16 de febrero con tres tractoradas simult\u00e1neas en la provincia de Alicante (San Isidro, Villena y Planes-Muro). La quinta fue una gran tractorada-manifestaci\u00f3n en Madrid el 21 de febrero de Uni\u00f3n de Uniones y el 22 de febrero se celebr\u00f3 otra protesta conjunta en el puerto de Val\u00e8ncia.&nbsp;<\/p>\n\n\n\n<p>Tras este primer periodo de movilizaciones a\u00fan se celebraron otras dos: el 15 de abril ante una empresa arrocera en Algemes\u00ed y el 21 de junio otra frente a las puertas de la Conselleria de Agricultura en Val\u00e8ncia.<\/p>\n\n\n\n<p>Despu\u00e9s de este intenso calendario de protestas se ha logrado que el Port de Castell\u00f3 elimine las bonificaciones a los c\u00edtricos importados de terceros pa\u00edses, tal y como le hab\u00eda solicitado La Uni\u00f3. As\u00ed mismo, que el Ministerio de Agricultura suscriba 43 medidas consensuadas con las organizaciones agrarias (Uni\u00f3n de Uniones y Upa) de apoyo al sector, con un 70% de estas ya implementadas e importantes avances logrados, entre ellos la no obligatoriedad del Cuaderno Digital de Explotaci\u00f3n o el uso de las fotos georreferenciadas, as\u00ed como que en ganader\u00eda sea solo voluntario a partir del 1 de junio de 2025 la adopci\u00f3n del Plan Sanitario Integral o la designaci\u00f3n de un veterinario de explotaci\u00f3n, entre otras muchas cosas. Del mismo modo se ha logrado que la Comisi\u00f3n Europea simplifique tr\u00e1mites administrativos, suprima algunos requisitos medioambientales o que se frenen normativas contrarias al sector agrario.<\/p>\n\n\n\n<p><strong>Crecimiento de las importaciones con plagas y de alertas<\/strong><\/p>\n\n\n\n<p>Junto a los efectos de la meteorolog\u00eda o las protestas hay que destacar de nuevo el crecimiento de las importaciones procedentes de terceros pa\u00edses sin reciprocidad que hunden los precios de nuestras producciones o la amenaza y lucha contra las plagas normalmente importadas. Este mismo a\u00f1o se ha confirmado la irrupci\u00f3n del trips sudafricano Scirtothrips aurantii Faure que ya afecta entre otros cultivos en nuestro territorio al caqui donde el destr\u00edo por las plagas y la falta de fitosanitarios y herramientas de control biol\u00f3gico ha provocado que esta campa\u00f1a los productores dejen de ingresar m\u00e1s de 47 millones de euros. En el cultivo de la granada deja unos 15 millones de euros de p\u00e9rdidas y en el caso de los c\u00edtricos el creciente control contra las plagas y enfermedades de este \u00faltimo a\u00f1o provoca ya un aumento de los costes de producci\u00f3n del 40% a los agricultores ante la necesidad de realizar m\u00e1s tratamientos para combatirlas y la implementaci\u00f3n de lucha biol\u00f3gica mediante sistemas de suelta de fauna \u00fatil.&nbsp;<\/p>\n\n\n\n<p>La Uni\u00f3 ha seguido este a\u00f1o realizando anal\u00edticas de productos importados en laboratorios homologados. Por ejemplo, en c\u00edtricos de Sud\u00e1frica se revela que el 88% de las muestras analizadas en supermercados e hipermercados de aqu\u00ed no se podr\u00edan vender en otros pa\u00edses europeos menos tolerantes o en la uva de mesa importada, principalmente de pa\u00edses de Mercosur, que se consume ahora en Nochevieja, donde la organizaci\u00f3n ha detectado hasta dos materias activas prohibidas para su uso en la UE. &nbsp;<\/p>\n\n\n\n<p>El sector agrario se ve asfixiado continuamente por los costes de producci\u00f3n que no paran de subir y una industria y una gran distribuci\u00f3n que ejercen implacablemente su poder de negociaci\u00f3n en los mercados e imponen unos precios que no remuneran en absoluto el trabajo de aquellas personas que producen alimentos.&nbsp;<\/p>\n\n\n\n<p>En este sentido, la Ley de mejora del funcionamiento de la Cadena Alimentaria sigue sin ser \u00fatil para los productores porque no acaba con los desequilibrios de la cadena que soporta el eslab\u00f3n m\u00e1s d\u00e9bil, aunque su reforma podr\u00eda conllevar cambios positivos en este sentido tal y como se trabaja en las 43 medidas suscritas entre el Gobierno y las dos OPAs.&nbsp;<\/p>\n\n\n\n<p>Hay que se\u00f1alar que a petici\u00f3n de La Uni\u00f3, el Gobierno del Bot\u00e0nic cre\u00f3 la AVICA, la Agencia Valenciana de Informaci\u00f3n y Control Alimentarios, para dar un mejor control de los abusos agroalimentarios en nuestro territorio, pero finalmente se qued\u00f3 en papel mojado ante la supresi\u00f3n por parte del nuevo equipo de la Generalitat de esta. Crisis de precios ha habido en 2024 en numerosos cultivos, pero hay que destacar la de los productores de lim\u00f3n, cebolla, sand\u00eda o uva de mesa Moscatel que fueron denunciadas por La Uni\u00f3 durante todo este a\u00f1o.<\/p>\n\n\n\n<p><strong>La amenaza de Mercosur<\/strong><\/p>\n\n\n\n<p>Salvo alg\u00fan \u00e9xito de La Uni\u00f3, pocas cosas han cambiado en relaci\u00f3n con la competencia desleal en la Uni\u00f3n Europea entre los productos europeos y los procedentes de pa\u00edses terceros.&nbsp;<\/p>\n\n\n\n<p>Del acuerdo con Sud\u00e1frica no se tienen noticias acerca de su revisi\u00f3n, no existe tampoco la certeza de que se vayan a considerar los c\u00edtricos como producto sensible a la hora de firmar los tratados comerciales ni se avanza en la adopci\u00f3n de las cl\u00e1usulas espejo, a pesar del compromiso que adopt\u00f3 a este respecto el propio ministro de Agricultura, Luis Planas.&nbsp;<\/p>\n\n\n\n<p>Y todo esto va a ser un claro peligro para nuestras producciones si se ratifica el acuerdo con Mercosur. Un estudio elaborado por La Uni\u00f3 revela que ya de antemano la balanza comercial agraria entre los pa\u00edses de Mercosur y Espa\u00f1a es claramente deficitaria para nuestros intereses en los productos m\u00e1s perjudicados por el acuerdo (arroz, c\u00edtricos, fruta o sectores ganaderos como el av\u00edcola, vacuno o ap\u00edcola) pues el d\u00e9ficit en volumen es de m\u00e1s de 240.000 toneladas. Seg\u00fan la informaci\u00f3n que ha recabado La Uni\u00f3 acerca del acuerdo pol\u00edtico, la Uni\u00f3n Europea se compromete a liberalizar el 77% de las l\u00edneas arancelarias del sector agrario, que corresponden a un volumen comercial superior al 80%. Esto incluye acceso preferencial a una serie de productos de Mercosur como carnes y frutas. La carne vacuna, por ejemplo, tendr\u00e1 una cuota de 99.000 toneladas que, actualmente sujeta a aranceles que superan el 100%, tendr\u00e1 acceso al mercado europeo con aranceles reducidos a niveles competitivos. La carne de ave tendr\u00e1 un cupo de 180.000 toneladas con exenci\u00f3n arancelaria dentro del cupo, mientras que la de cerdo tendr\u00e1 25.000 toneladas en condiciones preferenciales. Otros productos agr\u00edcolas que recibir\u00e1n acceso preferencial o exenci\u00f3n total son los c\u00edtricos, aguacates, melones, sand\u00edas o uvas de mesa, muchos de los cuales tendr\u00e1n la eliminaci\u00f3n total de sus aranceles en periodos que oscilar\u00e1n entre 4 y 10 a\u00f1os.<\/p>\n\n\n\n<p>Como viene denunciando La Uni\u00f3 puntualmente, cada vez hay m\u00e1s interceptaciones en la UE de productos importados en frontera con plagas y este a\u00f1o se han duplicado, lo mismo que las alertas sanitarias por detecci\u00f3n de sustancias activas cuyo uso est\u00e1 prohibido en el \u00e1mbito de la UE, pero no para terceros pa\u00edses. En este 2024 se detecta un aumento del 40% de las alertas europeas en productos hortofrut\u00edcolas importados con materias activas no autorizadas aqu\u00ed.<\/p>\n\n\n\n<p>No existe la reciprocidad deseable y hay que adoptar un compromiso de exigencia para que esa reducci\u00f3n de pesticidas, antibi\u00f3ticos y fertilizantes a las que nos obligan las autoridades comunitarias se cumpla tambi\u00e9n para los productores de fuera. La reciprocidad en el uso de productos fitosanitarios es una de las principales demandas de La Uni\u00f3 que seguir\u00e1 reclamando en 2025. Del mismo modo habr\u00eda que extender el tratamiento de fr\u00edo tambi\u00e9n a las mandarinas y pomelos.&nbsp;<\/p>\n\n\n\n<p><strong>Quemas agr\u00edcolas<\/strong><\/p>\n\n\n\n<p>En relaci\u00f3n con las quemas agr\u00edcolas, La Uni\u00f3 propone que el per\u00edodo de autorizaci\u00f3n de las quemas agr\u00edcolas y m\u00e1rgenes se adapte a la realidad agr\u00edcola de cada a\u00f1o seg\u00fan las necesidades y circunstancias meteorol\u00f3gicas y no con fechas fijas por ser un sistema obsoleto de control de los incendios.&nbsp;<\/p>\n\n\n\n<p><strong>Grandes proyectos fotovoltaicos<\/strong><\/p>\n\n\n\n<p>La concentraci\u00f3n de instalaciones fotovoltaicas en grandes plantas en suelo agr\u00edcola o forestal es una clara agresi\u00f3n al mundo rural que pone en peligro una importante superficie de terrenos agr\u00edcolas en plena producci\u00f3n, adem\u00e1s de aniquilar la forma de vida de las personas que tienen su proyecto vital en estas zonas. La organizaci\u00f3n insiste en que se priorice el autoconsumo energ\u00e9tico en los tejados de las zonas urbanas, en los pol\u00edgonos industriales, en zonas degradadas y en infraestructuras o edificios de propiedad p\u00fablica en las zonas demandantes de energ\u00eda para no destruir el territorio rural.&nbsp;<\/p>\n\n\n\n<p><strong>Fauna salvaje<\/strong><\/p>\n\n\n\n<p>La presi\u00f3n cineg\u00e9tica por numerosas especies, sobre todo jabal\u00edes y conejos, es elevada y por ello La Uni\u00f3 sigue reclamando medios y propuestas eficaces para controlar y reducir esta proliferaci\u00f3n hasta niveles sostenibles para el medio, ya que los agricultores sufren un sobrecoste desmesurado. M\u00e1s de 45 millones de euros en p\u00e9rdidas deja este a\u00f1o la proliferaci\u00f3n de fauna silvestre en el campo valenciano.&nbsp;<\/p>\n\n\n\n<p>La Conselleria de Agricultura reconoci\u00f3 oficialmente hace unos meses que \u201clas medidas aplicadas hasta el momento para luchar contra la fauna silvestre no son suficientes para frenar la expansi\u00f3n demogr\u00e1fica de diversas especies, ni la frecuencia y magnitud de sus impactos sobre las actividades humanas y el medio natural\u201d. Tambi\u00e9n considera que \u201clas especies est\u00e1n incrementando su poblaci\u00f3n y por tanto se ampl\u00edan las \u00e1reas afectadas alcanzando niveles de riesgo real para las explotaciones agrarias\u201d.<\/p>\n\n\n\n<p>A pesar de todo ello, Conselleria sigue sin poner en marcha las ayudas propuestas en su d\u00eda y aprobadas por les Corts para paliar los da\u00f1os en las explotaciones agrarias causadas por especies cineg\u00e9ticas. Est\u00e1n dotadas con un importe rid\u00edculo de 250.000 euros, mientras por ejemplo en una comunidad vecina como Catalu\u00f1a el presupuesto ser\u00e1 de 6,3 millones de euros. Adem\u00e1s, cabe denunciar el cambio de opini\u00f3n de la Conselleria de Agricultura a la hora de dar ayudas para paliar los da\u00f1os causados por la fauna cineg\u00e9tica en las explotaciones agrarias de la Comunitat Valenciana, ya que ahora prev\u00e9 \u00fanicamente medidas de prevenci\u00f3n en lugar de compensaci\u00f3n, tal y como hab\u00eda anunciado en reiteradas ocasiones. La Uni\u00f3 sigue reclamando que combinen ambos aspectos. La organizaci\u00f3n denuncia que ni siquiera se han puesto en marcha esas medidas preventivas, como es el caso del establecimiento de barreras que impidan su acceso a las mismas y, en consecuencia, da\u00f1os en los cultivos o transmisi\u00f3n de enfermedades en las especies pecuarias, o la instalaci\u00f3n de jaulas-trampa.<\/p>\n\n\n\n<p><strong>Otros retos para 2025<\/strong><\/p>\n\n\n\n<p>Aparte de lo ya mencionado en relaci\u00f3n con las ayudas por adversidades meteorol\u00f3gicas, las importaciones o las plagas, quemas agr\u00edcolas, fauna salvaje o cadena alimentaria, La Uni\u00f3 plantea tambi\u00e9n otra serie de cuestiones.<\/p>\n\n\n\n<p>La organizaci\u00f3n seguir\u00e1 insistiendo para que los ecorreg\u00edmenes de la PAC sean flexibles y se adapten a las realidad agr\u00edcola y clim\u00e1tica de la Comunitat Valenciana.&nbsp;<\/p>\n\n\n\n<p>Tambi\u00e9n desear\u00eda que este a\u00f1o se reduzcan todav\u00eda m\u00e1s los robos de cosechas en las explotaciones agr\u00edcolas porque a pesar de su descenso, todav\u00eda se producen un total de casi cuatro al d\u00eda en la Comunitat Valenciana con datos de las denuncias presentadas, por lo que el n\u00famero es superior ya que lamentablemente no todos los robos son denunciados. La provincia de Valencia es adem\u00e1s la que sufre m\u00e1s robos en explotaciones agr\u00edcolas y ganaderas de toda Espa\u00f1a.<\/p>\n\n\n\n<p>La Uni\u00f3 seguir\u00e1 trabajando en este nuevo a\u00f1o para que la IGP Turr\u00f3n de Jijona y Turr\u00f3n de Alicante introduzcan la referencia al origen de sus materias primas, como es el caso de la almendra o la miel. Las modificaciones en el pliego de condiciones de las IGP Turr\u00f3n de Jijona y Turr\u00f3n de Alicante suprimieron cualquier referencia al origen de las materias primas. La Uni\u00f3 ya denunci\u00f3 en su d\u00eda esta decisi\u00f3n, que la Conselleria de Agricultura rechaz\u00f3 atender. Sin requisitos sobre el origen, los turrones etiquetados bajo estas IGP pueden contener almendra importada, mayoritariamente de Estados Unidos, y miel de diversas procedencias, dejando en desventaja a los agricultores y apicultores valencianos.<\/p>\n\n\n\n<p>La organizaci\u00f3n tambi\u00e9n pide a la Conselleria de Agricultura -que tiene las competencias en esta materia-, que en 2025 haya un mayor relevo generacional en el campo valenciano con la incorporaci\u00f3n y permanencia de cada vez m\u00e1s j\u00f3venes. Hay que resaltar que la Generalitat lleva desde 2021 sin publicar la convocatoria de ayudas para la primera instalaci\u00f3n de agricultores y ganaderos j\u00f3venes, a pesar de que por ejemplo m\u00e1s del 74% de los agricultores valencianos tiene m\u00e1s de 55 a\u00f1os. En este punto, si no hay una respuesta inmediata, La Uni\u00f3 convocar\u00e1 movilizaciones a principios de a\u00f1o porque ante el creciente abandono y envejecimiento de la poblaci\u00f3n agraria, no es admisible la dejadez y pasividad de la Generalitat ante unos j\u00f3venes que desean incorporarse al sector.<\/p>\n\n\n\n<p>La Uni\u00f3 apuesta por visibilizar el papel crucial que desempe\u00f1an las mujeres en las zonas rurales de la Comunitat Valenciana, as\u00ed como que entraran de una forma m\u00e1s decidida en la titularidad compartida de las explotaciones porque no es de recibo que solo haya dadas de alta en la Comunitat Valenciana 20 mujeres.&nbsp;<\/p>\n\n\n\n<p>La organizaci\u00f3n permanecer\u00e1 vigilante tambi\u00e9n ante el posible recorte del trasvase Tajo-Segura por parte del Gobierno de Espa\u00f1a, porque en caso de producirse perjudicar\u00eda a una de las zonas que constituye la huerta de Europa como es el sur de Alicante.&nbsp;<\/p>\n\n\n\n<p>Finalmente, La Uni\u00f3 anima a los consumidores durante estos d\u00edas, pero tambi\u00e9n durante todo el a\u00f1o, a adquirir productos de proximidad que tienen un frescor, calidad y seguridad alimentaria contrastada.<\/p>\n","protected":false},"excerpt":{"rendered":"<div class=\"mh-excerpt\">Es un a\u00f1o tambi\u00e9n marcado por las protestas en las calles: hasta 8 ha llevado a cabo La Uni\u00f3 a lo largo de 2024. Las adversidades meteorol\u00f3gicas, sobre todo la sequ\u00eda y las lluvias torrenciales <a class=\"mh-excerpt-more\" href=\"https:\/\/www.tucomarca.com\/wordpress\/segunda\/las-adversidades-meteorologicas-provocan-unas-perdidas-este-ano-en-el-campo-valenciano-superiores-a-los-1-400-millones-de-euros\/\" title=\"Las adversidades meteorol\u00f3gicas provocan unas p\u00e9rdidas este a\u00f1o en el campo valenciano superiores a los 1.400 millones de euros\">[+] <\/a><\/div>\n","protected":false},"author":12,"featured_media":244234,"comment_status":"open","ping_status":"open","sticky":false,"template":"","format":"standard","meta":{"footnotes":""},"categories":[169,38,21465,128,8,72,117,142,3,116,45],"tags":[20201,21751,18020],"class_list":{"0":"post-249038","1":"post","2":"type-post","3":"status-publish","4":"format-standard","5":"has-post-thumbnail","7":"category-agricultura-la-comarca","8":"category-ayora-cofrentes","9":"category-dana","10":"category-infraestructuras","11":"category-la-comarca","12":"category-sin-categorizar","13":"category-medio-ambiente-la-comarca","14":"category-politica-la-comarca","15":"category-seccion","16":"category-sucesos-la-comarca","17":"category-ventana","18":"tag-agricultura-valenciana","19":"tag-balance-2024","20":"tag-la-unio-llauradora"},"_links":{"self":[{"href":"https:\/\/www.tucomarca.com\/wordpress\/segunda\/wp-json\/wp\/v2\/posts\/249038","targetHints":{"allow":["GET"]}}],"collection":[{"href":"https:\/\/www.tucomarca.com\/wordpress\/segunda\/wp-json\/wp\/v2\/posts"}],"about":[{"href":"https:\/\/www.tucomarca.com\/wordpress\/segunda\/wp-json\/wp\/v2\/types\/post"}],"author":[{"embeddable":true,"href":"https:\/\/www.tucomarca.com\/wordpress\/segunda\/wp-json\/wp\/v2\/users\/12"}],"replies":[{"embeddable":true,"href":"https:\/\/www.tucomarca.com\/wordpress\/segunda\/wp-json\/wp\/v2\/comments?post=249038"}],"version-history":[{"count":0,"href":"https:\/\/www.tucomarca.com\/wordpress\/segunda\/wp-json\/wp\/v2\/posts\/249038\/revisions"}],"wp:featuredmedia":[{"embeddable":true,"href":"https:\/\/www.tucomarca.com\/wordpress\/segunda\/wp-json\/wp\/v2\/media\/244234"}],"wp:attachment":[{"href":"https:\/\/www.tucomarca.com\/wordpress\/segunda\/wp-json\/wp\/v2\/media?parent=249038"}],"wp:term":[{"taxonomy":"category","embeddable":true,"href":"https:\/\/www.tucomarca.com\/wordpress\/segunda\/wp-json\/wp\/v2\/categories?post=249038"},{"taxonomy":"post_tag","embeddable":true,"href":"https:\/\/www.tucomarca.com\/wordpress\/segunda\/wp-json\/wp\/v2\/tags?post=249038"}],"curies":[{"name":"wp","href":"https:\/\/api.w.org\/{rel}","templated":true}]}}