{"id":249215,"date":"2024-12-31T09:00:00","date_gmt":"2024-12-31T07:00:00","guid":{"rendered":"https:\/\/www.tucomarca.com\/wordpress\/segunda\/?p=249215"},"modified":"2024-12-31T15:25:59","modified_gmt":"2024-12-31T13:25:59","slug":"utiel-celebra-las-preuvas-para-dejar-atras-2024-y-dar-la-bienvenida-a-un-nuevo-ano-cargado-de-esperanza","status":"publish","type":"post","link":"https:\/\/www.tucomarca.com\/wordpress\/segunda\/utiel-celebra-las-preuvas-para-dejar-atras-2024-y-dar-la-bienvenida-a-un-nuevo-ano-cargado-de-esperanza\/","title":{"rendered":"Utiel celebra las &#8216;preuvas&#8217; para dejar atr\u00e1s 2024 y dar la bienvenida \u00aba un nuevo a\u00f1o cargado de esperanza\u00bb"},"content":{"rendered":"\n<h3 class=\"wp-block-heading\">El Ayuntamiento de Utiel contin\u00faa la iniciativa que tan buena acogida tuvo el a\u00f1o pasado para ofrecer una gran despedida al a\u00f1o en familia.<\/h3>\n\n\n\n<p>Esta tarde la Plaza del Ayuntamiento de Utiel ha acogido la fiesta de las Pre\u00favas, para dar la bienvenida de forma anticipada al nuevo a\u00f1o y desear a vecinos y visitantes un 2025 cargado de esperanza tras una etapa adversa.&nbsp;<\/p>\n\n\n\n<p>Ni\u00f1os y mayores han compartido las campanadas de fin de a\u00f1o &nbsp;en la segunda edici\u00f3n de esta fiesta que pone en valor el esp\u00edritu navide\u00f1o y la ilusi\u00f3n y alegr\u00eda de compartir el fin de a\u00f1o con &nbsp;familia , amigos y vecinos.<\/p>\n\n\n\n<p>A las 18 horas ha comenzado LA fiesta PRE\u00daVAS con \u201cMini-disco\u201d para los m\u00e1s peque\u00f1os y una hora m\u00e1s tarde, &nbsp;cuando el reloj del consistorio marcaba las 19 horas, comenzaron las 12 campanadas del a\u00f1o nuevo anticipado. En esta ocasi\u00f3n la cuenta atr\u00e1s cambi\u00f3 las uvas por los gusanitos de la suerte, que previamente han repartido unos colaboradores muy especiales, efectivos de la Guardia Real de Madrid.<\/p>\n\n\n\n<p>El alcalde de Utiel, &nbsp;Ricardo Gabald\u00f3n ha felicitado las fiestas navide\u00f1as a todos, a agradecido el comportamiento ejemplar de la ciudadan\u00eda y en especial de los m\u00e1s peque\u00f1os durante estos 2 meses tras la DANA y &nbsp;ha transmitido un mensaje de esperanza para que \u00bb todos unidos consigamos avanzar y dar la bienvenida a un nuevo a\u00f1o 2025 de superaci\u00f3n y progreso \u00ab<\/p>\n\n\n\n<p>&nbsp;Para finalizar, con buen ambiente y diversi\u00f3n esta tarde previa a la nochevieja , ha continuado una extraordinaria sesi\u00f3n de m\u00fasica para toda la familia.<\/p>\n\n\n\n<figure class=\"wp-block-gallery has-nested-images columns-default is-cropped wp-block-gallery-1 is-layout-flex wp-block-gallery-is-layout-flex\">\n<figure class=\"wp-block-image size-large\"><img loading=\"lazy\" decoding=\"async\" width=\"1024\" height=\"771\" data-id=\"249220\" src=\"https:\/\/www.tucomarca.com\/wordpress\/segunda\/wp-content\/uploads\/2024\/12\/PreuvasUtiel02-1024x771.jpeg\" alt=\"\" class=\"wp-image-249220\" srcset=\"https:\/\/www.tucomarca.com\/wordpress\/segunda\/wp-content\/uploads\/2024\/12\/PreuvasUtiel02-1024x771.jpeg 1024w, https:\/\/www.tucomarca.com\/wordpress\/segunda\/wp-content\/uploads\/2024\/12\/PreuvasUtiel02-300x226.jpeg 300w, https:\/\/www.tucomarca.com\/wordpress\/segunda\/wp-content\/uploads\/2024\/12\/PreuvasUtiel02-768x578.jpeg 768w, https:\/\/www.tucomarca.com\/wordpress\/segunda\/wp-content\/uploads\/2024\/12\/PreuvasUtiel02-1536x1156.jpeg 1536w, https:\/\/www.tucomarca.com\/wordpress\/segunda\/wp-content\/uploads\/2024\/12\/PreuvasUtiel02-678x509.jpeg 678w, https:\/\/www.tucomarca.com\/wordpress\/segunda\/wp-content\/uploads\/2024\/12\/PreuvasUtiel02-326x245.jpeg 326w, https:\/\/www.tucomarca.com\/wordpress\/segunda\/wp-content\/uploads\/2024\/12\/PreuvasUtiel02-80x60.jpeg 80w, https:\/\/www.tucomarca.com\/wordpress\/segunda\/wp-content\/uploads\/2024\/12\/PreuvasUtiel02.jpeg 1600w\" sizes=\"auto, (max-width: 1024px) 100vw, 1024px\" \/><\/figure>\n\n\n\n<figure class=\"wp-block-image size-large\"><img loading=\"lazy\" decoding=\"async\" width=\"789\" height=\"1024\" data-id=\"249218\" src=\"https:\/\/www.tucomarca.com\/wordpress\/segunda\/wp-content\/uploads\/2024\/12\/PreuvasUtiel01-789x1024.jpeg\" alt=\"\" class=\"wp-image-249218\" srcset=\"https:\/\/www.tucomarca.com\/wordpress\/segunda\/wp-content\/uploads\/2024\/12\/PreuvasUtiel01-789x1024.jpeg 789w, https:\/\/www.tucomarca.com\/wordpress\/segunda\/wp-content\/uploads\/2024\/12\/PreuvasUtiel01-231x300.jpeg 231w, https:\/\/www.tucomarca.com\/wordpress\/segunda\/wp-content\/uploads\/2024\/12\/PreuvasUtiel01-768x997.jpeg 768w, https:\/\/www.tucomarca.com\/wordpress\/segunda\/wp-content\/uploads\/2024\/12\/PreuvasUtiel01.jpeg 1043w\" sizes=\"auto, (max-width: 789px) 100vw, 789px\" \/><\/figure>\n<\/figure>\n","protected":false},"excerpt":{"rendered":"<div class=\"mh-excerpt\">El Ayuntamiento de Utiel contin\u00faa la iniciativa que tan buena acogida tuvo el a\u00f1o pasado para ofrecer una gran despedida al a\u00f1o en familia. Esta tarde la Plaza del Ayuntamiento de Utiel ha acogido la <a class=\"mh-excerpt-more\" href=\"https:\/\/www.tucomarca.com\/wordpress\/segunda\/utiel-celebra-las-preuvas-para-dejar-atras-2024-y-dar-la-bienvenida-a-un-nuevo-ano-cargado-de-esperanza\/\" title=\"Utiel celebra las &#8216;preuvas&#8217; para dejar atr\u00e1s 2024 y dar la bienvenida \u00aba un nuevo a\u00f1o cargado de esperanza\u00bb\">[+] <\/a><\/div>\n","protected":false},"author":13,"featured_media":249222,"comment_status":"open","ping_status":"open","sticky":false,"template":"","format":"gallery","meta":{"footnotes":""},"categories":[8,7,27,3,29],"tags":[15855,10387,10389],"class_list":{"0":"post-249215","1":"post","2":"type-post","3":"status-publish","4":"format-gallery","5":"has-post-thumbnail","7":"category-la-comarca","8":"category-ocio-y-cultura","9":"category-requena-utiel","10":"category-seccion","11":"category-utiel","12":"tag-ocio-y-cultura","13":"tag-requena-utiel","14":"tag-utiel","15":"post_format-post-format-gallery"},"_links":{"self":[{"href":"https:\/\/www.tucomarca.com\/wordpress\/segunda\/wp-json\/wp\/v2\/posts\/249215","targetHints":{"allow":["GET"]}}],"collection":[{"href":"https:\/\/www.tucomarca.com\/wordpress\/segunda\/wp-json\/wp\/v2\/posts"}],"about":[{"href":"https:\/\/www.tucomarca.com\/wordpress\/segunda\/wp-json\/wp\/v2\/types\/post"}],"author":[{"embeddable":true,"href":"https:\/\/www.tucomarca.com\/wordpress\/segunda\/wp-json\/wp\/v2\/users\/13"}],"replies":[{"embeddable":true,"href":"https:\/\/www.tucomarca.com\/wordpress\/segunda\/wp-json\/wp\/v2\/comments?post=249215"}],"version-history":[{"count":0,"href":"https:\/\/www.tucomarca.com\/wordpress\/segunda\/wp-json\/wp\/v2\/posts\/249215\/revisions"}],"wp:featuredmedia":[{"embeddable":true,"href":"https:\/\/www.tucomarca.com\/wordpress\/segunda\/wp-json\/wp\/v2\/media\/249222"}],"wp:attachment":[{"href":"https:\/\/www.tucomarca.com\/wordpress\/segunda\/wp-json\/wp\/v2\/media?parent=249215"}],"wp:term":[{"taxonomy":"category","embeddable":true,"href":"https:\/\/www.tucomarca.com\/wordpress\/segunda\/wp-json\/wp\/v2\/categories?post=249215"},{"taxonomy":"post_tag","embeddable":true,"href":"https:\/\/www.tucomarca.com\/wordpress\/segunda\/wp-json\/wp\/v2\/tags?post=249215"}],"curies":[{"name":"wp","href":"https:\/\/api.w.org\/{rel}","templated":true}]}}