{"id":249291,"date":"2025-01-02T10:15:00","date_gmt":"2025-01-02T08:15:00","guid":{"rendered":"https:\/\/www.tucomarca.com\/wordpress\/segunda\/?p=249291"},"modified":"2025-01-02T19:24:05","modified_gmt":"2025-01-02T17:24:05","slug":"medio-ambiente-certifica-que-48-arboles-protegidos-entre-ellos-varios-de-riba-roja-alzira-y-montroi-han-resistido-al-impacto-de-las-inundaciones","status":"publish","type":"post","link":"https:\/\/www.tucomarca.com\/wordpress\/segunda\/medio-ambiente-certifica-que-48-arboles-protegidos-entre-ellos-varios-de-riba-roja-alzira-y-montroi-han-resistido-al-impacto-de-las-inundaciones\/","title":{"rendered":"Medio Ambiente certifica que 48 \u00e1rboles protegidos, entre ellos varios de Riba-roja, Alzira y Montroi, han resistido al impacto de las inundaciones"},"content":{"rendered":"\n<h3 class=\"wp-block-heading\">Diez de estos \u00e1rboles se encontraban dentro de las cuencas de barrancos o r\u00edos: siete en Riba-roja de Turia, uno en Paiporta, uno en Alzira y uno en Montroi.<\/h3>\n\n\n\n<h3 class=\"wp-block-heading\">El eucalipto situado en el barranco del Poyo a su paso por Paiporta se ha convertido en un icono tras sobrevivir a una segunda riada.<\/h3>\n\n\n\n<p>La Conselleria de Medio Ambiente, Infraestructuras y Territorio ha certificado que 48 \u00e1rboles protegidos han resistido al impacto de las inundaciones. Diez de estos ejemplares se encontraban dentro de las cuencas de barrancos o r\u00edos y el resto en las zonas inundables.<\/p>\n\n\n\n<p>De todos los \u00e1rboles que han sobrevivido, el m\u00e1s emblem\u00e1tico es el ejemplar de eucalipto situado en el lecho del cauce del barranco de Paiporta, cuyas ra\u00edces aguantaron la fuerza de la riada del d\u00eda 29 de octubre y tambi\u00e9n la de 1957.<\/p>\n\n\n\n<p>Este \u00e1rbol del Cat\u00e1logo de \u00c1rboles Monumentales y Singulares de la Comunitat Valenciana ha resistido la embestida de la corriente desbordada y de todos los objetos arrastrados que han podido impactar o engancharse en \u00e9l, lo que demuestra la gran fortaleza de su sistema de ra\u00edces.<\/p>\n\n\n\n<p>Ten\u00eda el tronco y las ramas llenas de restos vegetales, residuos, pl\u00e1sticos, y hasta un pal\u00e9 de madera que ya han sido retirados. Adem\u00e1s, se ha recuperado el entorno del ejemplar de eucalipto con la extracci\u00f3n del margen del cauce de los residuos de diversa tipolog\u00eda, provenientes de la limpieza de las inmediaciones, que hab\u00edan sido depositados all\u00ed.<\/p>\n\n\n\n<p>De la inspecci\u00f3n realizada por el Centro para la Investigaci\u00f3n y Experimentaci\u00f3n Forestal (CIEF) se desprende que, aunque este \u00e1rbol no presenta un estado grave en la actualidad, ha perdido una parte de copa y presenta diversas heridas. Por tanto, se realizar\u00e1 un seguimiento continuo de su evoluci\u00f3n para evaluar el impacto a largo plazo.<\/p>\n\n\n\n<p>Desde la Generalitat se ha acreditado que s\u00f3lo dos \u00e1rboles no han podido resistir los efectos de la riada. En concreto, en Riba-roja ha desaparecido uno de los \u00e1rboles catalogados, que ya se encontraba afectado por un incendio en 2020, y en Chiva una garrofera que se encontraba pr\u00f3xima al barranco del Gallo y fue descalzada por la fuerza del agua.<\/p>\n\n\n\n<p><strong>Distribuci\u00f3n de los \u00e1rboles afectados por la dana<\/strong><\/p>\n\n\n\n<p>De los 50 \u00e1rboles situados en la zona afectada por la dana, diez de ellos se encontraban en los cauces de los r\u00edos y ramblas principales: siete en Riba-roja de Turia (entre ellos, el desaparecido chopo), uno en Paiporta, uno en Alzira, y uno en Montroi.<\/p>\n\n\n\n<p>El resto de los \u00e1rboles est\u00e1n en la zona inundada por los desbordamientos, pero m\u00e1s separados de los cauces principales, por lo que el riesgo fue menor, y no se han visto afectados o han tenido una afecci\u00f3n leve.<\/p>\n\n\n\n<p>Las especies m\u00e1s afectadas por las inundaciones son chopos, eucaliptos y palmeras datileras. Adem\u00e1s, los t\u00e9cnicos del CIEF han confirmado que habr\u00e1 que tener especial cuidado y vigilancia con los algarrobos y los olivos por el exceso de humedad en los suelos que puede afectar a medio plazo.<\/p>\n","protected":false},"excerpt":{"rendered":"<div class=\"mh-excerpt\">Diez de estos \u00e1rboles se encontraban dentro de las cuencas de barrancos o r\u00edos: siete en Riba-roja de Turia, uno en Paiporta, uno en Alzira y uno en Montroi. El eucalipto situado en el barranco <a class=\"mh-excerpt-more\" href=\"https:\/\/www.tucomarca.com\/wordpress\/segunda\/medio-ambiente-certifica-que-48-arboles-protegidos-entre-ellos-varios-de-riba-roja-alzira-y-montroi-han-resistido-al-impacto-de-las-inundaciones\/\" title=\"Medio Ambiente certifica que 48 \u00e1rboles protegidos, entre ellos varios de Riba-roja, Alzira y Montroi, han resistido al impacto de las inundaciones\">[+] <\/a><\/div>\n","protected":false},"author":13,"featured_media":249294,"comment_status":"open","ping_status":"open","sticky":false,"template":"","format":"standard","meta":{"footnotes":""},"categories":[69,46,21465,128,8,72,42,117,160,7,142,182,3,116,45],"tags":[10402,10395,12831,2142,3640,1138,1504],"class_list":{"0":"post-249291","1":"post","2":"type-post","3":"status-publish","4":"format-standard","5":"has-post-thumbnail","7":"category-alzira","8":"category-camp-de-turia","9":"category-dana","10":"category-infraestructuras","11":"category-la-comarca","12":"category-sin-categorizar","13":"category-la-ribera","14":"category-medio-ambiente-la-comarca","15":"category-montroi","16":"category-ocio-y-cultura","17":"category-politica-la-comarca","18":"category-riba-roja","19":"category-seccion","20":"category-sucesos-la-comarca","21":"category-ventana","22":"tag-alzira","23":"tag-camp-de-turia","24":"tag-dana-2","25":"tag-la-comunitat","26":"tag-la-ribera-alta","27":"tag-montroi","28":"tag-riba-roja-2"},"_links":{"self":[{"href":"https:\/\/www.tucomarca.com\/wordpress\/segunda\/wp-json\/wp\/v2\/posts\/249291","targetHints":{"allow":["GET"]}}],"collection":[{"href":"https:\/\/www.tucomarca.com\/wordpress\/segunda\/wp-json\/wp\/v2\/posts"}],"about":[{"href":"https:\/\/www.tucomarca.com\/wordpress\/segunda\/wp-json\/wp\/v2\/types\/post"}],"author":[{"embeddable":true,"href":"https:\/\/www.tucomarca.com\/wordpress\/segunda\/wp-json\/wp\/v2\/users\/13"}],"replies":[{"embeddable":true,"href":"https:\/\/www.tucomarca.com\/wordpress\/segunda\/wp-json\/wp\/v2\/comments?post=249291"}],"version-history":[{"count":0,"href":"https:\/\/www.tucomarca.com\/wordpress\/segunda\/wp-json\/wp\/v2\/posts\/249291\/revisions"}],"wp:featuredmedia":[{"embeddable":true,"href":"https:\/\/www.tucomarca.com\/wordpress\/segunda\/wp-json\/wp\/v2\/media\/249294"}],"wp:attachment":[{"href":"https:\/\/www.tucomarca.com\/wordpress\/segunda\/wp-json\/wp\/v2\/media?parent=249291"}],"wp:term":[{"taxonomy":"category","embeddable":true,"href":"https:\/\/www.tucomarca.com\/wordpress\/segunda\/wp-json\/wp\/v2\/categories?post=249291"},{"taxonomy":"post_tag","embeddable":true,"href":"https:\/\/www.tucomarca.com\/wordpress\/segunda\/wp-json\/wp\/v2\/tags?post=249291"}],"curies":[{"name":"wp","href":"https:\/\/api.w.org\/{rel}","templated":true}]}}