{"id":249366,"date":"2025-01-04T09:30:00","date_gmt":"2025-01-04T07:30:00","guid":{"rendered":"https:\/\/www.tucomarca.com\/wordpress\/segunda\/?p=249366"},"modified":"2025-01-04T22:49:11","modified_gmt":"2025-01-04T20:49:11","slug":"el-roscon-de-reyes-gigante-de-utiel-rinde-homenaje-a-los-municipios-afectados-por-la-dana-y-endulza-las-navidades-a-mas-de-2500-personas","status":"publish","type":"post","link":"https:\/\/www.tucomarca.com\/wordpress\/segunda\/el-roscon-de-reyes-gigante-de-utiel-rinde-homenaje-a-los-municipios-afectados-por-la-dana-y-endulza-las-navidades-a-mas-de-2500-personas\/","title":{"rendered":"El Rosc\u00f3n de Reyes Gigante de Utiel rinde homenaje a los municipios afectados por la DANA y endulza las Navidades a m\u00e1s de 2500 personas"},"content":{"rendered":"\n<p>Este a\u00f1o el Rosc\u00f3n de Reyes Gigante de Utiel inclu\u00eda sorpresa solidaria al rendir homenaje a todos los municipios afectados por la DANA con un r\u00f3tulo dedicado a cada uno de ellos a lo largo de los 56 metros que este a\u00f1o conforman el postre t\u00edpico.<\/p>\n\n\n\n<p>El Ayuntamiento de Utiel y la empresa especializada en panader\u00eda y pasteler\u00eda \u00abLa Tahona de Utiel\u00bb, han querido dedicar este dulce t\u00edpico a las personas que est\u00e1n atravesando momentos dif\u00edciles tras los efectos de las inundaciones y \u00a0volver a endulzar las navidades a vecinos y visitantes con el tradicional rosc\u00f3n y chocolate caliente.<\/p>\n\n\n\n<p>En esta cuarta edici\u00f3n, &nbsp;m\u00e1s de 2.500 vecinos se han dado cita en la Plaza Puerta del Sol para disfrutar de este dulce t\u00edpico de Reyes que ha seguido ampliando dimensiones y ha batido su propio r\u00e9cord alcanzando los 56 metros de delicioso postre.<\/p>\n\n\n\n<p>Una merienda navide\u00f1a extraordinaria que este a\u00f1o ha querido compartir con utielanos y visitantes la Vicepresidenta del Consell, Susana Camarero. Junto al alcalde de Utiel , Ricardo Gabald\u00f3n y al \u00a0gerente de la compa\u00f1\u00eda, Alberto Rueda, han trasladado a todos los asistentes sus mejores deseos para este 2025 reci\u00e9n estrenado y han mostrado su total apoyo a los damnificados por la Dana.<\/p>\n\n\n\n<p>Tras el corte inaugural del rosc\u00f3n a cargo de las autoridades, ha comenzado el reparto de este rosc\u00f3n extra gigante que la empresa de alimentaci\u00f3n ha querido compartir de forma altruista con m\u00e1s de 2500 vecinos en estas fechas tan se\u00f1aladas.<\/p>\n\n\n\n<p>Para su elaboraci\u00f3n, se han utilizado 700 huevos de gallinas criadas en suelo, 200 kilos de harina, 75 kilos de masa madre, 350 naranjas, 100 limones, 20 kilos de mantequilla, 18 litros de leche, 100 kilos de az\u00facar y otros 100 de fruta confitada m\u00e1s el toque especial de agua de azahar.<\/p>\n\n\n\n<p>El Ayuntamiento de Utiel agradece a La Tahona de Utiel este regalo especial con el que endulzan las fiestas navide\u00f1as a todos los utielanos y utielanas en esta tarde especial de convivencia vecinal que da la bienvenida al reci\u00e9n estrenado 2025 y se convierte en la antesala de la llegada de Sus Majestades Los Reyes Magos de Oriente a nuestro municipio.<\/p>\n\n\n\n<figure class=\"wp-block-gallery has-nested-images columns-default is-cropped wp-block-gallery-1 is-layout-flex wp-block-gallery-is-layout-flex\">\n<figure class=\"wp-block-image size-large\"><img loading=\"lazy\" decoding=\"async\" width=\"886\" height=\"667\" data-id=\"249370\" src=\"https:\/\/www.tucomarca.com\/wordpress\/segunda\/wp-content\/uploads\/2025\/01\/RosconUtiel01.jpg\" alt=\"\" class=\"wp-image-249370\" srcset=\"https:\/\/www.tucomarca.com\/wordpress\/segunda\/wp-content\/uploads\/2025\/01\/RosconUtiel01.jpg 886w, https:\/\/www.tucomarca.com\/wordpress\/segunda\/wp-content\/uploads\/2025\/01\/RosconUtiel01-300x226.jpg 300w, https:\/\/www.tucomarca.com\/wordpress\/segunda\/wp-content\/uploads\/2025\/01\/RosconUtiel01-768x578.jpg 768w, https:\/\/www.tucomarca.com\/wordpress\/segunda\/wp-content\/uploads\/2025\/01\/RosconUtiel01-678x509.jpg 678w, https:\/\/www.tucomarca.com\/wordpress\/segunda\/wp-content\/uploads\/2025\/01\/RosconUtiel01-326x245.jpg 326w, https:\/\/www.tucomarca.com\/wordpress\/segunda\/wp-content\/uploads\/2025\/01\/RosconUtiel01-80x60.jpg 80w\" sizes=\"auto, (max-width: 886px) 100vw, 886px\" \/><\/figure>\n<\/figure>\n","protected":false},"excerpt":{"rendered":"<div class=\"mh-excerpt\">Este a\u00f1o el Rosc\u00f3n de Reyes Gigante de Utiel inclu\u00eda sorpresa solidaria al rendir homenaje a todos los municipios afectados por la DANA con un r\u00f3tulo dedicado a cada uno de ellos a lo largo <a class=\"mh-excerpt-more\" href=\"https:\/\/www.tucomarca.com\/wordpress\/segunda\/el-roscon-de-reyes-gigante-de-utiel-rinde-homenaje-a-los-municipios-afectados-por-la-dana-y-endulza-las-navidades-a-mas-de-2500-personas\/\" title=\"El Rosc\u00f3n de Reyes Gigante de Utiel rinde homenaje a los municipios afectados por la DANA y endulza las Navidades a m\u00e1s de 2500 personas\">[+] <\/a><\/div>\n","protected":false},"author":12,"featured_media":249372,"comment_status":"open","ping_status":"open","sticky":false,"template":"","format":"standard","meta":{"footnotes":""},"categories":[21465,8,72,7,27,3,29],"tags":[10387,21766,10389],"class_list":{"0":"post-249366","1":"post","2":"type-post","3":"status-publish","4":"format-standard","5":"has-post-thumbnail","7":"category-dana","8":"category-la-comarca","9":"category-sin-categorizar","10":"category-ocio-y-cultura","11":"category-requena-utiel","12":"category-seccion","13":"category-utiel","14":"tag-requena-utiel","15":"tag-roscon-gigante-reyes","16":"tag-utiel"},"_links":{"self":[{"href":"https:\/\/www.tucomarca.com\/wordpress\/segunda\/wp-json\/wp\/v2\/posts\/249366","targetHints":{"allow":["GET"]}}],"collection":[{"href":"https:\/\/www.tucomarca.com\/wordpress\/segunda\/wp-json\/wp\/v2\/posts"}],"about":[{"href":"https:\/\/www.tucomarca.com\/wordpress\/segunda\/wp-json\/wp\/v2\/types\/post"}],"author":[{"embeddable":true,"href":"https:\/\/www.tucomarca.com\/wordpress\/segunda\/wp-json\/wp\/v2\/users\/12"}],"replies":[{"embeddable":true,"href":"https:\/\/www.tucomarca.com\/wordpress\/segunda\/wp-json\/wp\/v2\/comments?post=249366"}],"version-history":[{"count":0,"href":"https:\/\/www.tucomarca.com\/wordpress\/segunda\/wp-json\/wp\/v2\/posts\/249366\/revisions"}],"wp:featuredmedia":[{"embeddable":true,"href":"https:\/\/www.tucomarca.com\/wordpress\/segunda\/wp-json\/wp\/v2\/media\/249372"}],"wp:attachment":[{"href":"https:\/\/www.tucomarca.com\/wordpress\/segunda\/wp-json\/wp\/v2\/media?parent=249366"}],"wp:term":[{"taxonomy":"category","embeddable":true,"href":"https:\/\/www.tucomarca.com\/wordpress\/segunda\/wp-json\/wp\/v2\/categories?post=249366"},{"taxonomy":"post_tag","embeddable":true,"href":"https:\/\/www.tucomarca.com\/wordpress\/segunda\/wp-json\/wp\/v2\/tags?post=249366"}],"curies":[{"name":"wp","href":"https:\/\/api.w.org\/{rel}","templated":true}]}}