{"id":249380,"date":"2025-01-04T10:00:00","date_gmt":"2025-01-04T08:00:00","guid":{"rendered":"https:\/\/www.tucomarca.com\/wordpress\/segunda\/?p=249380"},"modified":"2025-01-04T22:51:18","modified_gmt":"2025-01-04T20:51:18","slug":"la-directora-general-de-igualdad-davinia-bono-acompanada-del-alcalde-de-utiel-ricardo-gabaldon-visita-la-escuela-de-navidad-y-las-zonas-afectadas-por-la-dana","status":"publish","type":"post","link":"https:\/\/www.tucomarca.com\/wordpress\/segunda\/la-directora-general-de-igualdad-davinia-bono-acompanada-del-alcalde-de-utiel-ricardo-gabaldon-visita-la-escuela-de-navidad-y-las-zonas-afectadas-por-la-dana\/","title":{"rendered":"La Directora General de Igualdad, Davinia Bono, acompa\u00f1ada del alcalde de Utiel, Ricardo Gabald\u00f3n, visita la Escuela de Navidad y las zonas afectadas por la DANA\u00a0"},"content":{"rendered":"\n<p>Ayer la Directora General de Igualdad y del Instituto de las Mujeres, Davinia Bono, se trasladaba a Utiel para conocer la implantanci\u00f3n de la Escuela de Navidad en el municipio que comenzaba el pasado 23 de diciembre y concluye hoy su programaci\u00f3n.<\/p>\n\n\n\n<p>La representante de Servicios Sociales de la Generalitat Valenciana ha visitado las instalaciones acompa\u00f1ada del alcalde de Utiel, Ricardo Gabald\u00f3n y de la concejala de Educaci\u00f3n, Carmina Febr\u00e9, &nbsp; y ha conocido in situ las diferentes manualidades, talleres y juegos que los monitores y monitoras est\u00e1n desarrollando con los m\u00e1s peque\u00f1os para que disfruten aprendiendo durante este periodo&nbsp; vacacional.<\/p>\n\n\n\n<p>La Directora General,Davinia Bono y el alcalde de Utiel, Ricardo Gabald\u00f3n, han destacado la trascendencia de estos proyectos que contribuyen a facilitar la conciliaci\u00f3n familiar y laboral y permiten que los ni\u00f1os y ni\u00f1as puedan disfrutar de eventos l\u00fadico-educativos en fechas en las que sus progenitores y familiares contin\u00faan con su actividad laboral<\/p>\n\n\n\n<p>Tras conocer las instalaciones y actividades de la Escuela de Navidad, el alcalde de Utiel acompa\u00f1\u00f3 a la Directora General de Igualdad a las principales zonas afectadas por la DANA para trasladarle la situaci\u00f3n que est\u00e1n atravesando numerosas familias del municipio y solicitar el apoyo de la Conseller\u00eda de Servicios Sociales en materias de su competencia.&nbsp;<\/p>\n\n\n\n<figure class=\"wp-block-image size-large\"><img loading=\"lazy\" decoding=\"async\" width=\"1024\" height=\"768\" src=\"https:\/\/www.tucomarca.com\/wordpress\/segunda\/wp-content\/uploads\/2025\/01\/DaviniaBonoUtiel2-1024x768.jpeg\" alt=\"\" class=\"wp-image-249383\" srcset=\"https:\/\/www.tucomarca.com\/wordpress\/segunda\/wp-content\/uploads\/2025\/01\/DaviniaBonoUtiel2-1024x768.jpeg 1024w, https:\/\/www.tucomarca.com\/wordpress\/segunda\/wp-content\/uploads\/2025\/01\/DaviniaBonoUtiel2-300x225.jpeg 300w, https:\/\/www.tucomarca.com\/wordpress\/segunda\/wp-content\/uploads\/2025\/01\/DaviniaBonoUtiel2-768x576.jpeg 768w, https:\/\/www.tucomarca.com\/wordpress\/segunda\/wp-content\/uploads\/2025\/01\/DaviniaBonoUtiel2-1536x1152.jpeg 1536w, https:\/\/www.tucomarca.com\/wordpress\/segunda\/wp-content\/uploads\/2025\/01\/DaviniaBonoUtiel2-678x509.jpeg 678w, https:\/\/www.tucomarca.com\/wordpress\/segunda\/wp-content\/uploads\/2025\/01\/DaviniaBonoUtiel2-326x245.jpeg 326w, https:\/\/www.tucomarca.com\/wordpress\/segunda\/wp-content\/uploads\/2025\/01\/DaviniaBonoUtiel2-80x60.jpeg 80w, https:\/\/www.tucomarca.com\/wordpress\/segunda\/wp-content\/uploads\/2025\/01\/DaviniaBonoUtiel2.jpeg 1600w\" sizes=\"auto, (max-width: 1024px) 100vw, 1024px\" \/><\/figure>\n","protected":false},"excerpt":{"rendered":"<div class=\"mh-excerpt\">Ayer la Directora General de Igualdad y del Instituto de las Mujeres, Davinia Bono, se trasladaba a Utiel para conocer la implantanci\u00f3n de la Escuela de Navidad en el municipio que comenzaba el pasado 23 <a class=\"mh-excerpt-more\" href=\"https:\/\/www.tucomarca.com\/wordpress\/segunda\/la-directora-general-de-igualdad-davinia-bono-acompanada-del-alcalde-de-utiel-ricardo-gabaldon-visita-la-escuela-de-navidad-y-las-zonas-afectadas-por-la-dana\/\" title=\"La Directora General de Igualdad, Davinia Bono, acompa\u00f1ada del alcalde de Utiel, Ricardo Gabald\u00f3n, visita la Escuela de Navidad y las zonas afectadas por la DANA\u00a0\">[+] <\/a><\/div>\n","protected":false},"author":12,"featured_media":249381,"comment_status":"open","ping_status":"open","sticky":false,"template":"","format":"standard","meta":{"footnotes":""},"categories":[169,21465,128,8,72,117,142,27,3,116,29,45],"tags":[12831,2142,15855,10387,10389],"class_list":{"0":"post-249380","1":"post","2":"type-post","3":"status-publish","4":"format-standard","5":"has-post-thumbnail","7":"category-agricultura-la-comarca","8":"category-dana","9":"category-infraestructuras","10":"category-la-comarca","11":"category-sin-categorizar","12":"category-medio-ambiente-la-comarca","13":"category-politica-la-comarca","14":"category-requena-utiel","15":"category-seccion","16":"category-sucesos-la-comarca","17":"category-utiel","18":"category-ventana","19":"tag-dana-2","20":"tag-la-comunitat","21":"tag-ocio-y-cultura","22":"tag-requena-utiel","23":"tag-utiel"},"_links":{"self":[{"href":"https:\/\/www.tucomarca.com\/wordpress\/segunda\/wp-json\/wp\/v2\/posts\/249380","targetHints":{"allow":["GET"]}}],"collection":[{"href":"https:\/\/www.tucomarca.com\/wordpress\/segunda\/wp-json\/wp\/v2\/posts"}],"about":[{"href":"https:\/\/www.tucomarca.com\/wordpress\/segunda\/wp-json\/wp\/v2\/types\/post"}],"author":[{"embeddable":true,"href":"https:\/\/www.tucomarca.com\/wordpress\/segunda\/wp-json\/wp\/v2\/users\/12"}],"replies":[{"embeddable":true,"href":"https:\/\/www.tucomarca.com\/wordpress\/segunda\/wp-json\/wp\/v2\/comments?post=249380"}],"version-history":[{"count":0,"href":"https:\/\/www.tucomarca.com\/wordpress\/segunda\/wp-json\/wp\/v2\/posts\/249380\/revisions"}],"wp:featuredmedia":[{"embeddable":true,"href":"https:\/\/www.tucomarca.com\/wordpress\/segunda\/wp-json\/wp\/v2\/media\/249381"}],"wp:attachment":[{"href":"https:\/\/www.tucomarca.com\/wordpress\/segunda\/wp-json\/wp\/v2\/media?parent=249380"}],"wp:term":[{"taxonomy":"category","embeddable":true,"href":"https:\/\/www.tucomarca.com\/wordpress\/segunda\/wp-json\/wp\/v2\/categories?post=249380"},{"taxonomy":"post_tag","embeddable":true,"href":"https:\/\/www.tucomarca.com\/wordpress\/segunda\/wp-json\/wp\/v2\/tags?post=249380"}],"curies":[{"name":"wp","href":"https:\/\/api.w.org\/{rel}","templated":true}]}}