{"id":249399,"date":"2025-01-04T09:00:00","date_gmt":"2025-01-04T07:00:00","guid":{"rendered":"https:\/\/www.tucomarca.com\/wordpress\/segunda\/?p=249399"},"modified":"2025-01-04T22:26:14","modified_gmt":"2025-01-04T20:26:14","slug":"la-unio-pide-a-los-reyes-magos-que-los-politicos-tengan-en-2025-mas-coherencia-y-voluntad-politica","status":"publish","type":"post","link":"https:\/\/www.tucomarca.com\/wordpress\/segunda\/la-unio-pide-a-los-reyes-magos-que-los-politicos-tengan-en-2025-mas-coherencia-y-voluntad-politica\/","title":{"rendered":"La Uni\u00f3 pide a los Reyes Magos que los pol\u00edticos tengan en 2025 m\u00e1s coherencia y voluntad pol\u00edtica"},"content":{"rendered":"\n<h3 class=\"wp-block-heading\">Muchos de los problemas del campo valenciano dependen de las decisiones que se toman en los despachos.<\/h3>\n\n\n\n<p>La Uni\u00f3 Llauradora i Ramadera, en su carta a los Reyes Magos, pide para los pol\u00edticos, tanto a nivel auton\u00f3mico, estatal y europeo, una mayor coordinaci\u00f3n, voluntad y coherencia para poder avanzar en la agenda agraria y ganadera.<br>Considera la organizaci\u00f3n que muchos de los problemas del campo valenciano dependen de las decisiones que se toman en los despachos, por lo que pide en su carta a los RRMM capacidad de escucha, de di\u00e1logo y una actitud positiva para todos aquellos decisores p\u00fablicos.<br>La Uni\u00f3, que empez\u00f3 el a\u00f1o pasado celebrando una gran manifestaci\u00f3n, cree que tanto en Europa como en Espa\u00f1a y en la Comunitat Valenciana no se puede perder la oportunidad de trabajar en la defensa del campo y de una producci\u00f3n sostenible econ\u00f3micamente y responsable con las demandas de la sociedad.<br>En este sentido, insta a las diferentes Administraciones a coordinarse y ser efectivas en la llegada de las ayudas para paliar los da\u00f1os por la dana y recuperar la capacidad productiva de las explotaciones lo m\u00e1s pronto posible, con la reparaci\u00f3n urgente as\u00ed mismo de las infraestructuras da\u00f1adas.<br>Tambi\u00e9n pide a los gobernantes y grupos pol\u00edticos que se cierren en banda ante acuerdos comerciales que generan competencia desleal y no respetan la reciprocidad en los est\u00e1ndares de producci\u00f3n en materia de fitosanitarios o medioambientales como es el caso de Mercosur y otros, y que adem\u00e1s tienen un impacto negativo para los agricultores y ganaderos valencianos.<br>\u201cPara que siga habiendo agricultores y ganaderos que nos alimenten tiene que haber rentabilidad en lo que hacemos, sino, apaga y v\u00e1monos\u201d, comentan desde la organizaci\u00f3n. \u201cHasta que la Conselleria y Ministerio de Agricultura, y la Comisi\u00f3n Europea no entiendan esto, escuchen al campo y abran sus mentes m\u00e1s all\u00e1 de las estrategias, la agricultura y la ganader\u00eda no van a ir a bien\u201d, a\u00f1aden.<br>En la misma l\u00ednea, pide que se piense en los productores, se flexibilice las PAC y se apueste, por otro lado, por una cadena alimentaria justa que evite la venta a p\u00e9rdidas, que defina la posici\u00f3n de dominio y no sean los productores y los consumidores los que paguen los platos rotos de c\u00f3mo va la econom\u00eda mundial.<br>La organizaci\u00f3n se\u00f1ala que en 2025 se abrir\u00e1n ya los debates para la PAC que vendr\u00e1 despu\u00e9s de 2027, en los que contribuir\u00e1 con sus posiciones siempre enfocadas en centrar la pol\u00edtica agraria en los profesionales y en contar con mecanismos eficientes de regulaci\u00f3n en caso de distorsiones del mercado.<br>En cuanto a los aspectos m\u00e1s locales, La Uni\u00f3 espera que tanto el ejecutivo como el legislativo se abran a discutir mejoras en la regulaci\u00f3n de la cadena alimentaria que la dote de herramientas m\u00e1s eficaces para reforzar la posici\u00f3n negociadora de los agricultores y ganaderos y defenderse de las pr\u00e1cticas abusivas. \u201cLas ayudas est\u00e1n para lo que est\u00e1n, pero defender nuestros precios en la cadena es lo fundamental para sostener y mejorar nuestras rentas\u201d subrayan.<br>Por otro lado, la organizaci\u00f3n conf\u00eda en que se pueda avanzar en la mejora del sistema de seguros agrarios. \u201cTenemos que ser capaces, con todos los implicados, de rescatar el seguro agrario para los agricultores y sacarlo de la senda en la que ha entrado en los \u00faltimos a\u00f1os de encarecerlo y recortar sus prestaciones\u201d, apuntan. Tambi\u00e9n coloca entre sus prioridades la revisi\u00f3n en profundidad de los protocolos de sanidad vegetal y animal.<br>Por \u00faltimo, La Uni\u00f3 conf\u00eda en que 2025 sea tambi\u00e9n el a\u00f1o en que, las organizaciones que se sienten a negociar todas estas cuestiones, est\u00e9n respaldadas por las urnas y por la acreditaci\u00f3n de su implantaci\u00f3n en los territorios mediante criterios objetivos.<br>La Uni\u00f3 y el resto de organizaciones de Uni\u00f3n de Uniones seguir\u00e1n trabajando, en las mesas de negociaci\u00f3n y en las calles si es necesario, para el cumplimiento de la hoja de ruta firmada en abril de 2024 y en la introducci\u00f3n de nuevas medidas que lo mejoren para aumentar la rentabilidad del campo y que sea un negocio atractivo tambi\u00e9n para favorecer ese relevo generacional del que tanto hablan los pol\u00edticos. En este \u00faltimo aspecto, si la Conselleria de Agricultura no convoca pronto las ayudas para la primera instalaci\u00f3n de agricultores y ganaderos j\u00f3venes que llevan desde 2021 sin publicarse, La Uni\u00f3 podr\u00eda organizar movilizaciones.<\/p>\n","protected":false},"excerpt":{"rendered":"<div class=\"mh-excerpt\">Muchos de los problemas del campo valenciano dependen de las decisiones que se toman en los despachos. La Uni\u00f3 Llauradora i Ramadera, en su carta a los Reyes Magos, pide para los pol\u00edticos, tanto a <a class=\"mh-excerpt-more\" href=\"https:\/\/www.tucomarca.com\/wordpress\/segunda\/la-unio-pide-a-los-reyes-magos-que-los-politicos-tengan-en-2025-mas-coherencia-y-voluntad-politica\/\" title=\"La Uni\u00f3 pide a los Reyes Magos que los pol\u00edticos tengan en 2025 m\u00e1s coherencia y voluntad pol\u00edtica\">[+] <\/a><\/div>\n","protected":false},"author":12,"featured_media":249401,"comment_status":"open","ping_status":"open","sticky":false,"template":"","format":"standard","meta":{"footnotes":""},"categories":[169,21465,128,70,8,72,117,142,3,116,45],"tags":[20201,18020,21081],"class_list":{"0":"post-249399","1":"post","2":"type-post","3":"status-publish","4":"format-standard","5":"has-post-thumbnail","7":"category-agricultura-la-comarca","8":"category-dana","9":"category-infraestructuras","10":"category-la-canal-de-navarres","11":"category-la-comarca","12":"category-sin-categorizar","13":"category-medio-ambiente-la-comarca","14":"category-politica-la-comarca","15":"category-seccion","16":"category-sucesos-la-comarca","17":"category-ventana","18":"tag-agricultura-valenciana","19":"tag-la-unio-llauradora","20":"tag-la-unio-llauradora-i-ramadera"},"_links":{"self":[{"href":"https:\/\/www.tucomarca.com\/wordpress\/segunda\/wp-json\/wp\/v2\/posts\/249399","targetHints":{"allow":["GET"]}}],"collection":[{"href":"https:\/\/www.tucomarca.com\/wordpress\/segunda\/wp-json\/wp\/v2\/posts"}],"about":[{"href":"https:\/\/www.tucomarca.com\/wordpress\/segunda\/wp-json\/wp\/v2\/types\/post"}],"author":[{"embeddable":true,"href":"https:\/\/www.tucomarca.com\/wordpress\/segunda\/wp-json\/wp\/v2\/users\/12"}],"replies":[{"embeddable":true,"href":"https:\/\/www.tucomarca.com\/wordpress\/segunda\/wp-json\/wp\/v2\/comments?post=249399"}],"version-history":[{"count":0,"href":"https:\/\/www.tucomarca.com\/wordpress\/segunda\/wp-json\/wp\/v2\/posts\/249399\/revisions"}],"wp:featuredmedia":[{"embeddable":true,"href":"https:\/\/www.tucomarca.com\/wordpress\/segunda\/wp-json\/wp\/v2\/media\/249401"}],"wp:attachment":[{"href":"https:\/\/www.tucomarca.com\/wordpress\/segunda\/wp-json\/wp\/v2\/media?parent=249399"}],"wp:term":[{"taxonomy":"category","embeddable":true,"href":"https:\/\/www.tucomarca.com\/wordpress\/segunda\/wp-json\/wp\/v2\/categories?post=249399"},{"taxonomy":"post_tag","embeddable":true,"href":"https:\/\/www.tucomarca.com\/wordpress\/segunda\/wp-json\/wp\/v2\/tags?post=249399"}],"curies":[{"name":"wp","href":"https:\/\/api.w.org\/{rel}","templated":true}]}}