{"id":24943,"date":"2014-03-21T15:13:37","date_gmt":"2014-03-21T12:13:37","guid":{"rendered":"http:\/\/www.tucomarca.com\/wordpress\/segunda\/?p=24943"},"modified":"2014-03-21T15:13:37","modified_gmt":"2014-03-21T12:13:37","slug":"ava-asaja-afirma-que-los-regantes-valencianos-afrontan-un-sobrecoste-de-40-millones-a-causa-de-la-peor-sequia-en-150-anos","status":"publish","type":"post","link":"https:\/\/www.tucomarca.com\/wordpress\/segunda\/ava-asaja-afirma-que-los-regantes-valencianos-afrontan-un-sobrecoste-de-40-millones-a-causa-de-la-peor-sequia-en-150-anos\/","title":{"rendered":"Ava-Asaja afirma que los regantes valencianos afrontan un sobrecoste de 40 millones a causa de la peor sequ\u00eda en 150 a\u00f1os"},"content":{"rendered":"<p>El invierno m\u00e1s seco de los \u00faltimos 150 a\u00f1os en la Comunitat Valenciana est\u00e1 teniendo consecuencias devastadoras tanto para la evoluci\u00f3n de muchos cultivos y de determinadas actividades ganaderas, como para la estabilidad econ\u00f3mica de los agricultores, quienes se han visto obligados a incrementar sustancialmente la frecuencia de los riegos en un intento de contrarrestar los nocivos efectos de la persistente sequ\u00eda sobre los cultivos.<br \/>\nLa referida circunstancia, esa falta de lluvias con la frecuencia que suele ser habitual en oto\u00f1o e invierno, ha pasado una onerosa factura a las entidades de riego. Un estudio de la Asociaci\u00f3n Valenciana de Agricultores (AVA-ASAJA) revela que el sobrecoste al que han tenido que hacer frente los cultivadores durante este invierno se sit\u00faa en torno a los 40 millones de euros. Esta estimaci\u00f3n se basa en un sondeo efectuado entre los pozos de riego que ha permitido establecer que la sequ\u00eda ha propiciado un incremento medio del consumo de agua del 30%, al que hay que sumar el aumento del 21% en el gasto y el precio de la electricidad que se usa para la extracci\u00f3n de las aguas subterr\u00e1neas. A partir de estos c\u00e1lculos se puede concluir que cada hect\u00e1rea de las 200.000 que contabiliza el regad\u00edo valenciano ha precisado unos 1.000 m3 m\u00e1s de agua para tratar de paliar el impacto de la sequ\u00eda, lo cual arroja ese sobrecoste adicional para los regantes de unos 40 millones de euros.<br \/>\n\u201cEstamos convencidos de que se trata de una cifra moderada \u2013apunta el presidente de AVA-ASAJA, Crist\u00f3bal Aguado\u2013 porque los responsables de los pozos de riego nos comentan que entre los meses de octubre y marzo se han visto obligados a regar a niveles que son propios del mes de mayo, es decir, cuando ya estamos en plena primavera. Ese gasto a\u00f1adido resulta fat\u00eddico para la renta de los agricultores y tanto es as\u00ed que nos llegan noticias de impagos de facturas en entidades de regantes porque en algunos casos los usuarios ya no pueden hacer frente a ese gasto. La sequ\u00eda afecta ya muy seriamente al bolsillo de los agricultores y, encima, ese sobrecoste generado por la necesidad de regar en pleno invierno tampoco ha impedido que muchos cultivos presenten problemas\u201d.<br \/>\nEfectivamente, el caso de los c\u00edtricos es el m\u00e1s grave y significativo. Tal como ya inform\u00f3 AVA-ASAJA, esta campa\u00f1a las p\u00e9rdidas en la citricultura valenciana superan los 200 millones de euros a ra\u00edz de la incidencia de fisiopat\u00edas causadas por el clima, como la \u201cclareta\u201d y el \u201crajado\u201d, los bajos calibres y los precios de mercado negativos. Tambi\u00e9n en las hortalizas se han dejado sentir los efectos de la sequ\u00eda con descensos de cosecha pr\u00f3ximos al 15% en productos como la alcachofa, la coliflor o la lechuga, una coyuntura que ha acarreado p\u00e9rdidas al sector hort\u00edcola de unos 9 millones de euros.<br \/>\nMientras tanto, la caba\u00f1a ganadera m\u00e1s afectada por la falta de agua y las altas temperaturas ha sido la de ovino-caprino de carne, ya que la escasez de pastos ha disparado el gasto en forrajes para la alimentaci\u00f3n de los animales. El sobrecoste generado en este caso asciende a 8,5 millones de euros.<br \/>\nY a\u00fan est\u00e1n por ver las repercusiones futuras que este invierno tan an\u00f3malo va a tener sobre cultivos como los frutales de verano, los frutos secos o el vi\u00f1edo, puesto que la ausencia de las necesarias horas de fr\u00edo o el d\u00e9ficit h\u00eddrico amenazan con provocar sustanciales mermas en sus respectivas producciones.<br \/>\n\u201cAnte la gravedad de esta coyuntura \u2013afirma Crist\u00f3bal Aguado\u2013 y las perspectivas nada halag\u00fce\u00f1as que se abren es imprescindible que el Gobierno tome cartas en el asunto y aborde el problema con sensibilidad aplicando con car\u00e1cter urgente rebajas de m\u00f3dulos fiscales y poniendo en marcha cuanto antes alg\u00fan plan de ayudas concretas y tarifas especiales para el regad\u00edo\u201d.<\/p>\n","protected":false},"excerpt":{"rendered":"<div class=\"mh-excerpt\">El invierno m\u00e1s seco de los \u00faltimos 150 a\u00f1os en la Comunitat Valenciana est\u00e1 teniendo consecuencias devastadoras tanto para la evoluci\u00f3n de muchos cultivos y de determinadas actividades ganaderas, como para la estabilidad econ\u00f3mica de <a class=\"mh-excerpt-more\" href=\"https:\/\/www.tucomarca.com\/wordpress\/segunda\/ava-asaja-afirma-que-los-regantes-valencianos-afrontan-un-sobrecoste-de-40-millones-a-causa-de-la-peor-sequia-en-150-anos\/\" title=\"Ava-Asaja afirma que los regantes valencianos afrontan un sobrecoste de 40 millones a causa de la peor sequ\u00eda en 150 a\u00f1os\">[+] <\/a><\/div>\n","protected":false},"author":2,"featured_media":0,"comment_status":"open","ping_status":"open","sticky":false,"template":"","format":"standard","meta":{"footnotes":""},"categories":[169,8,72,10,3],"tags":[955,328,3735,3736,2238,3734],"class_list":{"0":"post-24943","1":"post","2":"type-post","3":"status-publish","4":"format-standard","6":"category-agricultura-la-comarca","7":"category-la-comarca","8":"category-sin-categorizar","9":"category-la-hoya","10":"category-seccion","11":"tag-agricultores","12":"tag-ava-asaja","13":"tag-causado","14":"tag-peor-en-150-anos","15":"tag-sequia","16":"tag-sobre-coste"},"_links":{"self":[{"href":"https:\/\/www.tucomarca.com\/wordpress\/segunda\/wp-json\/wp\/v2\/posts\/24943","targetHints":{"allow":["GET"]}}],"collection":[{"href":"https:\/\/www.tucomarca.com\/wordpress\/segunda\/wp-json\/wp\/v2\/posts"}],"about":[{"href":"https:\/\/www.tucomarca.com\/wordpress\/segunda\/wp-json\/wp\/v2\/types\/post"}],"author":[{"embeddable":true,"href":"https:\/\/www.tucomarca.com\/wordpress\/segunda\/wp-json\/wp\/v2\/users\/2"}],"replies":[{"embeddable":true,"href":"https:\/\/www.tucomarca.com\/wordpress\/segunda\/wp-json\/wp\/v2\/comments?post=24943"}],"version-history":[{"count":0,"href":"https:\/\/www.tucomarca.com\/wordpress\/segunda\/wp-json\/wp\/v2\/posts\/24943\/revisions"}],"wp:attachment":[{"href":"https:\/\/www.tucomarca.com\/wordpress\/segunda\/wp-json\/wp\/v2\/media?parent=24943"}],"wp:term":[{"taxonomy":"category","embeddable":true,"href":"https:\/\/www.tucomarca.com\/wordpress\/segunda\/wp-json\/wp\/v2\/categories?post=24943"},{"taxonomy":"post_tag","embeddable":true,"href":"https:\/\/www.tucomarca.com\/wordpress\/segunda\/wp-json\/wp\/v2\/tags?post=24943"}],"curies":[{"name":"wp","href":"https:\/\/api.w.org\/{rel}","templated":true}]}}