{"id":249551,"date":"2025-01-07T08:59:00","date_gmt":"2025-01-07T06:59:00","guid":{"rendered":"https:\/\/www.tucomarca.com\/wordpress\/segunda\/?p=249551"},"modified":"2025-01-07T20:22:24","modified_gmt":"2025-01-07T18:22:24","slug":"los-ninos-y-ninas-de-utiel-y-pedanias-reciben-el-carino-de-sus-majestades-de-oriente","status":"publish","type":"post","link":"https:\/\/www.tucomarca.com\/wordpress\/segunda\/los-ninos-y-ninas-de-utiel-y-pedanias-reciben-el-carino-de-sus-majestades-de-oriente\/","title":{"rendered":"Los ni\u00f1os y ni\u00f1as de Utiel y pedan\u00edas reciben el cari\u00f1o de Sus Majestades de Oriente"},"content":{"rendered":"\n<h3 class=\"wp-block-heading\">Una llegada muy esperada por todos, especialmente este a\u00f1o tras atravesar una etapa adversa con la DANA. Sus Majestades han trasladado un mensaje de apoyo y \u00e1nimo a todos las familias y han deseado que esta nueva etapa venga cargada de ilusi\u00f3n y esperanza.<\/h3>\n\n\n\n<p>Sus Majestades de Oriente llegaban a Utiel para acercar su \u00a0cari\u00f1o y alegr\u00eda a todos los ni\u00f1os y ni\u00f1as que han querido recibir a los Reyes Magos.\u00a0<\/p>\n\n\n\n<p>Este a\u00f1o Melchor, Gaspar y Baltasar han adelantado su llegada al municipio y han iniciado la visita en las pedan\u00edas del municipio donde han sido recibidos con especial entusiasmo.<\/p>\n\n\n\n<p>A partir de las 11.30 horas sus Majestades llegaban al Teatro Rambal rodeados de cientos de ni\u00f1os &nbsp;ni\u00f1as y familiares , expectantes por conocer en persona a los Reyes Magos en este d\u00eda tan especial.<\/p>\n\n\n\n<p>Una llegada muy esperada por todos, especialmente este a\u00f1o tras atravesar una etapa adversa con la DANA. Sus Majestades han trasladado un mensaje de apoyo y \u00e1nimo a todos las familias y que esta nueva etapa venga cargada de \u00a0ilusi\u00f3n y esperanza.<\/p>\n\n\n\n<p>SS.MM. los Reyes Magos, tras un largo viaje desde Oriente, finalmente han podido llegar a los diferentes enclaves del municipio para escuchar personalmente los deseos e ilusiones de los m\u00e1s peque\u00f1os y esta noche llegar a los hogares de todos los ni\u00f1os cargados de alegr\u00eda y felicidad.<\/p>\n\n\n\n<p>Melchor Gaspar y Baltasar, acompa\u00f1ados de su s\u00e9quito, han sido recibidos con especial entusiasmo por los ni\u00f1os y sus familias. Desde las 12.00 de la ma\u00f1ana, los Reyes Magos est\u00e1n acompa\u00f1ando a los ni\u00f1os y ni\u00f1as que han querido conocerlos en persona y hacerles llegar sus deseos y cartas de \u00faltima hora. Sus Majestades y los pajes reales les han entregado como recompensa golosinas y un regalito de agradecimiento por su visita.<\/p>\n\n\n\n<p>A las 18 horas, los Reyes se dejaron ver de nuevo en la tradicional cabalgata que cont\u00f3 con m\u00e1s de un centenar de participantes y animaci\u00f3n de calle. \u00a0El desfile se iniciar\u00e1 desde la Casa de Cultura de Utiel que discurrir\u00e1 por el itinerario habitual, y finalizar\u00e1 con el tradici\u00f3n mensaje real desde el balc\u00f3n consistorial.<\/p>\n","protected":false},"excerpt":{"rendered":"<div class=\"mh-excerpt\">Una llegada muy esperada por todos, especialmente este a\u00f1o tras atravesar una etapa adversa con la DANA. Sus Majestades han trasladado un mensaje de apoyo y \u00e1nimo a todos las familias y han deseado que <a class=\"mh-excerpt-more\" href=\"https:\/\/www.tucomarca.com\/wordpress\/segunda\/los-ninos-y-ninas-de-utiel-y-pedanias-reciben-el-carino-de-sus-majestades-de-oriente\/\" title=\"Los ni\u00f1os y ni\u00f1as de Utiel y pedan\u00edas reciben el cari\u00f1o de Sus Majestades de Oriente\">[+] <\/a><\/div>\n","protected":false},"author":13,"featured_media":249552,"comment_status":"open","ping_status":"open","sticky":false,"template":"","format":"standard","meta":{"footnotes":""},"categories":[21465,8,72,5,7,383,27,3,29,45],"tags":[12831,15855,10387,10389],"class_list":{"0":"post-249551","1":"post","2":"type-post","3":"status-publish","4":"format-standard","5":"has-post-thumbnail","7":"category-dana","8":"category-la-comarca","9":"category-sin-categorizar","10":"category-la-semana-en-imagenes","11":"category-ocio-y-cultura","12":"category-pueblos-en-fiestas","13":"category-requena-utiel","14":"category-seccion","15":"category-utiel","16":"category-ventana","17":"tag-dana-2","18":"tag-ocio-y-cultura","19":"tag-requena-utiel","20":"tag-utiel"},"_links":{"self":[{"href":"https:\/\/www.tucomarca.com\/wordpress\/segunda\/wp-json\/wp\/v2\/posts\/249551","targetHints":{"allow":["GET"]}}],"collection":[{"href":"https:\/\/www.tucomarca.com\/wordpress\/segunda\/wp-json\/wp\/v2\/posts"}],"about":[{"href":"https:\/\/www.tucomarca.com\/wordpress\/segunda\/wp-json\/wp\/v2\/types\/post"}],"author":[{"embeddable":true,"href":"https:\/\/www.tucomarca.com\/wordpress\/segunda\/wp-json\/wp\/v2\/users\/13"}],"replies":[{"embeddable":true,"href":"https:\/\/www.tucomarca.com\/wordpress\/segunda\/wp-json\/wp\/v2\/comments?post=249551"}],"version-history":[{"count":0,"href":"https:\/\/www.tucomarca.com\/wordpress\/segunda\/wp-json\/wp\/v2\/posts\/249551\/revisions"}],"wp:featuredmedia":[{"embeddable":true,"href":"https:\/\/www.tucomarca.com\/wordpress\/segunda\/wp-json\/wp\/v2\/media\/249552"}],"wp:attachment":[{"href":"https:\/\/www.tucomarca.com\/wordpress\/segunda\/wp-json\/wp\/v2\/media?parent=249551"}],"wp:term":[{"taxonomy":"category","embeddable":true,"href":"https:\/\/www.tucomarca.com\/wordpress\/segunda\/wp-json\/wp\/v2\/categories?post=249551"},{"taxonomy":"post_tag","embeddable":true,"href":"https:\/\/www.tucomarca.com\/wordpress\/segunda\/wp-json\/wp\/v2\/tags?post=249551"}],"curies":[{"name":"wp","href":"https:\/\/api.w.org\/{rel}","templated":true}]}}