{"id":250075,"date":"2025-01-10T09:00:00","date_gmt":"2025-01-10T07:00:00","guid":{"rendered":"https:\/\/www.tucomarca.com\/wordpress\/segunda\/?p=250075"},"modified":"2025-01-10T19:57:37","modified_gmt":"2025-01-10T17:57:37","slug":"la-conselleria-de-justicia-recuerda-a-los-familiares-de-fallecidos-en-la-riada-que-no-deben-abonar-ningun-tipo-de-gasto-medico-forense","status":"publish","type":"post","link":"https:\/\/www.tucomarca.com\/wordpress\/segunda\/la-conselleria-de-justicia-recuerda-a-los-familiares-de-fallecidos-en-la-riada-que-no-deben-abonar-ningun-tipo-de-gasto-medico-forense\/","title":{"rendered":"La Conselleria de Justicia recuerda a los familiares de fallecidos en la riada que no deben abonar ning\u00fan tipo de gasto m\u00e9dico forense"},"content":{"rendered":"\n<h3 class=\"wp-block-heading\">Todos los gastos forenses por la pr\u00e1ctica de la autopsia e identificaci\u00f3n corren a cargo de la Conselleria de Justicia a trav\u00e9s del Instituto de Medicina Legal.<\/h3>\n\n\n\n<p>La Conselleria de Justicia y Administraci\u00f3n P\u00fablica recuerda que todos los gastos forenses de las v\u00edctimas de la riada corren a cargo de la Conselleria de Justicia a trav\u00e9s del Instituto de Medicina Legal.<\/p>\n\n\n\n<p>Es necesario se\u00f1alar que el servicio forense no ocasiona gasto alguno por la pr\u00e1ctica de la autopsia ni identificaci\u00f3n a cualquier persona que requiera de estos servicios. La pr\u00e1ctica forense es un servicio p\u00fablico y, por ende, gratuito.<\/p>\n\n\n\n<p>Por lo tanto, la Conselleria quiere dejar claro que el servicio forense no puede ocasionar ni debe ocasionar ning\u00fan gasto a las personas que se hayan visto afectadas por la p\u00e9rdida de alg\u00fan familiar.<\/p>\n\n\n\n<p>En cualquier caso, la Generalitat se mantendr\u00e1 vigilante ante posibles cargos indebidos en las facturas de las funerarias emitidas a los familiares en relaci\u00f3n con el servicio.<\/p>\n","protected":false},"excerpt":{"rendered":"<div class=\"mh-excerpt\">Todos los gastos forenses por la pr\u00e1ctica de la autopsia e identificaci\u00f3n corren a cargo de la Conselleria de Justicia a trav\u00e9s del Instituto de Medicina Legal. La Conselleria de Justicia y Administraci\u00f3n P\u00fablica recuerda <a class=\"mh-excerpt-more\" href=\"https:\/\/www.tucomarca.com\/wordpress\/segunda\/la-conselleria-de-justicia-recuerda-a-los-familiares-de-fallecidos-en-la-riada-que-no-deben-abonar-ningun-tipo-de-gasto-medico-forense\/\" title=\"La Conselleria de Justicia recuerda a los familiares de fallecidos en la riada que no deben abonar ning\u00fan tipo de gasto m\u00e9dico forense\">[+] <\/a><\/div>\n","protected":false},"author":13,"featured_media":244127,"comment_status":"open","ping_status":"open","sticky":false,"template":"","format":"standard","meta":{"footnotes":""},"categories":[21465,128,8,72,142,3,116,45],"tags":[12831,2142,32],"class_list":{"0":"post-250075","1":"post","2":"type-post","3":"status-publish","4":"format-standard","5":"has-post-thumbnail","7":"category-dana","8":"category-infraestructuras","9":"category-la-comarca","10":"category-sin-categorizar","11":"category-politica-la-comarca","12":"category-seccion","13":"category-sucesos-la-comarca","14":"category-ventana","15":"tag-dana-2","16":"tag-la-comunitat","17":"tag-politica"},"_links":{"self":[{"href":"https:\/\/www.tucomarca.com\/wordpress\/segunda\/wp-json\/wp\/v2\/posts\/250075","targetHints":{"allow":["GET"]}}],"collection":[{"href":"https:\/\/www.tucomarca.com\/wordpress\/segunda\/wp-json\/wp\/v2\/posts"}],"about":[{"href":"https:\/\/www.tucomarca.com\/wordpress\/segunda\/wp-json\/wp\/v2\/types\/post"}],"author":[{"embeddable":true,"href":"https:\/\/www.tucomarca.com\/wordpress\/segunda\/wp-json\/wp\/v2\/users\/13"}],"replies":[{"embeddable":true,"href":"https:\/\/www.tucomarca.com\/wordpress\/segunda\/wp-json\/wp\/v2\/comments?post=250075"}],"version-history":[{"count":0,"href":"https:\/\/www.tucomarca.com\/wordpress\/segunda\/wp-json\/wp\/v2\/posts\/250075\/revisions"}],"wp:featuredmedia":[{"embeddable":true,"href":"https:\/\/www.tucomarca.com\/wordpress\/segunda\/wp-json\/wp\/v2\/media\/244127"}],"wp:attachment":[{"href":"https:\/\/www.tucomarca.com\/wordpress\/segunda\/wp-json\/wp\/v2\/media?parent=250075"}],"wp:term":[{"taxonomy":"category","embeddable":true,"href":"https:\/\/www.tucomarca.com\/wordpress\/segunda\/wp-json\/wp\/v2\/categories?post=250075"},{"taxonomy":"post_tag","embeddable":true,"href":"https:\/\/www.tucomarca.com\/wordpress\/segunda\/wp-json\/wp\/v2\/tags?post=250075"}],"curies":[{"name":"wp","href":"https:\/\/api.w.org\/{rel}","templated":true}]}}