{"id":250208,"date":"2025-01-13T12:00:00","date_gmt":"2025-01-13T10:00:00","guid":{"rendered":"https:\/\/www.tucomarca.com\/wordpress\/segunda\/?p=250208"},"modified":"2025-01-13T13:22:33","modified_gmt":"2025-01-13T11:22:33","slug":"tragsa-comenzara-en-breve-los-trabajos-de-recuperacion-de-parcelas-y-explotaciones-agrarias-en-cheste","status":"publish","type":"post","link":"https:\/\/www.tucomarca.com\/wordpress\/segunda\/tragsa-comenzara-en-breve-los-trabajos-de-recuperacion-de-parcelas-y-explotaciones-agrarias-en-cheste\/","title":{"rendered":"Tragsa comenzar\u00e1 en breve los trabajos de recuperaci\u00f3n de parcelas y explotaciones agrarias en Cheste"},"content":{"rendered":"\n<p>El pasado viernes, 10 de enero, el ministro de Agricultura, Pesca y Alimentaci\u00f3n, Luis Planas, visit\u00f3 las labores de reconstrucci\u00f3n de explotaciones agrarias afectadas por la DANA en Chiva, y asegur\u00f3 que pr\u00f3ximamente la empresa p\u00fablica Tragsa abordar\u00e1 tambi\u00e9n los trabajos de recuperaci\u00f3n de parcelas y caminos rurales en Cheste, pese a la actual insuficiencia de maquinaria.<\/p>\n\n\n\n<p>El Ayuntamiento recuerda que las personas titulares de explotaciones afectadas por la DANA deben dar parte a Tragsa a trav\u00e9s del tel\u00e9fono gratuito <strong>900 925 782<\/strong>, si todav\u00eda no lo han hecho, para que la empresa pueda incluir sus reparaciones dentro de las pr\u00f3xima fase de actuaciones en Cheste.<\/p>\n\n\n\n<p><strong>Pagos del seguro agrario y del FEGA<\/strong><\/p>\n\n\n\n<p>Desde el Ministerio se ha informado de que el seguro agrario ha reconocido hasta el momento indemnizaciones por valor de 31,76 millones de euros para un total de 18.500 agricultores, de los que 16.700 ya han recibido el pago y los 1.800 restantes lo percibir\u00e1n en los pr\u00f3ximos d\u00edas.<\/p>\n\n\n\n<p>A lo largo de este mes de enero el Fondo Espa\u00f1ol de Garant\u00eda Agraria (FEGA) abonar\u00e1 tambi\u00e9n las ayudas a los 6.742 agricultores incluidos en la primera lista de beneficiarios publicada. Estas ayudas directas a los agricultores son a fondo perdido y son concedidas de oficio una vez que los peritos constatan que las explotaciones han sufrido p\u00e9rdidas en su producci\u00f3n de al menos un 40%. En este sentido, las labores de peritaci\u00f3n contin\u00faan y pr\u00f3ximamente se publicar\u00e1 un nuevo listado de beneficiarios.<\/p>\n\n\n\n<p><strong>Nuevas ayudas agr\u00edcolas<\/strong><\/p>\n\n\n\n<p>Recientemente se han publicado en el BOE dos l\u00edneas de ayudas destinadas a subvencionar parte de los pr\u00e9stamos ICO y de los avales SAECA de profesionales del sector agrario afectados por la DANA, cuyo plazo de solicitud comenzar\u00e1 el pr\u00f3ximo 16 enero de 2025 y finalizar\u00e1 el 1 de septiembre de 2026.<\/p>\n\n\n\n<p>Tambi\u00e9n est\u00e1 abierto el plazo de las ayudas para la reposici\u00f3n de maquinaria agr\u00edcola da\u00f1ada por la DANA, hasta el 1 de marzo de 2025.&nbsp;<\/p>\n","protected":false},"excerpt":{"rendered":"<div class=\"mh-excerpt\">El pasado viernes, 10 de enero, el ministro de Agricultura, Pesca y Alimentaci\u00f3n, Luis Planas, visit\u00f3 las labores de reconstrucci\u00f3n de explotaciones agrarias afectadas por la DANA en Chiva, y asegur\u00f3 que pr\u00f3ximamente la empresa <a class=\"mh-excerpt-more\" href=\"https:\/\/www.tucomarca.com\/wordpress\/segunda\/tragsa-comenzara-en-breve-los-trabajos-de-recuperacion-de-parcelas-y-explotaciones-agrarias-en-cheste\/\" title=\"Tragsa comenzar\u00e1 en breve los trabajos de recuperaci\u00f3n de parcelas y explotaciones agrarias en Cheste\">[+] <\/a><\/div>\n","protected":false},"author":12,"featured_media":250210,"comment_status":"open","ping_status":"open","sticky":false,"template":"","format":"standard","meta":{"footnotes":""},"categories":[169,17,21465,128,8,72,10,117,142,3,116,45],"tags":[339,12831,5952],"class_list":{"0":"post-250208","1":"post","2":"type-post","3":"status-publish","4":"format-standard","5":"has-post-thumbnail","7":"category-agricultura-la-comarca","8":"category-cheste","9":"category-dana","10":"category-infraestructuras","11":"category-la-comarca","12":"category-sin-categorizar","13":"category-la-hoya","14":"category-medio-ambiente-la-comarca","15":"category-politica-la-comarca","16":"category-seccion","17":"category-sucesos-la-comarca","18":"category-ventana","19":"tag-cheste-2","20":"tag-dana-2","21":"tag-la-hoya-de-bunol-chiva"},"_links":{"self":[{"href":"https:\/\/www.tucomarca.com\/wordpress\/segunda\/wp-json\/wp\/v2\/posts\/250208","targetHints":{"allow":["GET"]}}],"collection":[{"href":"https:\/\/www.tucomarca.com\/wordpress\/segunda\/wp-json\/wp\/v2\/posts"}],"about":[{"href":"https:\/\/www.tucomarca.com\/wordpress\/segunda\/wp-json\/wp\/v2\/types\/post"}],"author":[{"embeddable":true,"href":"https:\/\/www.tucomarca.com\/wordpress\/segunda\/wp-json\/wp\/v2\/users\/12"}],"replies":[{"embeddable":true,"href":"https:\/\/www.tucomarca.com\/wordpress\/segunda\/wp-json\/wp\/v2\/comments?post=250208"}],"version-history":[{"count":0,"href":"https:\/\/www.tucomarca.com\/wordpress\/segunda\/wp-json\/wp\/v2\/posts\/250208\/revisions"}],"wp:featuredmedia":[{"embeddable":true,"href":"https:\/\/www.tucomarca.com\/wordpress\/segunda\/wp-json\/wp\/v2\/media\/250210"}],"wp:attachment":[{"href":"https:\/\/www.tucomarca.com\/wordpress\/segunda\/wp-json\/wp\/v2\/media?parent=250208"}],"wp:term":[{"taxonomy":"category","embeddable":true,"href":"https:\/\/www.tucomarca.com\/wordpress\/segunda\/wp-json\/wp\/v2\/categories?post=250208"},{"taxonomy":"post_tag","embeddable":true,"href":"https:\/\/www.tucomarca.com\/wordpress\/segunda\/wp-json\/wp\/v2\/tags?post=250208"}],"curies":[{"name":"wp","href":"https:\/\/api.w.org\/{rel}","templated":true}]}}