{"id":250250,"date":"2025-01-13T08:30:00","date_gmt":"2025-01-13T06:30:00","guid":{"rendered":"https:\/\/www.tucomarca.com\/wordpress\/segunda\/?p=250250"},"modified":"2025-01-13T20:02:26","modified_gmt":"2025-01-13T18:02:26","slug":"el-circuit-ricardo-tormo-aprueba-un-plan-para-reconstruir-sus-accesos-y-aparcamientos","status":"publish","type":"post","link":"https:\/\/www.tucomarca.com\/wordpress\/segunda\/el-circuit-ricardo-tormo-aprueba-un-plan-para-reconstruir-sus-accesos-y-aparcamientos\/","title":{"rendered":"El Circuit Ricardo Tormo aprueba un plan para reconstruir sus accesos y aparcamientos"},"content":{"rendered":"\n<h3 class=\"wp-block-heading\">El Consejo de administraci\u00f3n del Circuit se ha reunido para estudiar los detalles de la reconstrucci\u00f3n de los accesos y aparcamientos.<\/h3>\n\n\n\n<h3 class=\"wp-block-heading\">Las obras del acceso principal comienzan esta misma semana y culminar\u00e1n en primavera.<\/h3>\n\n\n\n<p>El Consejo de administraci\u00f3n de la empresa gestora del Circuit Ricardo Tormo ha celebrado este lunes una reuni\u00f3n para estudiar y aprobar el plan de reconstrucci\u00f3n de los accesos y los aparcamientos de las instalaciones de Cheste.<\/p>\n\n\n\n<p>Desde el paso de la dana por la provincia de Valencia el 29 de octubre, el Circuit se ha visto obligado a cancelar los \u00faltimos tres eventos del calendario 2024 y ha centrado sus esfuerzos en ayudar a sus vecinos a trav\u00e9s de distintas acciones solidarias y en poner en servicio un acceso alternativo para reiniciar su actividad diaria desde el pasado 5 de diciembre.<\/p>\n\n\n\n<p>El plan de reconstrucci\u00f3n indica las labores que se van a llevar a cabo en las \u00e1reas afectadas para solucionar los problemas de acceso y aparcamiento en los que se encuentra el Circuit desde el 29 de octubre. Asimismo, el Consejo de administraci\u00f3n, presidido por el director general de Deporte, Luis Cervera, ha decidido solicitar la ayuda del Consejo Superior de Deportes para ejecutar estos trabajos.<\/p>\n\n\n\n<p>Las obras en el acceso principal comienzan esta misma semana con la reconstrucci\u00f3n del puente sobre el barranco de Sechara, posteriormente se instalar\u00e1 de nuevo el vallado y se reconstruir\u00e1n los accesos peatonales.<\/p>\n\n\n\n<p>El plan tambi\u00e9n se\u00f1ala los trabajos que se realizar\u00e1n en los aparcamientos P1, P2, P3, P7, P9, P18 y P19 as\u00ed como en la Escuela de Seguridad Vial y el parking de autobuses para que est\u00e9n operativos a partir del mes de marzo.<\/p>\n\n\n\n<p>Hasta entonces cada uno de los eventos del calendario 2025 del Circuit Ricardo Tormo se celebrar\u00e1 con aforo limitado para garantizar la seguridad de los aficionados que asistan a las carreras.<\/p>\n","protected":false},"excerpt":{"rendered":"<div class=\"mh-excerpt\">El Consejo de administraci\u00f3n del Circuit se ha reunido para estudiar los detalles de la reconstrucci\u00f3n de los accesos y aparcamientos. Las obras del acceso principal comienzan esta misma semana y culminar\u00e1n en primavera. El <a class=\"mh-excerpt-more\" href=\"https:\/\/www.tucomarca.com\/wordpress\/segunda\/el-circuit-ricardo-tormo-aprueba-un-plan-para-reconstruir-sus-accesos-y-aparcamientos\/\" title=\"El Circuit Ricardo Tormo aprueba un plan para reconstruir sus accesos y aparcamientos\">[+] <\/a><\/div>\n","protected":false},"author":12,"featured_media":250264,"comment_status":"open","ping_status":"open","sticky":false,"template":"","format":"standard","meta":{"footnotes":""},"categories":[83,17,21465,6,128,8,72,10,117,91,142,3,116,45],"tags":[339,10474,5952],"class_list":{"0":"post-250250","1":"post","2":"type-post","3":"status-publish","4":"format-standard","5":"has-post-thumbnail","7":"category-automovilismo","8":"category-cheste","9":"category-dana","10":"category-deportes","11":"category-infraestructuras","12":"category-la-comarca","13":"category-sin-categorizar","14":"category-la-hoya","15":"category-medio-ambiente-la-comarca","16":"category-motociclismo","17":"category-politica-la-comarca","18":"category-seccion","19":"category-sucesos-la-comarca","20":"category-ventana","21":"tag-cheste-2","22":"tag-circuit-ricardo-tormo","23":"tag-la-hoya-de-bunol-chiva"},"_links":{"self":[{"href":"https:\/\/www.tucomarca.com\/wordpress\/segunda\/wp-json\/wp\/v2\/posts\/250250","targetHints":{"allow":["GET"]}}],"collection":[{"href":"https:\/\/www.tucomarca.com\/wordpress\/segunda\/wp-json\/wp\/v2\/posts"}],"about":[{"href":"https:\/\/www.tucomarca.com\/wordpress\/segunda\/wp-json\/wp\/v2\/types\/post"}],"author":[{"embeddable":true,"href":"https:\/\/www.tucomarca.com\/wordpress\/segunda\/wp-json\/wp\/v2\/users\/12"}],"replies":[{"embeddable":true,"href":"https:\/\/www.tucomarca.com\/wordpress\/segunda\/wp-json\/wp\/v2\/comments?post=250250"}],"version-history":[{"count":0,"href":"https:\/\/www.tucomarca.com\/wordpress\/segunda\/wp-json\/wp\/v2\/posts\/250250\/revisions"}],"wp:featuredmedia":[{"embeddable":true,"href":"https:\/\/www.tucomarca.com\/wordpress\/segunda\/wp-json\/wp\/v2\/media\/250264"}],"wp:attachment":[{"href":"https:\/\/www.tucomarca.com\/wordpress\/segunda\/wp-json\/wp\/v2\/media?parent=250250"}],"wp:term":[{"taxonomy":"category","embeddable":true,"href":"https:\/\/www.tucomarca.com\/wordpress\/segunda\/wp-json\/wp\/v2\/categories?post=250250"},{"taxonomy":"post_tag","embeddable":true,"href":"https:\/\/www.tucomarca.com\/wordpress\/segunda\/wp-json\/wp\/v2\/tags?post=250250"}],"curies":[{"name":"wp","href":"https:\/\/api.w.org\/{rel}","templated":true}]}}