{"id":250559,"date":"2025-01-16T08:00:00","date_gmt":"2025-01-16T06:00:00","guid":{"rendered":"https:\/\/www.tucomarca.com\/wordpress\/segunda\/?p=250559"},"modified":"2025-01-16T16:03:21","modified_gmt":"2025-01-16T14:03:21","slug":"presentacion-del-libro-carceller-la-satira-frente-a-la-intolerancia-en-la-biblioteca-municipal","status":"publish","type":"post","link":"https:\/\/www.tucomarca.com\/wordpress\/segunda\/presentacion-del-libro-carceller-la-satira-frente-a-la-intolerancia-en-la-biblioteca-municipal\/","title":{"rendered":"Presentaci\u00f3n del libro &#8216;Carceller, la s\u00e1tira frente a la intolerancia&#8217; en la biblioteca municipal de Bu\u00f1ol"},"content":{"rendered":"<div class=\"wp-block-image\">\n<figure class=\"alignleft size-large is-resized\"><img loading=\"lazy\" decoding=\"async\" width=\"721\" height=\"1082\" src=\"https:\/\/www.tucomarca.com\/wordpress\/segunda\/wp-content\/uploads\/2025\/01\/LibroCarceller-edited.jpg\" alt=\"\" class=\"wp-image-250562\" style=\"width:337px;height:auto\" srcset=\"https:\/\/www.tucomarca.com\/wordpress\/segunda\/wp-content\/uploads\/2025\/01\/LibroCarceller-edited.jpg 721w, https:\/\/www.tucomarca.com\/wordpress\/segunda\/wp-content\/uploads\/2025\/01\/LibroCarceller-edited-200x300.jpg 200w, https:\/\/www.tucomarca.com\/wordpress\/segunda\/wp-content\/uploads\/2025\/01\/LibroCarceller-edited-682x1024.jpg 682w\" sizes=\"auto, (max-width: 721px) 100vw, 721px\" \/><\/figure>\n<\/div>\n\n\n<p>Este viernes, 17 de enero, a las 19,15 horas, la Sala Raga de la Biblioteca Municipal acoger\u00e1 la presentaci\u00f3n del libro\u00a0<em>Carceller, la s\u00e1tira frente a la intolerancia<\/em>, una obra que rinde homenaje a Vicente Miguel Carceller, destacado editor y periodista republicano.<\/p>\n\n\n\n<p>Este relato gr\u00e1fico, narrado en lenguaje de c\u00f3mic por los autores Fernando Larrauri y Juanfer Briones, se adentra en la vida de Carceller, director y editor de la c\u00e9lebre revista sat\u00edrica&nbsp;<em>La Traca<\/em>. La publicaci\u00f3n, que tuvo una enorme popularidad en las primeras d\u00e9cadas del siglo XX, desapareci\u00f3 en 1940 tras el asesinato de Carceller y su principal dibujante a manos de la dictadura franquista.<\/p>\n\n\n\n<p>A trav\u00e9s de esta obra, se explora la agitada vida pol\u00edtica de la \u00e9poca y se reivindica la figura de Carceller, un hombre de origen humilde que utiliz\u00f3 el periodismo sat\u00edrico como herramienta para denunciar las injusticias de la monarqu\u00eda y la iglesia. Militante del ala izquierda del Partido Republicano de Blasco Ib\u00e1\u00f1ez, Carceller defendi\u00f3 con valent\u00eda sus ideales republicanos desde las p\u00e1ginas de&nbsp;<em>La Traca<\/em>&nbsp;y otras publicaciones sat\u00edricas.<\/p>\n\n\n\n<p>La presentaci\u00f3n del libro, organizada por PSOE, IAB, EUPV, PCE y Podemos, busca mantener viva la memoria democr\u00e1tica de Carceller y su lucha por la democracia y la Rep\u00fablica. Al finalizar el acto, se ofrecer\u00e1 un refrigerio al p\u00fablico asistente.<\/p>\n\n\n\n<p>Una oportunidad \u00fanica para conocer m\u00e1s sobre la historia de un editor que enfrent\u00f3 la intolerancia con la s\u00e1tira y cuya labor sigue siendo una inspiraci\u00f3n para las luchas por la libertad y la justicia social.<\/p>\n","protected":false},"excerpt":{"rendered":"<div class=\"mh-excerpt\">Este viernes, 17 de enero, a las 19,15 horas, la Sala Raga de la Biblioteca Municipal acoger\u00e1 la presentaci\u00f3n del libro\u00a0Carceller, la s\u00e1tira frente a la intolerancia, una obra que rinde homenaje a Vicente Miguel <a class=\"mh-excerpt-more\" href=\"https:\/\/www.tucomarca.com\/wordpress\/segunda\/presentacion-del-libro-carceller-la-satira-frente-a-la-intolerancia-en-la-biblioteca-municipal\/\" title=\"Presentaci\u00f3n del libro &#8216;Carceller, la s\u00e1tira frente a la intolerancia&#8217; en la biblioteca municipal de Bu\u00f1ol\">[+] <\/a><\/div>\n","protected":false},"author":13,"featured_media":250560,"comment_status":"open","ping_status":"open","sticky":false,"template":"","format":"standard","meta":{"footnotes":""},"categories":[4,18,8,10,7,142,3],"tags":[10385,5952,15855],"class_list":{"0":"post-250559","1":"post","2":"type-post","3":"status-publish","4":"format-standard","5":"has-post-thumbnail","7":"category-agenda","8":"category-bunol","9":"category-la-comarca","10":"category-la-hoya","11":"category-ocio-y-cultura","12":"category-politica-la-comarca","13":"category-seccion","14":"tag-bunol","15":"tag-la-hoya-de-bunol-chiva","16":"tag-ocio-y-cultura"},"_links":{"self":[{"href":"https:\/\/www.tucomarca.com\/wordpress\/segunda\/wp-json\/wp\/v2\/posts\/250559","targetHints":{"allow":["GET"]}}],"collection":[{"href":"https:\/\/www.tucomarca.com\/wordpress\/segunda\/wp-json\/wp\/v2\/posts"}],"about":[{"href":"https:\/\/www.tucomarca.com\/wordpress\/segunda\/wp-json\/wp\/v2\/types\/post"}],"author":[{"embeddable":true,"href":"https:\/\/www.tucomarca.com\/wordpress\/segunda\/wp-json\/wp\/v2\/users\/13"}],"replies":[{"embeddable":true,"href":"https:\/\/www.tucomarca.com\/wordpress\/segunda\/wp-json\/wp\/v2\/comments?post=250559"}],"version-history":[{"count":0,"href":"https:\/\/www.tucomarca.com\/wordpress\/segunda\/wp-json\/wp\/v2\/posts\/250559\/revisions"}],"wp:featuredmedia":[{"embeddable":true,"href":"https:\/\/www.tucomarca.com\/wordpress\/segunda\/wp-json\/wp\/v2\/media\/250560"}],"wp:attachment":[{"href":"https:\/\/www.tucomarca.com\/wordpress\/segunda\/wp-json\/wp\/v2\/media?parent=250559"}],"wp:term":[{"taxonomy":"category","embeddable":true,"href":"https:\/\/www.tucomarca.com\/wordpress\/segunda\/wp-json\/wp\/v2\/categories?post=250559"},{"taxonomy":"post_tag","embeddable":true,"href":"https:\/\/www.tucomarca.com\/wordpress\/segunda\/wp-json\/wp\/v2\/tags?post=250559"}],"curies":[{"name":"wp","href":"https:\/\/api.w.org\/{rel}","templated":true}]}}