{"id":250580,"date":"2025-01-16T07:45:00","date_gmt":"2025-01-16T05:45:00","guid":{"rendered":"https:\/\/www.tucomarca.com\/wordpress\/segunda\/?p=250580"},"modified":"2025-01-16T16:09:04","modified_gmt":"2025-01-16T14:09:04","slug":"vicent-mompo-recibe-a-las-falleras-mayores-de-valencia-en-la-diputacio","status":"publish","type":"post","link":"https:\/\/www.tucomarca.com\/wordpress\/segunda\/vicent-mompo-recibe-a-las-falleras-mayores-de-valencia-en-la-diputacio\/","title":{"rendered":"Vicent Momp\u00f3 recibe a las Falleras Mayores de Val\u00e8ncia en la Diputaci\u00f3"},"content":{"rendered":"\n<p>Las Falleras Mayores de Val\u00e8ncia de 2025, Berta Peir\u00f3 y Luc\u00eda Garc\u00eda, han visitado este jueves la sede central de la Diputaci\u00f3 de Val\u00e8ncia.\u00a0 El presidente de la corporaci\u00f3n provincial, Vicent Momp\u00f3, ha acompa\u00f1ado a las m\u00e1ximas representantes de las fiestas en su recorrido por los palacios de la Batlia y els Scala, en la plaza Manises.<\/p>\n\n\n\n<p>Momp\u00f3 ha mostrado a Berta y a Luc\u00eda las principales estancias de la instituci\u00f3n y algunos elementos de su patrimonio, como la Cadira d\u2019Or, que ocup\u00f3 el rey Alfonso XIII en la Exposici\u00f3n Regional de 1909. Tambi\u00e9n han visitado el Sal\u00f3n de Plenos, donde Vicent Momp\u00f3 les ha explicado el funcionamiento de la Diputaci\u00f3n y su car\u00e1cter representativo de los 266 municipios y las tres entidades locales menores de la provincia.&nbsp;<\/p>\n\n\n\n<p>Al finalizar la visita, el presidente ha entregado a las Falleras Mayores sendos abanicos personalizados elaborados artesanalmente por Di Abani. Asimismo, Berta Peir\u00f3 y Luc\u00eda Garc\u00eda han obsequiado a Momp\u00f3 con una pieza de edici\u00f3n limitada y numerada realizada por el artista Sergio Amar.<\/p>\n\n\n\n<figure class=\"wp-block-gallery has-nested-images columns-default is-cropped wp-block-gallery-1 is-layout-flex wp-block-gallery-is-layout-flex\">\n<figure class=\"wp-block-image size-large\"><img loading=\"lazy\" decoding=\"async\" width=\"1024\" height=\"665\" data-id=\"250585\" src=\"https:\/\/www.tucomarca.com\/wordpress\/segunda\/wp-content\/uploads\/2025\/01\/FallerasDiputacion02-1024x665.jpg\" alt=\"\" class=\"wp-image-250585\" srcset=\"https:\/\/www.tucomarca.com\/wordpress\/segunda\/wp-content\/uploads\/2025\/01\/FallerasDiputacion02-1024x665.jpg 1024w, https:\/\/www.tucomarca.com\/wordpress\/segunda\/wp-content\/uploads\/2025\/01\/FallerasDiputacion02-300x195.jpg 300w, https:\/\/www.tucomarca.com\/wordpress\/segunda\/wp-content\/uploads\/2025\/01\/FallerasDiputacion02-768x499.jpg 768w, https:\/\/www.tucomarca.com\/wordpress\/segunda\/wp-content\/uploads\/2025\/01\/FallerasDiputacion02-1536x998.jpg 1536w, https:\/\/www.tucomarca.com\/wordpress\/segunda\/wp-content\/uploads\/2025\/01\/FallerasDiputacion02-2048x1331.jpg 2048w\" sizes=\"auto, (max-width: 1024px) 100vw, 1024px\" \/><\/figure>\n\n\n\n<figure class=\"wp-block-image size-large\"><img loading=\"lazy\" decoding=\"async\" width=\"1024\" height=\"665\" data-id=\"250587\" src=\"https:\/\/www.tucomarca.com\/wordpress\/segunda\/wp-content\/uploads\/2025\/01\/FallerasDiputacion03-1024x665.jpg\" alt=\"\" class=\"wp-image-250587\" srcset=\"https:\/\/www.tucomarca.com\/wordpress\/segunda\/wp-content\/uploads\/2025\/01\/FallerasDiputacion03-1024x665.jpg 1024w, https:\/\/www.tucomarca.com\/wordpress\/segunda\/wp-content\/uploads\/2025\/01\/FallerasDiputacion03-300x195.jpg 300w, https:\/\/www.tucomarca.com\/wordpress\/segunda\/wp-content\/uploads\/2025\/01\/FallerasDiputacion03-768x499.jpg 768w, https:\/\/www.tucomarca.com\/wordpress\/segunda\/wp-content\/uploads\/2025\/01\/FallerasDiputacion03-1536x998.jpg 1536w, https:\/\/www.tucomarca.com\/wordpress\/segunda\/wp-content\/uploads\/2025\/01\/FallerasDiputacion03-2048x1331.jpg 2048w\" sizes=\"auto, (max-width: 1024px) 100vw, 1024px\" \/><\/figure>\n<\/figure>\n","protected":false},"excerpt":{"rendered":"<div class=\"mh-excerpt\">Las Falleras Mayores de Val\u00e8ncia de 2025, Berta Peir\u00f3 y Luc\u00eda Garc\u00eda, han visitado este jueves la sede central de la Diputaci\u00f3 de Val\u00e8ncia.\u00a0 El presidente de la corporaci\u00f3n provincial, Vicent Momp\u00f3, ha acompa\u00f1ado a <a class=\"mh-excerpt-more\" href=\"https:\/\/www.tucomarca.com\/wordpress\/segunda\/vicent-mompo-recibe-a-las-falleras-mayores-de-valencia-en-la-diputacio\/\" title=\"Vicent Momp\u00f3 recibe a las Falleras Mayores de Val\u00e8ncia en la Diputaci\u00f3\">[+] <\/a><\/div>\n","protected":false},"author":12,"featured_media":250583,"comment_status":"open","ping_status":"open","sticky":false,"template":"","format":"gallery","meta":{"footnotes":""},"categories":[72,7,3],"tags":[80,20938,15855],"class_list":{"0":"post-250580","1":"post","2":"type-post","3":"status-publish","4":"format-gallery","5":"has-post-thumbnail","7":"category-sin-categorizar","8":"category-ocio-y-cultura","9":"category-seccion","10":"tag-fallas","11":"tag-la-diputacio-de-valencia","12":"tag-ocio-y-cultura","13":"post_format-post-format-gallery"},"_links":{"self":[{"href":"https:\/\/www.tucomarca.com\/wordpress\/segunda\/wp-json\/wp\/v2\/posts\/250580","targetHints":{"allow":["GET"]}}],"collection":[{"href":"https:\/\/www.tucomarca.com\/wordpress\/segunda\/wp-json\/wp\/v2\/posts"}],"about":[{"href":"https:\/\/www.tucomarca.com\/wordpress\/segunda\/wp-json\/wp\/v2\/types\/post"}],"author":[{"embeddable":true,"href":"https:\/\/www.tucomarca.com\/wordpress\/segunda\/wp-json\/wp\/v2\/users\/12"}],"replies":[{"embeddable":true,"href":"https:\/\/www.tucomarca.com\/wordpress\/segunda\/wp-json\/wp\/v2\/comments?post=250580"}],"version-history":[{"count":0,"href":"https:\/\/www.tucomarca.com\/wordpress\/segunda\/wp-json\/wp\/v2\/posts\/250580\/revisions"}],"wp:featuredmedia":[{"embeddable":true,"href":"https:\/\/www.tucomarca.com\/wordpress\/segunda\/wp-json\/wp\/v2\/media\/250583"}],"wp:attachment":[{"href":"https:\/\/www.tucomarca.com\/wordpress\/segunda\/wp-json\/wp\/v2\/media?parent=250580"}],"wp:term":[{"taxonomy":"category","embeddable":true,"href":"https:\/\/www.tucomarca.com\/wordpress\/segunda\/wp-json\/wp\/v2\/categories?post=250580"},{"taxonomy":"post_tag","embeddable":true,"href":"https:\/\/www.tucomarca.com\/wordpress\/segunda\/wp-json\/wp\/v2\/tags?post=250580"}],"curies":[{"name":"wp","href":"https:\/\/api.w.org\/{rel}","templated":true}]}}