{"id":25074,"date":"2014-03-25T14:34:03","date_gmt":"2014-03-25T11:34:03","guid":{"rendered":"http:\/\/www.tucomarca.com\/wordpress\/segunda\/?p=25074"},"modified":"2014-03-25T14:34:06","modified_gmt":"2014-03-25T11:34:06","slug":"cheste-rinde-homenaje-este-fin-de-semana-al-pelotari-antonio-nunez","status":"publish","type":"post","link":"https:\/\/www.tucomarca.com\/wordpress\/segunda\/cheste-rinde-homenaje-este-fin-de-semana-al-pelotari-antonio-nunez\/","title":{"rendered":"Cheste rinde homenaje este fin de semana al pelotari Antonio N\u00fa\u00f1ez"},"content":{"rendered":"<figure id=\"attachment_25075\" aria-describedby=\"caption-attachment-25075\" style=\"width: 300px\" class=\"wp-caption alignleft\"><a rel=\"attachment wp-att-25075\" href=\"https:\/\/www.tucomarca.com\/wordpress\/segunda\/2014\/03\/cheste-rinde-homenaje-este-fin-de-semana-al-pelotari-antonio-nunez\/presentacionhomenajepelota\/\"><img loading=\"lazy\" decoding=\"async\" class=\"size-medium wp-image-25075\" title=\"presentacionhomenajepelota\" src=\"https:\/\/www.tucomarca.com\/wordpress\/segunda\/wp-content\/uploads\/2014\/03\/presentacionhomenajepelota-300x198.jpg\" alt=\"\" width=\"300\" height=\"198\" srcset=\"https:\/\/www.tucomarca.com\/wordpress\/segunda\/wp-content\/uploads\/2014\/03\/presentacionhomenajepelota-300x198.jpg 300w, https:\/\/www.tucomarca.com\/wordpress\/segunda\/wp-content\/uploads\/2014\/03\/presentacionhomenajepelota-1024x679.jpg 1024w\" sizes=\"auto, (max-width: 300px) 100vw, 300px\" \/><\/a><figcaption id=\"caption-attachment-25075\" class=\"wp-caption-text\">Participantes en la presentaci\u00f3n junto al alcalde. tc.c<\/figcaption><\/figure>\n<p>La localidad de Cheste celebrar\u00e1 este s\u00e1bado 29 un merecido homenaje al pelotari m\u00e1s querido por la afici\u00f3n local, Antonio N\u00fa\u00f1ez, quien falleci\u00f3 hace poco menos de un a\u00f1o. La jornada ha sido presentada por Alfredo Hernando (Val Net); \u00c1ngel Tar\u00edn, representante de los aficionados a la Pelota Valenciana de Cheste; Adri\u00e1n II, jugador profesional; y el Concejal de Deportes de la localidad, Francisco Fortea.<\/p>\n<p>&nbsp;<\/p>\n<p>No en vano, el Ayuntamiento de Cheste, organizador del evento, junto a la afici\u00f3n y la empresa Val Net han programado m\u00e1s de 5 horas de partidas de pelota valenciana con el firme prop\u00f3sito de \u201censalzar la figura de Nu\u00f1ez el mejor zurdo que ha pasado por los trinquetes y uno de los jugadores m\u00e1s queridos en Cheste por su estrecha relaci\u00f3n con los vecinos\u201d.<\/p>\n<p>Como ha explicado el Concejal de Deportes, Francisco Fortea, \u201ctendremos partidas de todos las categor\u00edas que ir\u00e1n desde infantiles a juveniles, pasando por veteranos. Contaremos con la presencia de viejas glorias como Genov\u00e9s, Sarasol, Sevilla o el Chato de Gestalgar, junto a profesionales del m\u00e1s alto nivel en el duelo vasco-valenciano que enfrentar\u00e1 a Mikel Go\u00f1i y Beovide contra \u00c1lvaro y Adri\u00e1n II. Estamos, sin lugar a dudas, ante el que puede ser el mejor encuentro de pelota que haya habido en a\u00f1os en la Comunidad Valenciana\u201d.<\/p>\n<p>A lo largo de la jornada hay previstas numerosas sorpresas enfocadas a ensalzar la figura de N\u00fa\u00f1ez; una de ellas es una camiseta tama\u00f1o gigante y en vinilo que aparecer\u00e1 en la pared principal con su nombre y que desde ese mismo momento presidir\u00e1 el front\u00f3n chestano, como han asegurado los organizadores.<\/p>\n<p>As\u00ed mismo, se ha confirmado la presencia de la familia del jugador y de un gran n\u00famero de pelotaris compa\u00f1eros de N\u00fa\u00f1ez. Todas las partidas ser\u00e1n gratuitas, por lo que se espera una masiva afluencia de aficionados.<\/p>\n","protected":false},"excerpt":{"rendered":"<div class=\"mh-excerpt\">La localidad de Cheste celebrar\u00e1 este s\u00e1bado 29 un merecido homenaje al pelotari m\u00e1s querido por la afici\u00f3n local, Antonio N\u00fa\u00f1ez, quien falleci\u00f3 hace poco menos de un a\u00f1o. La jornada ha sido presentada por <a class=\"mh-excerpt-more\" href=\"https:\/\/www.tucomarca.com\/wordpress\/segunda\/cheste-rinde-homenaje-este-fin-de-semana-al-pelotari-antonio-nunez\/\" title=\"Cheste rinde homenaje este fin de semana al pelotari Antonio N\u00fa\u00f1ez\">[+] <\/a><\/div>\n","protected":false},"author":2,"featured_media":25075,"comment_status":"open","ping_status":"open","sticky":false,"template":"","format":"standard","meta":{"footnotes":""},"categories":[17,6,8,10,199,3,45],"tags":[3791,339,3793,778,3790,3792],"class_list":{"0":"post-25074","1":"post","2":"type-post","3":"status-publish","4":"format-standard","5":"has-post-thumbnail","7":"category-cheste","8":"category-deportes","9":"category-la-comarca","10":"category-la-hoya","11":"category-polideportivo","12":"category-seccion","13":"category-ventana","14":"tag-antonio-nunez","15":"tag-cheste-2","16":"tag-fronton-baron-de-cheste","17":"tag-homenaje","18":"tag-pelotari","19":"tag-sabado"},"_links":{"self":[{"href":"https:\/\/www.tucomarca.com\/wordpress\/segunda\/wp-json\/wp\/v2\/posts\/25074","targetHints":{"allow":["GET"]}}],"collection":[{"href":"https:\/\/www.tucomarca.com\/wordpress\/segunda\/wp-json\/wp\/v2\/posts"}],"about":[{"href":"https:\/\/www.tucomarca.com\/wordpress\/segunda\/wp-json\/wp\/v2\/types\/post"}],"author":[{"embeddable":true,"href":"https:\/\/www.tucomarca.com\/wordpress\/segunda\/wp-json\/wp\/v2\/users\/2"}],"replies":[{"embeddable":true,"href":"https:\/\/www.tucomarca.com\/wordpress\/segunda\/wp-json\/wp\/v2\/comments?post=25074"}],"version-history":[{"count":0,"href":"https:\/\/www.tucomarca.com\/wordpress\/segunda\/wp-json\/wp\/v2\/posts\/25074\/revisions"}],"wp:featuredmedia":[{"embeddable":true,"href":"https:\/\/www.tucomarca.com\/wordpress\/segunda\/wp-json\/wp\/v2\/media\/25075"}],"wp:attachment":[{"href":"https:\/\/www.tucomarca.com\/wordpress\/segunda\/wp-json\/wp\/v2\/media?parent=25074"}],"wp:term":[{"taxonomy":"category","embeddable":true,"href":"https:\/\/www.tucomarca.com\/wordpress\/segunda\/wp-json\/wp\/v2\/categories?post=25074"},{"taxonomy":"post_tag","embeddable":true,"href":"https:\/\/www.tucomarca.com\/wordpress\/segunda\/wp-json\/wp\/v2\/tags?post=25074"}],"curies":[{"name":"wp","href":"https:\/\/api.w.org\/{rel}","templated":true}]}}