{"id":25098,"date":"2014-03-26T20:41:27","date_gmt":"2014-03-26T17:41:27","guid":{"rendered":"http:\/\/www.tucomarca.com\/wordpress\/segunda\/?p=25098"},"modified":"2014-03-26T20:41:31","modified_gmt":"2014-03-26T17:41:31","slug":"la-guardia-civil-desmantela-un-grupo-organizado-presuntamente-implicado-en-varios-robos-en-viviendas-de-requena-utiel","status":"publish","type":"post","link":"https:\/\/www.tucomarca.com\/wordpress\/segunda\/la-guardia-civil-desmantela-un-grupo-organizado-presuntamente-implicado-en-varios-robos-en-viviendas-de-requena-utiel\/","title":{"rendered":"La Guardia Civil desmantela un grupo organizado presuntamente implicado en varios robos en viviendas de Requena-Utiel"},"content":{"rendered":"<figure id=\"attachment_25099\" aria-describedby=\"caption-attachment-25099\" style=\"width: 300px\" class=\"wp-caption alignleft\"><a rel=\"attachment wp-att-25099\" href=\"https:\/\/www.tucomarca.com\/wordpress\/segunda\/2014\/03\/la-guardia-civil-desmantela-un-grupo-organizado-presuntamente-implicado-en-varios-robos-en-viviendas-de-requena-utiel\/guardiacivil-3\/\"><img loading=\"lazy\" decoding=\"async\" class=\"size-medium wp-image-25099\" title=\"guardiacivil\" src=\"https:\/\/www.tucomarca.com\/wordpress\/segunda\/wp-content\/uploads\/2014\/03\/guardiacivil-300x166.jpg\" alt=\"\" width=\"300\" height=\"166\" srcset=\"https:\/\/www.tucomarca.com\/wordpress\/segunda\/wp-content\/uploads\/2014\/03\/guardiacivil-300x166.jpg 300w, https:\/\/www.tucomarca.com\/wordpress\/segunda\/wp-content\/uploads\/2014\/03\/guardiacivil.jpg 720w\" sizes=\"auto, (max-width: 300px) 100vw, 300px\" \/><\/a><figcaption id=\"caption-attachment-25099\" class=\"wp-caption-text\">Parte del material intervenido por la benem\u00e9rita. tc.c<\/figcaption><\/figure>\n<p>Desde el pasado mes de enero de 2014, y en el marco de los servicios establecidos de forma permanente para prevenir robos en viviendas en la comarca de Utiel-Requena, la Guardia Civil de Valencia, ven\u00eda investigando una serie de robos cometidos en interior de viviendas, establecimientos de hosteler\u00eda, farmacias, ayuntamientos donde autor o autores sustra\u00edan los objetos de valor que  pudieran encontrar en el interior de las mismos.<br \/>\nPor ello, se inici\u00f3 la operaci\u00f3n \u201cJARTEL\u201d, por parte de la Guardia Civil en Valencia, al objeto de poder localizar, identificar y detener, a los supuestos autores de estos hechos.<br \/>\nFruto de las intensas y arduas investigaciones realizadas por parte de los agentes encargados del caso, se pudo comprobar que se trataba de 12 personas, integrantes de una importante banda criminal dedicada al robo en interior viviendas, establecimientos de hosteler\u00eda, farmacias, en ayuntamientos y museos, ubicados en diferentes localidades tanto de la provincia de Valencia como de la provincia de Castell\u00f3n.<br \/>\nEste grupo organizado tambi\u00e9n est\u00e1 implicado en un robo cometido en un albergue de la Generalitat Valenciana ubicado en la localidad de Barracas, donde sustrajeron baterias\/acumuladores, as\u00ed como placas solares, cuyo valor asciende a los 11.000 euros.<\/p>\n<p>&nbsp;<\/p>\n<p>Fase de explotaci\u00f3n<br \/>\nLa fase de explotaci\u00f3n de este operativo, desarrollada en el d\u00eda de ayer 25 de marzo, la Guardia Civil procedi\u00f3 a la detenci\u00f3n de 12 personas, 8 varones y 4 mujeres, todas ellas integrantes de este grupo organizado, de edades comprendidas entre los 19 y los 36 a\u00f1os, todos ellos de nacionalidad espa\u00f1ola, como presuntos autores de delitos de robo con fuerza, hurto, organizaci\u00f3n criminal, receptaci\u00f3n, encubrimiento y obstrucci\u00f3n a la Justicia.<\/p>\n<p>Registros practicados<br \/>\nEn este operativo, la Guardia Civil ha practicado 10 registros en diferentes domicilios ubicados en las localidades de Torres Torres, Sagunto, y Segorbe, donde los agentes hallaron en el interior de los mismos, efectos procedentes de estos robos.<br \/>\nEn uno de estos registros los agentes encargados de este operativo, se incautaron 2 kilos de marihuana ya preparados en dosis y listos para su venta, as\u00ed como medicamentos procedentes de robos en farmacias.<br \/>\nMaterial intervenido<br \/>\nEn esta operaci\u00f3n la Guardia Civil ha recuperado efectos procedentes de estos robos, como placas solares, bater\u00edas\/acumuladores, televisores, peque\u00f1os electrodom\u00e9sticos, grupos electr\u00f3genos, herramientas motosierras, tel\u00e9fonos m\u00f3viles, walkie-talkies, 2 kilos de marihuana ya preparadas en dosis y listos para su venta, as\u00ed como medicamentos procedentes de los robos en farmacias.<br \/>\nTambi\u00e9n este operativo se ha intervenido tres veh\u00edculos, que eran utilizados en la comisi\u00f3n de estos hechos delictivos, as\u00ed como la incautaci\u00f3n de varias de escopetas de caza.<br \/>\nEl total del valor de los efectos recuperados en este operativo alcanza cerca de los 30.000 euros.<br \/>\nEsta operaci\u00f3n iniciada por la Guardia Civil en Requena se ha desarrollado en coordinaci\u00f3n entre las comandancias de Valencia y Castell\u00f3n, actuando tambi\u00e9n en la fase de explotaci\u00f3n el Grupo Rural de Seguridad de Valencia, (G.R.S.).<br \/>\nSeg\u00fan las investigaciones realizadas por la Guardia Civil, hasta el momento se han podido esclarecer 100 hechos delictivos, ocurridos en diferentes localidades de de la provincia de Valencia, as\u00ed como en la comarca de Segorbe (Castell\u00f3n), esperando esclarecer m\u00e1s, a medida que avancen las investigaciones, teniendo previstas m\u00e1s detenciones.<br \/>\nLos detenidos han pasado a disposici\u00f3n del Juzgado n\u00ba 3 de Requena<\/p>\n","protected":false},"excerpt":{"rendered":"<div class=\"mh-excerpt\">Desde el pasado mes de enero de 2014, y en el marco de los servicios establecidos de forma permanente para prevenir robos en viviendas en la comarca de Utiel-Requena, la Guardia Civil de Valencia, ven\u00eda <a class=\"mh-excerpt-more\" href=\"https:\/\/www.tucomarca.com\/wordpress\/segunda\/la-guardia-civil-desmantela-un-grupo-organizado-presuntamente-implicado-en-varios-robos-en-viviendas-de-requena-utiel\/\" title=\"La Guardia Civil desmantela un grupo organizado presuntamente implicado en varios robos en viviendas de Requena-Utiel\">[+] <\/a><\/div>\n","protected":false},"author":2,"featured_media":25099,"comment_status":"open","ping_status":"open","sticky":false,"template":"","format":"standard","meta":{"footnotes":""},"categories":[8,72,28,27,3,116,29,45],"tags":[3798,2349,1098,3799,10387,692,681],"class_list":{"0":"post-25098","1":"post","2":"type-post","3":"status-publish","4":"format-standard","5":"has-post-thumbnail","7":"category-la-comarca","8":"category-sin-categorizar","9":"category-requena","10":"category-requena-utiel","11":"category-seccion","12":"category-sucesos-la-comarca","13":"category-utiel","14":"category-ventana","15":"tag-desmantela","16":"tag-grupo","17":"tag-guardia-civil","18":"tag-implicado","19":"tag-requena-utiel","20":"tag-robos","21":"tag-viviendas"},"_links":{"self":[{"href":"https:\/\/www.tucomarca.com\/wordpress\/segunda\/wp-json\/wp\/v2\/posts\/25098","targetHints":{"allow":["GET"]}}],"collection":[{"href":"https:\/\/www.tucomarca.com\/wordpress\/segunda\/wp-json\/wp\/v2\/posts"}],"about":[{"href":"https:\/\/www.tucomarca.com\/wordpress\/segunda\/wp-json\/wp\/v2\/types\/post"}],"author":[{"embeddable":true,"href":"https:\/\/www.tucomarca.com\/wordpress\/segunda\/wp-json\/wp\/v2\/users\/2"}],"replies":[{"embeddable":true,"href":"https:\/\/www.tucomarca.com\/wordpress\/segunda\/wp-json\/wp\/v2\/comments?post=25098"}],"version-history":[{"count":0,"href":"https:\/\/www.tucomarca.com\/wordpress\/segunda\/wp-json\/wp\/v2\/posts\/25098\/revisions"}],"wp:featuredmedia":[{"embeddable":true,"href":"https:\/\/www.tucomarca.com\/wordpress\/segunda\/wp-json\/wp\/v2\/media\/25099"}],"wp:attachment":[{"href":"https:\/\/www.tucomarca.com\/wordpress\/segunda\/wp-json\/wp\/v2\/media?parent=25098"}],"wp:term":[{"taxonomy":"category","embeddable":true,"href":"https:\/\/www.tucomarca.com\/wordpress\/segunda\/wp-json\/wp\/v2\/categories?post=25098"},{"taxonomy":"post_tag","embeddable":true,"href":"https:\/\/www.tucomarca.com\/wordpress\/segunda\/wp-json\/wp\/v2\/tags?post=25098"}],"curies":[{"name":"wp","href":"https:\/\/api.w.org\/{rel}","templated":true}]}}