{"id":251105,"date":"2025-01-21T09:45:00","date_gmt":"2025-01-21T08:45:00","guid":{"rendered":"https:\/\/www.tucomarca.com\/wordpress\/segunda\/?p=251105"},"modified":"2025-01-21T18:43:12","modified_gmt":"2025-01-21T17:43:12","slug":"el-consorcio-provincial-de-bomberos-de-valencia-invierte-medio-millon-de-euros-en-vehiculos-todoterreno-para-continuar-renovando-su-flota","status":"publish","type":"post","link":"https:\/\/www.tucomarca.com\/wordpress\/segunda\/el-consorcio-provincial-de-bomberos-de-valencia-invierte-medio-millon-de-euros-en-vehiculos-todoterreno-para-continuar-renovando-su-flota\/","title":{"rendered":"El Consorcio Provincial de Bomberos de Valencia invierte medio mill\u00f3n de euros en veh\u00edculos todoterreno para continuar renovando su flota\u00a0"},"content":{"rendered":"\n<h3 class=\"wp-block-heading\">El presidente de la Diputaci\u00f3 de Val\u00e8ncia, Vicent Momp\u00f3, visita el Parque de Alzira en el que se han entregado seis <em>pick-up<\/em> que se asignar\u00e1n a los sargentos responsables de las respectivas zonas operativas del Consorcio.\u00a0<\/h3>\n\n\n\n<h3 class=\"wp-block-heading\">Momp\u00f3: \u201cNuestro objetivo es garantizar que los bomberos ejerzan su trabajo con las mejores herramientas posibles, aumentando as\u00ed la seguridad para ellos y la ciudadan\u00eda\u201d.<\/h3>\n\n\n\n<p>Vicent Momp\u00f3, presidente de la Diputaci\u00f3 de Val\u00e8ncia, ha entregado esta ma\u00f1ana en el Parque de Bomberos de Alzira los seis nuevos veh\u00edculos todoterreno que ha adquirido el Consorcio Provincial de Bomberos de Valencia (CPBV) para destinarlos a cada una de las respectivas zonas operativas de la entidad.<\/p>\n\n\n\n<p>Con esta inversi\u00f3n, cercana al medio mill\u00f3n de euros, el Consorcio contin\u00faa con el proceso de renovaci\u00f3n de su flota de veh\u00edculos, en este caso los destinados a los sargentos ubicados en los seis parques principales: Sagunt, Torrent, Gandia, Paterna, Requena y Alzira.<\/p>\n\n\n\n<p>Vicent Momp\u00f3 ha recordado que esta estrategia de renovaci\u00f3n de la flota de veh\u00edculos \u201cse inici\u00f3 en julio del a\u00f1o pasado con una inversi\u00f3n de casi tres millones para adquirir 41 veh\u00edculos todoterreno para las brigadas forestales\u201d.&nbsp; Para el presidente de la corporaci\u00f3n provincial, \u201cestas inversiones reflejan la implicaci\u00f3n de este equipo de gobierno con los profesionales del Consorcio y por extensi\u00f3n, con todos los valencianos y valencianas porque nuestro objetivo es garantizar que los bomberos ejerzan su trabajo con las mejores herramientas posibles, aumentando as\u00ed la seguridad para ellos y la ciudadan\u00eda\u201d.&nbsp;<\/p>\n\n\n\n<p>Asimismo, ha destacado Momp\u00f3, \u201cestos veh\u00edculos refuerzan la capacidad del servicio y subrayan nuestra apuesta por el sistema de emergencias que tiene que ser m\u00e1s eficiente y cada vez estar m\u00e1s preparado\u201d. Adem\u00e1s, ha a\u00f1adido, \u201cel objetivo es proteger a quienes nos protegen, que es fundamental, y con estos pasos avanzamos hacia una provincia m\u00e1s segura, hacia un servicio de bomberos que est\u00e9 a la altura de las necesidades actuales\u201d.<\/p>\n\n\n\n<p>En la misma l\u00ednea, el presidente del CPBV y diputado de Medio Ambiente, Avelino Mascarell, ha explicado que \u201cestos veh\u00edculos sustituyen a otros que tienen m\u00e1s de 10 a\u00f1os; es una inversi\u00f3n para mejorar el servicio que se da a la ciudadan\u00eda, a la vez que se aumenta la seguridad de los bomberos en las seis zonas que tenemos en toda la provincia\u201d.<\/p>\n\n\n\n<figure class=\"wp-block-gallery has-nested-images columns-2 is-cropped wp-block-gallery-1 is-layout-flex wp-block-gallery-is-layout-flex\">\n<figure class=\"wp-block-image size-large\"><img loading=\"lazy\" decoding=\"async\" width=\"1024\" height=\"666\" data-id=\"251125\" src=\"https:\/\/www.tucomarca.com\/wordpress\/segunda\/wp-content\/uploads\/2025\/01\/DipuVehiculosBomberos03-1024x666.jpg\" alt=\"\" class=\"wp-image-251125\" srcset=\"https:\/\/www.tucomarca.com\/wordpress\/segunda\/wp-content\/uploads\/2025\/01\/DipuVehiculosBomberos03-1024x666.jpg 1024w, https:\/\/www.tucomarca.com\/wordpress\/segunda\/wp-content\/uploads\/2025\/01\/DipuVehiculosBomberos03-300x195.jpg 300w, https:\/\/www.tucomarca.com\/wordpress\/segunda\/wp-content\/uploads\/2025\/01\/DipuVehiculosBomberos03-768x499.jpg 768w, https:\/\/www.tucomarca.com\/wordpress\/segunda\/wp-content\/uploads\/2025\/01\/DipuVehiculosBomberos03.jpg 1181w\" sizes=\"auto, (max-width: 1024px) 100vw, 1024px\" \/><\/figure>\n\n\n\n<figure class=\"wp-block-image size-large\"><img loading=\"lazy\" decoding=\"async\" width=\"1024\" height=\"666\" data-id=\"251127\" src=\"https:\/\/www.tucomarca.com\/wordpress\/segunda\/wp-content\/uploads\/2025\/01\/DipuVehiculosBomberos04-1024x666.jpg\" alt=\"\" class=\"wp-image-251127\" srcset=\"https:\/\/www.tucomarca.com\/wordpress\/segunda\/wp-content\/uploads\/2025\/01\/DipuVehiculosBomberos04-1024x666.jpg 1024w, https:\/\/www.tucomarca.com\/wordpress\/segunda\/wp-content\/uploads\/2025\/01\/DipuVehiculosBomberos04-300x195.jpg 300w, https:\/\/www.tucomarca.com\/wordpress\/segunda\/wp-content\/uploads\/2025\/01\/DipuVehiculosBomberos04-768x499.jpg 768w, https:\/\/www.tucomarca.com\/wordpress\/segunda\/wp-content\/uploads\/2025\/01\/DipuVehiculosBomberos04.jpg 1181w\" sizes=\"auto, (max-width: 1024px) 100vw, 1024px\" \/><\/figure>\n\n\n\n<figure class=\"wp-block-image size-large\"><img loading=\"lazy\" decoding=\"async\" width=\"1024\" height=\"666\" data-id=\"251123\" src=\"https:\/\/www.tucomarca.com\/wordpress\/segunda\/wp-content\/uploads\/2025\/01\/DipuVehiculosBomberos02-1024x666.jpg\" alt=\"\" class=\"wp-image-251123\" srcset=\"https:\/\/www.tucomarca.com\/wordpress\/segunda\/wp-content\/uploads\/2025\/01\/DipuVehiculosBomberos02-1024x666.jpg 1024w, https:\/\/www.tucomarca.com\/wordpress\/segunda\/wp-content\/uploads\/2025\/01\/DipuVehiculosBomberos02-300x195.jpg 300w, https:\/\/www.tucomarca.com\/wordpress\/segunda\/wp-content\/uploads\/2025\/01\/DipuVehiculosBomberos02-768x499.jpg 768w, https:\/\/www.tucomarca.com\/wordpress\/segunda\/wp-content\/uploads\/2025\/01\/DipuVehiculosBomberos02.jpg 1181w\" sizes=\"auto, (max-width: 1024px) 100vw, 1024px\" \/><\/figure>\n<\/figure>\n\n\n\n<p><em>&nbsp;<\/em><strong><em>Pick-up<\/em> todoterreno&nbsp;<\/strong><\/p>\n\n\n\n<p>Los veh\u00edculos adquiridos por el Consorcio, modelo Ford Ranger con tracci\u00f3n a las cuatro ruedas, est\u00e1n montados como <em>pick-up<\/em>, lo que permite que la zona de carga est\u00e9 separada de la de conducci\u00f3n y pasajeros, incrementando as\u00ed la seguridad de los ocupantes.<\/p>\n\n\n\n<p>Adem\u00e1s, en la caja del coche se ha instalado un Puesto de Mando Avanzado (PMA) port\u00e1til, con una consola de emisora diferenciada de la existente en la cabina, y un panel desplegable con pizarra de mando y control.<\/p>\n\n\n\n<p>En la parte derecha de esta misma zona de carga se ha dispuesto una bandeja extra\u00edble con espacios para detectores de gas, emisoras de reserva, bolsas de vestuario personal y los equipos de respiraci\u00f3n aut\u00f3noma.<\/p>\n\n\n\n<p>Los veh\u00edculos cuentan con un motor de 210 caballos de potencia, y tienen capacidad para cinco plazas, con un cabestrante de 3.500 kg de capacidad, puente de luces de emergencia y enganche para remolque.<\/p>\n","protected":false},"excerpt":{"rendered":"<div class=\"mh-excerpt\">El presidente de la Diputaci\u00f3 de Val\u00e8ncia, Vicent Momp\u00f3, visita el Parque de Alzira en el que se han entregado seis pick-up que se asignar\u00e1n a los sargentos responsables de las respectivas zonas operativas del <a class=\"mh-excerpt-more\" href=\"https:\/\/www.tucomarca.com\/wordpress\/segunda\/el-consorcio-provincial-de-bomberos-de-valencia-invierte-medio-millon-de-euros-en-vehiculos-todoterreno-para-continuar-renovando-su-flota\/\" title=\"El Consorcio Provincial de Bomberos de Valencia invierte medio mill\u00f3n de euros en veh\u00edculos todoterreno para continuar renovando su flota\u00a0\">[+] <\/a><\/div>\n","protected":false},"author":12,"featured_media":251121,"comment_status":"open","ping_status":"open","sticky":false,"template":"","format":"gallery","meta":{"footnotes":""},"categories":[69,128,8,72,42,117,142,28,27,3,116,45],"tags":[10402,20370,3677,10388,10387,1407],"class_list":{"0":"post-251105","1":"post","2":"type-post","3":"status-publish","4":"format-gallery","5":"has-post-thumbnail","7":"category-alzira","8":"category-infraestructuras","9":"category-la-comarca","10":"category-sin-categorizar","11":"category-la-ribera","12":"category-medio-ambiente-la-comarca","13":"category-politica-la-comarca","14":"category-requena","15":"category-requena-utiel","16":"category-seccion","17":"category-sucesos-la-comarca","18":"category-ventana","19":"tag-alzira","20":"tag-consorcio-provincial-de-bomberos","21":"tag-diputacio-de-valencia","22":"tag-requena","23":"tag-requena-utiel","24":"tag-ribera-alta","25":"post_format-post-format-gallery"},"_links":{"self":[{"href":"https:\/\/www.tucomarca.com\/wordpress\/segunda\/wp-json\/wp\/v2\/posts\/251105","targetHints":{"allow":["GET"]}}],"collection":[{"href":"https:\/\/www.tucomarca.com\/wordpress\/segunda\/wp-json\/wp\/v2\/posts"}],"about":[{"href":"https:\/\/www.tucomarca.com\/wordpress\/segunda\/wp-json\/wp\/v2\/types\/post"}],"author":[{"embeddable":true,"href":"https:\/\/www.tucomarca.com\/wordpress\/segunda\/wp-json\/wp\/v2\/users\/12"}],"replies":[{"embeddable":true,"href":"https:\/\/www.tucomarca.com\/wordpress\/segunda\/wp-json\/wp\/v2\/comments?post=251105"}],"version-history":[{"count":0,"href":"https:\/\/www.tucomarca.com\/wordpress\/segunda\/wp-json\/wp\/v2\/posts\/251105\/revisions"}],"wp:featuredmedia":[{"embeddable":true,"href":"https:\/\/www.tucomarca.com\/wordpress\/segunda\/wp-json\/wp\/v2\/media\/251121"}],"wp:attachment":[{"href":"https:\/\/www.tucomarca.com\/wordpress\/segunda\/wp-json\/wp\/v2\/media?parent=251105"}],"wp:term":[{"taxonomy":"category","embeddable":true,"href":"https:\/\/www.tucomarca.com\/wordpress\/segunda\/wp-json\/wp\/v2\/categories?post=251105"},{"taxonomy":"post_tag","embeddable":true,"href":"https:\/\/www.tucomarca.com\/wordpress\/segunda\/wp-json\/wp\/v2\/tags?post=251105"}],"curies":[{"name":"wp","href":"https:\/\/api.w.org\/{rel}","templated":true}]}}