{"id":251225,"date":"2025-01-22T16:00:00","date_gmt":"2025-01-22T15:00:00","guid":{"rendered":"https:\/\/www.tucomarca.com\/wordpress\/segunda\/?p=251225"},"modified":"2025-01-22T19:17:56","modified_gmt":"2025-01-22T18:17:56","slug":"mompo-entrega-a-los-reyes-una-senyera-en-representacion-del-pueblo-valenciano-agradecido-por-su-cercania-tras-la-dana","status":"publish","type":"post","link":"https:\/\/www.tucomarca.com\/wordpress\/segunda\/mompo-entrega-a-los-reyes-una-senyera-en-representacion-del-pueblo-valenciano-agradecido-por-su-cercania-tras-la-dana\/","title":{"rendered":"Momp\u00f3 entrega a los Reyes una Senyera en representaci\u00f3n del pueblo valenciano agradecido por su cercan\u00eda tras la dana\u00a0"},"content":{"rendered":"\n<h3 class=\"wp-block-heading\"><strong>El presidente de la Diputaci\u00f3n aprovecha la visita de SM Don Felipe y Do\u00f1a Letizia al stand de la Comunitat Valenciana en Fitur para obsequiarles con la pieza creada en trencad\u00eds por integrantes de la Fundaci\u00f3n Espurna, dedicada a la atenci\u00f3n integral de personas con discapacidad intelectual<\/strong><\/h3>\n\n\n\n<h3 class=\"wp-block-heading\"><strong>Vicent Momp\u00f3 destaca \u201cel valor de la superaci\u00f3n\u201d que demuestran cada d\u00eda las personas de Espurna y \u201cla empat\u00eda y la presencia\u201d que los Reyes han demostrado con los municipios y familias que m\u00e1s han sufrido<\/strong><\/h3>\n\n\n\n<p>El presidente de la Diputaci\u00f3 de Val\u00e8ncia, Vicent Momp\u00f3, ha entregado este mi\u00e9rcoles a SM los Reyes una Senyera en representaci\u00f3n del pueblo valenciano, \u201cun reconocimiento a la empat\u00eda y la presencia que Sus Majestades han demostrado en momentos especialmente dif\u00edciles para nuestros municipios y familias; un agradecimiento infinito de una tierra que les admira profundamente\u201d.<\/p>\n\n\n\n<p>Momp\u00f3 ha aprovechado la visita de Don Felipe y Do\u00f1a Letizia al stand de la Comunitat Valenciana en Fitur, donde han vuelto a preocuparse por la situaci\u00f3n actual de la provincia, para obsequiarles con una pieza creada con la t\u00e9cnica del trencad\u00eds por integrantes de la Fundaci\u00f3n Espurna, dedicada a la atenci\u00f3n integral de personas con discapacidad intelectual. \u201cEsta Senyera es mucho m\u00e1s que una pieza de arte; es el fruto del esfuerzo de personas extraordinarias que, desde su diversidad, nos recuerdan cada d\u00eda el valor de la superaci\u00f3n y la belleza de lo colectivo\u201d, destaca el presidente de la Diputaci\u00f3n.<\/p>\n\n\n\n<p>Las consideraciones del presidente provincial han quedado recogidas en una carta firmada por el propio Momp\u00f3 que ha sido remitida al Palacio de la Zarzuela con fecha de 22 de enero. Un texto repleto de simbolismo donde el l\u00edder provincial resalta la dedicaci\u00f3n de Espurna, la empat\u00eda de la Casa Real, el esp\u00edritu de superaci\u00f3n y trabajo coordinado que se necesita para recuperar la normalidad tras la dana y el agradecimiento a los monarcas.<\/p>\n\n\n\n<p>En su misiva a los Reyes, Vicent Momp\u00f3 explica que el presente entregado en Fitur \u201cnace del coraz\u00f3n de la Comunitat Valenciana como gesto de gratitud sincera hacia ustedes, que siempre han demostrado una cercan\u00eda y un cari\u00f1o con nuestra tierra que nos llena de orgullo\u201d. En palabras del presidente, \u201csu apoyo se ha sentido como un abrazo para los municipios y las familias que m\u00e1s han sufrido y est\u00e1n sufriendo, un ejemplo de c\u00f3mo la Corona sigue siendo un pilar fundamental en la vida de este pa\u00eds\u201d.<\/p>\n\n\n\n<p>Durante la entrega de la Senyera a los Reyes en el pabell\u00f3n 7 de Ifema Madrid, el m\u00e1ximo responsable provincial ha insistido en que el detalle \u201crepresenta a todas las valencianas y los valencianos\u201d. Acompa\u00f1ado por las vicepresidentas Nat\u00e0lia Enguix y Reme Mazzolari, as\u00ed como una amplia representaci\u00f3n de diputadas y diputados, Momp\u00f3 ha a\u00f1adido que la Senyera \u201cno solo hace referencia a nuestra historia, identidad y tradiciones, sino tambi\u00e9n a la fortaleza de nuestros pueblos, la riqueza de nuestra cultura y el aprecio hacia Sus Majestades, que nos recuerdan cada d\u00eda que la unidad y la solidaridad son los pilares m\u00e1s s\u00f3lidos para construir un futuro\u201d.<\/p>\n","protected":false},"excerpt":{"rendered":"<div class=\"mh-excerpt\">El presidente de la Diputaci\u00f3n aprovecha la visita de SM Don Felipe y Do\u00f1a Letizia al stand de la Comunitat Valenciana en Fitur para obsequiarles con la pieza creada en trencad\u00eds por integrantes de la <a class=\"mh-excerpt-more\" href=\"https:\/\/www.tucomarca.com\/wordpress\/segunda\/mompo-entrega-a-los-reyes-una-senyera-en-representacion-del-pueblo-valenciano-agradecido-por-su-cercania-tras-la-dana\/\" title=\"Momp\u00f3 entrega a los Reyes una Senyera en representaci\u00f3n del pueblo valenciano agradecido por su cercan\u00eda tras la dana\u00a0\">[+] <\/a><\/div>\n","protected":false},"author":12,"featured_media":251226,"comment_status":"open","ping_status":"open","sticky":false,"template":"","format":"standard","meta":{"footnotes":""},"categories":[21465,128,8,72,3,45],"tags":[12831,2142,20938],"class_list":{"0":"post-251225","1":"post","2":"type-post","3":"status-publish","4":"format-standard","5":"has-post-thumbnail","7":"category-dana","8":"category-infraestructuras","9":"category-la-comarca","10":"category-sin-categorizar","11":"category-seccion","12":"category-ventana","13":"tag-dana-2","14":"tag-la-comunitat","15":"tag-la-diputacio-de-valencia"},"_links":{"self":[{"href":"https:\/\/www.tucomarca.com\/wordpress\/segunda\/wp-json\/wp\/v2\/posts\/251225","targetHints":{"allow":["GET"]}}],"collection":[{"href":"https:\/\/www.tucomarca.com\/wordpress\/segunda\/wp-json\/wp\/v2\/posts"}],"about":[{"href":"https:\/\/www.tucomarca.com\/wordpress\/segunda\/wp-json\/wp\/v2\/types\/post"}],"author":[{"embeddable":true,"href":"https:\/\/www.tucomarca.com\/wordpress\/segunda\/wp-json\/wp\/v2\/users\/12"}],"replies":[{"embeddable":true,"href":"https:\/\/www.tucomarca.com\/wordpress\/segunda\/wp-json\/wp\/v2\/comments?post=251225"}],"version-history":[{"count":0,"href":"https:\/\/www.tucomarca.com\/wordpress\/segunda\/wp-json\/wp\/v2\/posts\/251225\/revisions"}],"wp:featuredmedia":[{"embeddable":true,"href":"https:\/\/www.tucomarca.com\/wordpress\/segunda\/wp-json\/wp\/v2\/media\/251226"}],"wp:attachment":[{"href":"https:\/\/www.tucomarca.com\/wordpress\/segunda\/wp-json\/wp\/v2\/media?parent=251225"}],"wp:term":[{"taxonomy":"category","embeddable":true,"href":"https:\/\/www.tucomarca.com\/wordpress\/segunda\/wp-json\/wp\/v2\/categories?post=251225"},{"taxonomy":"post_tag","embeddable":true,"href":"https:\/\/www.tucomarca.com\/wordpress\/segunda\/wp-json\/wp\/v2\/tags?post=251225"}],"curies":[{"name":"wp","href":"https:\/\/api.w.org\/{rel}","templated":true}]}}