{"id":251237,"date":"2025-01-22T15:30:00","date_gmt":"2025-01-22T14:30:00","guid":{"rendered":"https:\/\/www.tucomarca.com\/wordpress\/segunda\/?p=251237"},"modified":"2025-01-22T19:51:41","modified_gmt":"2025-01-22T18:51:41","slug":"la-comunitat-valenciana-llega-a-fitur-cerrando-el-mejor-ano-turistico-de-su-historia-y-con-una-prevision-de-crecimiento-del-44-en-2025","status":"publish","type":"post","link":"https:\/\/www.tucomarca.com\/wordpress\/segunda\/la-comunitat-valenciana-llega-a-fitur-cerrando-el-mejor-ano-turistico-de-su-historia-y-con-una-prevision-de-crecimiento-del-44-en-2025\/","title":{"rendered":"La Comunitat Valenciana llega a Fitur cerrando el mejor a\u00f1o tur\u00edstico de su historia y con una previsi\u00f3n de crecimiento del 4,4 % en 2025"},"content":{"rendered":"\n<h3 class=\"wp-block-heading\">La consellera Turismo ha presentado un balance de datos tur\u00edsticos 2024 y ha avanzado las previsiones para 2025 en la primera jornada de Fitur\u00a0<\/h3>\n\n\n\n<h3 class=\"wp-block-heading\">Subraya que los buenos resultados \u201cson fruto del buen trabajo de los destinos y empresas de la Comunitat Valenciana y de la gu\u00eda de la pol\u00edtica tur\u00edstica que estamos impulsando desde la Generalitat\u201d.<\/h3>\n\n\n\n<h3 class=\"wp-block-heading\">Avanza que, seg\u00fan las previsiones, en 2025 se incrementar\u00e1 el 6 % el gasto tur\u00edstico y aumentar\u00e1 por encima de los dos puntos en el n\u00famero de empleos del sector<\/h3>\n\n\n\n<p>La consellera de Innovaci\u00f3n, Industria, Comercio y Turismo, Mari\u00e1n Cano, ha presentado este mi\u00e9rcoles el balance tur\u00edstico 2024 y las previsiones 2025 en un acto celebrado en el estand de la Comunitat Valenciana de Fitur.<\/p>\n\n\n\n<p>Mari\u00e1n Cano ha remarcado que \u201cel a\u00f1o 2024 ha sido el mejor a\u00f1o tur\u00edsticamente hablando, registrando un r\u00e9cord absoluto con la llegada de casi 30 millones de turistas\u201d, y ha se\u00f1alado que este logro \u201ces el resultado del esfuerzo conjunto de todos los actores involucrados en el turismo de nuestra regi\u00f3n\u201d.<\/p>\n\n\n\n<p>Adem\u00e1s, la consellera ha avanzado que en 2025 \u201cmantendremos este crecimiento, ya que nuestras previsiones estiman para la Comunitat Valenciana un aumento de viajeros del 4,4 %\u201d.&nbsp;<\/p>\n\n\n\n<p>Cano ha subrayado que los buenos resultados \u201cno son una casualidad, son fruto del buen trabajo de los destinos y empresas de la Comunitat Valenciana y de la gu\u00eda de la pol\u00edtica tur\u00edstica que estamos impulsando desde la Generalitat\u201d.<\/p>\n\n\n\n<p>En este contexto, ha se\u00f1alado que \u201cla estrategia tur\u00edstica que se impulsa desde el Consell se resume en la gobernanza inteligente colaborativa\u201d, que tiene como objetivo dise\u00f1ar pol\u00edticas desde el eje de la sostenibilidad que acompa\u00f1en al sector tur\u00edstico en sus tres desarrollos: econ\u00f3mico, social y medioambiental.<\/p>\n\n\n\n<p><strong>Balance tur\u00edstico 2024<\/strong><\/p>\n\n\n\n<p>La consellera ha ofrecido un balance de los resultados alcanzados durante 2024. Seg\u00fan ha apuntado, \u201clos resultados muestran que durante el pasado a\u00f1o hemos recibido casi 30 millones de turistas, un r\u00e9cord absoluto de llegadas a la Comunitat Valenciana\u201d.&nbsp;<\/p>\n\n\n\n<p>Cano ha remarcado que \u201cel turismo es un pilar fundamental para nuestra econom\u00eda y bienestar social\u201d, tal y como muestran las cifras alcanzadas en 2024 que reflejan que \u201cel sector tur\u00edstico representa ya m\u00e1s del 16 % del PIB de la Comunitat Valenciana, y genera m\u00e1s de 280.000 empleos, lo que supone un incremento del 3,6 % respecto a las cifras de 2023\u201d.<\/p>\n\n\n\n<p>Adem\u00e1s, ha destacado que los resultados tur\u00edsticos del pasado a\u00f1o muestran un destacado incremento de dos d\u00edgitos en el gasto tur\u00edstico internacional y un crecimiento del 10 % en la capacidad a\u00e9rea.&nbsp;<\/p>\n\n\n\n<p>Otro de los datos alcanzados en 2024 que la consellera ha remarcado es el destacable el aumento del 11,1% en el RevPAR, ingreso por habitaci\u00f3n disponible. Cano ha explicado que se trata de \u201cla principal medida de rentabilidad del negocio tur\u00edstico, lo que demuestra que estamos experimentando un cambio de modelo hacia otro m\u00e1s sostenible\u201d.<\/p>\n\n\n\n<p>Los datos tur\u00edsticos de 2024 muestran unos resultados muy positivos del turismo internacional. \u201cHemos experimentado un crecimiento del 15,5 % en el n\u00famero de turistas extranjeros y un aumento del 21,2 % en el gasto tur\u00edstico internacional\u201d, ha detallado Mari\u00e1n Cano.<\/p>\n\n\n\n<p>Con respecto al turismo nacional, la titular de Turisme ha se\u00f1alado que a pesar de que tiene un gasto medio diario inferior al internacional, \u201cen 2024 hemos logrado un crecimiento del 4,80 %, fruto de nuestras pol\u00edticas de diversificaci\u00f3n\u201d y ha destacado el comportamiento del mercado madrile\u00f1o que \u201cha mostrado un notable crecimiento, mejorando su conectividad v\u00eda AVE\u201d.<\/p>\n\n\n\n<p>La consellera tambi\u00e9n se ha referido a los datos de capacidad a\u00e9rea, que se han incrementado un 10 % en la Comunitat Valenciana en el \u00faltimo a\u00f1o. Por ello, ha vuelto a reclamar \u201cla necesidad de abordar de manera inminente los proyectos de ampliaci\u00f3n de la terminal de Manises y la segunda pista de Alicante-Elche\u201d.<\/p>\n\n\n\n<p><strong>Previsiones para 2025<\/strong><\/p>\n\n\n\n<p>Con respecto a las previsiones para 2025, la consellera de Turismo ha avanzado que, seg\u00fan las estimaciones de Turisme Comunitat Valenciana \u201cmantendremos el crecimiento en 2025, con unas previsiones de aumento de viajeros del 4,40 %, del 6 % en el gasto tur\u00edstico y por encima de los dos puntos en el n\u00famero de empleos del sector\u201d.<\/p>\n\n\n\n<p>Para alcanzar estas previsiones, Cano ha informado que desde la Conselleria \u201ctenemos un plan de acci\u00f3n para este a\u00f1o con nuevas actuaciones\u201d. As\u00ed, ha anunciado que, entre otras actuaciones, \u201cvamos a trabajar con un marketing m\u00e1s especializado para impulsar la promoci\u00f3n tur\u00edstica y el refuerzo de la relaci\u00f3n con aerol\u00edneas para el crecimiento estrat\u00e9gico de conexiones en temporada baja\u201d y ha a\u00f1adido que, tambi\u00e9n \u201chemos previsto nuevos bonos viaje para incentivar la demanda de productos tur\u00edsticos prestados en nuestro territorio\u201d.<\/p>\n\n\n\n<p>Por \u00faltimo, Mari\u00e1n Cano ha reiterado que el objetivo de la Generalitat \u201ces dirigir mediante una gobernanza inteligente colaborativa p\u00fablica y privada el impulso del sector tur\u00edstico de la Comunitat Valenciana y su crecimiento sostenido y sostenible, de modo que esta actividad econ\u00f3mica principal distribuya su impacto positivo a lo largo de su geograf\u00eda, beneficiando tanto a empresas, turistas como residentes\u201d.<\/p>\n","protected":false},"excerpt":{"rendered":"<div class=\"mh-excerpt\">La consellera Turismo ha presentado un balance de datos tur\u00edsticos 2024 y ha avanzado las previsiones para 2025 en la primera jornada de Fitur\u00a0 Subraya que los buenos resultados \u201cson fruto del buen trabajo de <a class=\"mh-excerpt-more\" href=\"https:\/\/www.tucomarca.com\/wordpress\/segunda\/la-comunitat-valenciana-llega-a-fitur-cerrando-el-mejor-ano-turistico-de-su-historia-y-con-una-prevision-de-crecimiento-del-44-en-2025\/\" title=\"La Comunitat Valenciana llega a Fitur cerrando el mejor a\u00f1o tur\u00edstico de su historia y con una previsi\u00f3n de crecimiento del 4,4 % en 2025\">[+] <\/a><\/div>\n","protected":false},"author":12,"featured_media":251238,"comment_status":"open","ping_status":"open","sticky":false,"template":"","format":"standard","meta":{"footnotes":""},"categories":[21465,72,7,3,45],"tags":[2142,15855],"class_list":{"0":"post-251237","1":"post","2":"type-post","3":"status-publish","4":"format-standard","5":"has-post-thumbnail","7":"category-dana","8":"category-sin-categorizar","9":"category-ocio-y-cultura","10":"category-seccion","11":"category-ventana","12":"tag-la-comunitat","13":"tag-ocio-y-cultura"},"_links":{"self":[{"href":"https:\/\/www.tucomarca.com\/wordpress\/segunda\/wp-json\/wp\/v2\/posts\/251237","targetHints":{"allow":["GET"]}}],"collection":[{"href":"https:\/\/www.tucomarca.com\/wordpress\/segunda\/wp-json\/wp\/v2\/posts"}],"about":[{"href":"https:\/\/www.tucomarca.com\/wordpress\/segunda\/wp-json\/wp\/v2\/types\/post"}],"author":[{"embeddable":true,"href":"https:\/\/www.tucomarca.com\/wordpress\/segunda\/wp-json\/wp\/v2\/users\/12"}],"replies":[{"embeddable":true,"href":"https:\/\/www.tucomarca.com\/wordpress\/segunda\/wp-json\/wp\/v2\/comments?post=251237"}],"version-history":[{"count":0,"href":"https:\/\/www.tucomarca.com\/wordpress\/segunda\/wp-json\/wp\/v2\/posts\/251237\/revisions"}],"wp:featuredmedia":[{"embeddable":true,"href":"https:\/\/www.tucomarca.com\/wordpress\/segunda\/wp-json\/wp\/v2\/media\/251238"}],"wp:attachment":[{"href":"https:\/\/www.tucomarca.com\/wordpress\/segunda\/wp-json\/wp\/v2\/media?parent=251237"}],"wp:term":[{"taxonomy":"category","embeddable":true,"href":"https:\/\/www.tucomarca.com\/wordpress\/segunda\/wp-json\/wp\/v2\/categories?post=251237"},{"taxonomy":"post_tag","embeddable":true,"href":"https:\/\/www.tucomarca.com\/wordpress\/segunda\/wp-json\/wp\/v2\/tags?post=251237"}],"curies":[{"name":"wp","href":"https:\/\/api.w.org\/{rel}","templated":true}]}}