{"id":251310,"date":"2025-01-23T09:30:00","date_gmt":"2025-01-23T08:30:00","guid":{"rendered":"https:\/\/www.tucomarca.com\/wordpress\/segunda\/?p=251310"},"modified":"2025-01-23T14:02:45","modified_gmt":"2025-01-23T13:02:45","slug":"el-circuito-ricardo-tormo-de-cheste-pondra-a-la-venta-las-entradas-del-gran-premio-el-31-de-enero","status":"publish","type":"post","link":"https:\/\/www.tucomarca.com\/wordpress\/segunda\/el-circuito-ricardo-tormo-de-cheste-pondra-a-la-venta-las-entradas-del-gran-premio-el-31-de-enero\/","title":{"rendered":"El Circuito Ricardo Tormo de Cheste pondr\u00e1 a la venta las entradas del Gran Premio el 31 de enero"},"content":{"rendered":"\n<h3 class=\"wp-block-heading\">La mayor parte de los aficionados ha guardado sus entradas de la edici\u00f3n 2024 que no se pudo celebrar.<\/h3>\n\n\n\n<h3 class=\"wp-block-heading\">El Circuit publica los precios 2025 y anuncia un descuento del 10 % hasta el 30 de abril.<\/h3>\n\n\n\n<p>El Circuit Ricardo Tormo pondr\u00e1 el pr\u00f3ximo 31 de enero a la venta las entradas para asistir al Gran Premio Motul de la Comunitat Valenciana que cerrar\u00e1 la temporada de MotoGP.<\/p>\n\n\n\n<p>Los aficionados tendr\u00e1n la oportunidad de comprar las entradas a partir de las 10:00 horas del viernes 31 de enero y lo har\u00e1n adem\u00e1s con un descuento del 10 % durante los primeros tres meses.<\/p>\n\n\n\n<p>El Gran Premio Motul de la Comunitat Valenciana volver\u00e1 al trazado de Cheste tras un a\u00f1o sin el m\u00e1s importante de los eventos del calendario del Circuit Ricardo Tormo. La mayor parte de los aficionados aprovecharon la oportunidad y se quedaron con sus entradas 2024, que ser\u00e1 v\u00e1lidas en 2025. De esta forma el n\u00famero de localidades que salen a la venta es mucho menor, alrededor de 20.000.<\/p>\n\n\n\n<p>Los precios de estas entradas se sit\u00faan entre los 49,50 euros de la Tribuna Blanca y los 184,50 euros de la Tribuna de Boxes, todas ellas v\u00e1lidas para los tres d\u00edas de acci\u00f3n y con aparcamiento gratuito. Adem\u00e1s, las entradas junior para aficionados de entre 6 y 14 a\u00f1os cuentan con un descuento del 50 %.<\/p>\n\n\n\n<p>\u201cLos d\u00edas 14, 15 y 16 de noviembre el Circuit Ricardo Tormo volver\u00e1 a llenarse para recibir de nuevo a MotoGP. Este a\u00f1o el Mundial tiene muy buenas expectativas, confiamos mucho en los pilotos valencianos y en todos los espa\u00f1oles y estamos seguros que MotoGP podr\u00e1 cerrar de nuevo el a\u00f1o en Valencia, como siempre\u201d ha indicado el director general del Circuit Ricardo Tormo, Nicol\u00e1s Collado.<\/p>\n","protected":false},"excerpt":{"rendered":"<div class=\"mh-excerpt\">La mayor parte de los aficionados ha guardado sus entradas de la edici\u00f3n 2024 que no se pudo celebrar. El Circuit publica los precios 2025 y anuncia un descuento del 10 % hasta el 30 <a class=\"mh-excerpt-more\" href=\"https:\/\/www.tucomarca.com\/wordpress\/segunda\/el-circuito-ricardo-tormo-de-cheste-pondra-a-la-venta-las-entradas-del-gran-premio-el-31-de-enero\/\" title=\"El Circuito Ricardo Tormo de Cheste pondr\u00e1 a la venta las entradas del Gran Premio el 31 de enero\">[+] <\/a><\/div>\n","protected":false},"author":13,"featured_media":251311,"comment_status":"open","ping_status":"open","sticky":false,"template":"","format":"standard","meta":{"footnotes":""},"categories":[17,21465,6,8,72,10,91,3],"tags":[339,12831,10379,2142,5952,10407],"class_list":{"0":"post-251310","1":"post","2":"type-post","3":"status-publish","4":"format-standard","5":"has-post-thumbnail","7":"category-cheste","8":"category-dana","9":"category-deportes","10":"category-la-comarca","11":"category-sin-categorizar","12":"category-la-hoya","13":"category-motociclismo","14":"category-seccion","15":"tag-cheste-2","16":"tag-dana-2","17":"tag-deportes","18":"tag-la-comunitat","19":"tag-la-hoya-de-bunol-chiva","20":"tag-motociclismo"},"_links":{"self":[{"href":"https:\/\/www.tucomarca.com\/wordpress\/segunda\/wp-json\/wp\/v2\/posts\/251310","targetHints":{"allow":["GET"]}}],"collection":[{"href":"https:\/\/www.tucomarca.com\/wordpress\/segunda\/wp-json\/wp\/v2\/posts"}],"about":[{"href":"https:\/\/www.tucomarca.com\/wordpress\/segunda\/wp-json\/wp\/v2\/types\/post"}],"author":[{"embeddable":true,"href":"https:\/\/www.tucomarca.com\/wordpress\/segunda\/wp-json\/wp\/v2\/users\/13"}],"replies":[{"embeddable":true,"href":"https:\/\/www.tucomarca.com\/wordpress\/segunda\/wp-json\/wp\/v2\/comments?post=251310"}],"version-history":[{"count":0,"href":"https:\/\/www.tucomarca.com\/wordpress\/segunda\/wp-json\/wp\/v2\/posts\/251310\/revisions"}],"wp:featuredmedia":[{"embeddable":true,"href":"https:\/\/www.tucomarca.com\/wordpress\/segunda\/wp-json\/wp\/v2\/media\/251311"}],"wp:attachment":[{"href":"https:\/\/www.tucomarca.com\/wordpress\/segunda\/wp-json\/wp\/v2\/media?parent=251310"}],"wp:term":[{"taxonomy":"category","embeddable":true,"href":"https:\/\/www.tucomarca.com\/wordpress\/segunda\/wp-json\/wp\/v2\/categories?post=251310"},{"taxonomy":"post_tag","embeddable":true,"href":"https:\/\/www.tucomarca.com\/wordpress\/segunda\/wp-json\/wp\/v2\/tags?post=251310"}],"curies":[{"name":"wp","href":"https:\/\/api.w.org\/{rel}","templated":true}]}}