{"id":25139,"date":"2014-03-27T11:58:35","date_gmt":"2014-03-27T08:58:35","guid":{"rendered":"http:\/\/www.tucomarca.com\/wordpress\/segunda\/?p=25139"},"modified":"2014-03-27T11:58:35","modified_gmt":"2014-03-27T08:58:35","slug":"bunol-se-prepara-para-el-macro-simulacro-en-el-que-participaran-alrededor-de-3-000-personas","status":"publish","type":"post","link":"https:\/\/www.tucomarca.com\/wordpress\/segunda\/bunol-se-prepara-para-el-macro-simulacro-en-el-que-participaran-alrededor-de-3-000-personas\/","title":{"rendered":"Bu\u00f1ol se prepara para el macro simulacro en el que participar\u00e1n alrededor de 3.000 personas"},"content":{"rendered":"<p>Como anticip\u00f3 este peri\u00f3dico en su edici\u00f3n impresa, el municipio de Bu\u00f1ol se convertir\u00e1 el pr\u00f3ximo 30 de marzo en epicentro de un simulacro sobre un se\u00edsmo de gran magnitud con consecuencia de riesgo qu\u00edmico y radiol\u00f3gico en el que colabora la Unidad Militar de Emergencias (UME) y el resto de administraciones, entre ellas la Generalitat.<br \/>\n    Seg\u00fan adelant\u00f3 este semanario semanas atr\u00e1s, este simulacro es el m\u00e1s importante hasta la fecha de los que se han hecho en territorio nacional. En \u00e9l se comprobar\u00e1 la desescalada de nivel 3 a nivel 2. Adem\u00e1s, se va a profundizar en algo tan vital como es la post emergencia y la vuelta a la normalidad.<br \/>\nBajo el ep\u00edgrafe Lu\u00f1ol, se simular\u00e1n los efectos de un terremoto que se desarrollar\u00e1 en tiempo real y cuyo epicentro se hallar\u00e1 en Bu\u00f1ol. En la ficticia respuesta participar\u00e1n unas 3.000 personas, entre medios de las diferentes administraciones y figurantes. Por parte de la Generalitat, estar\u00e1n implicadas todas las consellerias, as\u00ed como las Brigadas de Emergencia, Consorcio Provincial de Bomberos, la ONG Intervenci\u00f3n, Ayuda y Emergencias (IAE) y Cruz Roja, entre otros.<br \/>\nEl simulacro pr\u00e1ctico busca ejercitar los procesos de transferencia de mando y gesti\u00f3n de la emergencia entre la Generalitat y el Estado, as\u00ed como probar la capacidad de todas las administraciones, organismos y empresas en una situaci\u00f3n de cat\u00e1strofe. La coordinaci\u00f3n, la cooperaci\u00f3n y el auxilio mutuo entre administraciones se antoja esencial.<br \/>\nLa elecci\u00f3n de esta localidad responde a la disponibilidad de un espacio amplio y propicio para este tipo de ejercicio, as\u00ed como a la similitud de la orograf\u00eda bu\u00f1olense con zonas como Lugo. No en vano, el operativo que se desarrollar\u00e1 en marzo ha sido bautizado con el nombre de Lu\u00f1ol.<br \/>\nEl fin \u00faltimo de este ejercicio, en el que est\u00e1 prevista la asistencia de miembros no s\u00f3lo del gobierno, sino tambi\u00e9n representantes de alto nivel del Estado, es el de lograr una r\u00e1pida respuesta en caso de una gran cat\u00e1strofe como terremotos, inundaciones, fugas industriales, etc\u00e9tera.<br \/>\nEl simulacro ya ha sido puesto en conocimiento de las autoridades locales de la zona, pues en \u00e9l se incluyen traslados y evacuaci\u00f3n de determinadas zonas y pueblos circundantes como los de Chiva o Cheste.<\/p>\n","protected":false},"excerpt":{"rendered":"<div class=\"mh-excerpt\">Como anticip\u00f3 este peri\u00f3dico en su edici\u00f3n impresa, el municipio de Bu\u00f1ol se convertir\u00e1 el pr\u00f3ximo 30 de marzo en epicentro de un simulacro sobre un se\u00edsmo de gran magnitud con consecuencia de riesgo qu\u00edmico <a class=\"mh-excerpt-more\" href=\"https:\/\/www.tucomarca.com\/wordpress\/segunda\/bunol-se-prepara-para-el-macro-simulacro-en-el-que-participaran-alrededor-de-3-000-personas\/\" title=\"Bu\u00f1ol se prepara para el macro simulacro en el que participar\u00e1n alrededor de 3.000 personas\">[+] <\/a><\/div>\n","protected":false},"author":2,"featured_media":0,"comment_status":"open","ping_status":"open","sticky":false,"template":"","format":"standard","meta":{"footnotes":""},"categories":[18,8,10,3],"tags":[3811,10385,2992,582,2993,1811],"class_list":{"0":"post-25139","1":"post","2":"type-post","3":"status-publish","4":"format-standard","6":"category-bunol","7":"category-la-comarca","8":"category-la-hoya","9":"category-seccion","10":"tag-3-000-personas","11":"tag-bunol","12":"tag-lunol","13":"tag-simulacro","14":"tag-terremoto","15":"tag-ume"},"_links":{"self":[{"href":"https:\/\/www.tucomarca.com\/wordpress\/segunda\/wp-json\/wp\/v2\/posts\/25139","targetHints":{"allow":["GET"]}}],"collection":[{"href":"https:\/\/www.tucomarca.com\/wordpress\/segunda\/wp-json\/wp\/v2\/posts"}],"about":[{"href":"https:\/\/www.tucomarca.com\/wordpress\/segunda\/wp-json\/wp\/v2\/types\/post"}],"author":[{"embeddable":true,"href":"https:\/\/www.tucomarca.com\/wordpress\/segunda\/wp-json\/wp\/v2\/users\/2"}],"replies":[{"embeddable":true,"href":"https:\/\/www.tucomarca.com\/wordpress\/segunda\/wp-json\/wp\/v2\/comments?post=25139"}],"version-history":[{"count":0,"href":"https:\/\/www.tucomarca.com\/wordpress\/segunda\/wp-json\/wp\/v2\/posts\/25139\/revisions"}],"wp:attachment":[{"href":"https:\/\/www.tucomarca.com\/wordpress\/segunda\/wp-json\/wp\/v2\/media?parent=25139"}],"wp:term":[{"taxonomy":"category","embeddable":true,"href":"https:\/\/www.tucomarca.com\/wordpress\/segunda\/wp-json\/wp\/v2\/categories?post=25139"},{"taxonomy":"post_tag","embeddable":true,"href":"https:\/\/www.tucomarca.com\/wordpress\/segunda\/wp-json\/wp\/v2\/tags?post=25139"}],"curies":[{"name":"wp","href":"https:\/\/api.w.org\/{rel}","templated":true}]}}