{"id":251491,"date":"2025-01-24T10:00:00","date_gmt":"2025-01-24T09:00:00","guid":{"rendered":"https:\/\/www.tucomarca.com\/wordpress\/segunda\/?p=251491"},"modified":"2025-01-24T13:09:32","modified_gmt":"2025-01-24T12:09:32","slug":"bunol-aplaza-la-hoguera-municipal-de-san-anton-que-organiza-la-falla-las-ventas","status":"publish","type":"post","link":"https:\/\/www.tucomarca.com\/wordpress\/segunda\/bunol-aplaza-la-hoguera-municipal-de-san-anton-que-organiza-la-falla-las-ventas\/","title":{"rendered":"Bu\u00f1ol aplaza la hoguera municipal de San Ant\u00f3n que organiza la Falla Las Ventas"},"content":{"rendered":"\n<p>La Falla Las Ventas y el Ayuntamiento de Bu\u00f1ol han acordado el aplazamiento de la Hoguera de San Ant\u00f3n prevista para este s\u00e1bado. <\/p>\n\n\n\n<p>El anuncio ha sido realizado mediante un comunicado emitido por Las Ventas, debido al luto y la tristeza de esta comisi\u00f3n por el fallecimiento de una de sus integrantes, Nuria Carre\u00f1o, persona muy activa y querida dentro de la comisi\u00f3n.<\/p>\n\n\n\n<p>La Hoguera Municipal se realizar\u00e1 el pr\u00f3ximo 31 de enero en la Plaza Las Ventas.<\/p>\n","protected":false},"excerpt":{"rendered":"<div class=\"mh-excerpt\">La Falla Las Ventas y el Ayuntamiento de Bu\u00f1ol han acordado el aplazamiento de la Hoguera de San Ant\u00f3n prevista para este s\u00e1bado. El anuncio ha sido realizado mediante un comunicado emitido por Las Ventas, <a class=\"mh-excerpt-more\" href=\"https:\/\/www.tucomarca.com\/wordpress\/segunda\/bunol-aplaza-la-hoguera-municipal-de-san-anton-que-organiza-la-falla-las-ventas\/\" title=\"Bu\u00f1ol aplaza la hoguera municipal de San Ant\u00f3n que organiza la Falla Las Ventas\">[+] <\/a><\/div>\n","protected":false},"author":13,"featured_media":251520,"comment_status":"open","ping_status":"open","sticky":false,"template":"","format":"standard","meta":{"footnotes":""},"categories":[4,18,8,10,3],"tags":[10385,5952,15855,589],"class_list":{"0":"post-251491","1":"post","2":"type-post","3":"status-publish","4":"format-standard","5":"has-post-thumbnail","7":"category-agenda","8":"category-bunol","9":"category-la-comarca","10":"category-la-hoya","11":"category-seccion","12":"tag-bunol","13":"tag-la-hoya-de-bunol-chiva","14":"tag-ocio-y-cultura","15":"tag-san-anton"},"_links":{"self":[{"href":"https:\/\/www.tucomarca.com\/wordpress\/segunda\/wp-json\/wp\/v2\/posts\/251491","targetHints":{"allow":["GET"]}}],"collection":[{"href":"https:\/\/www.tucomarca.com\/wordpress\/segunda\/wp-json\/wp\/v2\/posts"}],"about":[{"href":"https:\/\/www.tucomarca.com\/wordpress\/segunda\/wp-json\/wp\/v2\/types\/post"}],"author":[{"embeddable":true,"href":"https:\/\/www.tucomarca.com\/wordpress\/segunda\/wp-json\/wp\/v2\/users\/13"}],"replies":[{"embeddable":true,"href":"https:\/\/www.tucomarca.com\/wordpress\/segunda\/wp-json\/wp\/v2\/comments?post=251491"}],"version-history":[{"count":0,"href":"https:\/\/www.tucomarca.com\/wordpress\/segunda\/wp-json\/wp\/v2\/posts\/251491\/revisions"}],"wp:featuredmedia":[{"embeddable":true,"href":"https:\/\/www.tucomarca.com\/wordpress\/segunda\/wp-json\/wp\/v2\/media\/251520"}],"wp:attachment":[{"href":"https:\/\/www.tucomarca.com\/wordpress\/segunda\/wp-json\/wp\/v2\/media?parent=251491"}],"wp:term":[{"taxonomy":"category","embeddable":true,"href":"https:\/\/www.tucomarca.com\/wordpress\/segunda\/wp-json\/wp\/v2\/categories?post=251491"},{"taxonomy":"post_tag","embeddable":true,"href":"https:\/\/www.tucomarca.com\/wordpress\/segunda\/wp-json\/wp\/v2\/tags?post=251491"}],"curies":[{"name":"wp","href":"https:\/\/api.w.org\/{rel}","templated":true}]}}