{"id":25159,"date":"2014-03-27T15:06:52","date_gmt":"2014-03-27T12:06:52","guid":{"rendered":"http:\/\/www.tucomarca.com\/wordpress\/segunda\/?p=25159"},"modified":"2014-03-27T15:06:55","modified_gmt":"2014-03-27T12:06:55","slug":"el-v-trail-3-pics-les-rodanes-reunira-a-cerca-de-700-atletas-en-vilamarxant","status":"publish","type":"post","link":"https:\/\/www.tucomarca.com\/wordpress\/segunda\/el-v-trail-3-pics-les-rodanes-reunira-a-cerca-de-700-atletas-en-vilamarxant\/","title":{"rendered":"El \u00abV Trail 3 Pics Les Rodanes\u00bb reunir\u00e1 a cerca de 700 atletas en Vilamarxant"},"content":{"rendered":"<p><figure id=\"attachment_25160\" aria-describedby=\"caption-attachment-25160\" style=\"width: 300px\" class=\"wp-caption alignleft\"><a href=\"https:\/\/www.tucomarca.com\/wordpress\/segunda\/2014\/03\/el-v-trail-3-pics-les-rodanes-reunira-a-cerca-de-700-atletas-en-vilamarxant\/cartell-oficial-trail3pics\/\" rel=\"attachment wp-att-25160\"><img loading=\"lazy\" decoding=\"async\" src=\"https:\/\/www.tucomarca.com\/wordpress\/segunda\/wp-content\/uploads\/2014\/03\/cartell-oficial-trail3pics-300x212.jpg\" alt=\"\" title=\"cartell oficial trail3pics\" width=\"300\" height=\"212\" class=\"size-medium wp-image-25160\" srcset=\"https:\/\/www.tucomarca.com\/wordpress\/segunda\/wp-content\/uploads\/2014\/03\/cartell-oficial-trail3pics-300x212.jpg 300w, https:\/\/www.tucomarca.com\/wordpress\/segunda\/wp-content\/uploads\/2014\/03\/cartell-oficial-trail3pics.jpeg 842w\" sizes=\"auto, (max-width: 300px) 100vw, 300px\" \/><\/a><figcaption id=\"caption-attachment-25160\" class=\"wp-caption-text\">Cartel promocional de la cita deportiva. tc.c<\/figcaption><\/figure>El Ayuntamiento de Vilamarxant y el Club de Atletismo de la localidad organizan, con la colaboraci\u00f3n de diversas empresas, la quinta edici\u00f3n del \u2018Trail 3 Pics Les Rodanes\u2019, que se celebrar\u00e1 el 30 de marzo. La carrera popular, en la que se espera que participen cerca de 700 corredores, contar\u00e1 con una prueba Reina de 23 km y otra de 13 km, dirigida a la modalidad Rapittrail.<br \/>\nLa cita deportiva comenzar\u00e1 a las 9 horas, y tendr\u00e1 salida y meta en el Campo Municipal de Deportes. El recorrido discurrir\u00e1 mayoritariamente por sendas, parajes y algunas pistas forestales del entorno natural de \u2018Les Rodanes\u2019, que se encuentra en pleno Parque Natural del T\u00faria.<br \/>\nEsta prueba de monta\u00f1a est\u00e1 abierta a cualquier persona mayor de 16 a\u00f1os. Para la carrera de 23.000 m, se han establecido las categor\u00edas: senior, veterano y m\u00e1ster 50, tanto para mujeres como para hombres, y para la de iniciaci\u00f3n habr\u00e1 una \u00fanica clasificaci\u00f3n general con categor\u00eda femenina y masculina.<br \/>\nAl finalizar la carrera se realizar\u00e1 la entrega de trofeos en la l\u00ednea de meta. En la prueba \u2018Reina\u2019 habr\u00e1 tres trofeos para los primeros clasificados de cada categor\u00eda, dos trofeos para los vencedores absolutos en categor\u00eda femenina y masculina, y un trofeo para el primer corredor local, tanto para hombres como para mujeres. Por lo que respecta a la prueba de iniciaci\u00f3n, se entregar\u00e1n tres premios para los primeros clasificados en categor\u00eda femenina y masculina.<\/p>\n<p>Como novedad, para esta jornada tambi\u00e9n habr\u00e1 tiempo para el ocio y el entretenimiento. Dentro del Campo de Deportes se habilitar\u00e1 una Zona Village con hinchables para los m\u00e1s peque\u00f1os y actividades deportivas con ambientaci\u00f3n musical donde vecinos y visitantes podr\u00e1n disfrutar mientras se desarrolle la carrera popular.<br \/>\nLas personas interesadas podr\u00e1n encontrar m\u00e1s informaci\u00f3n acerca de las pruebas deportivas en www.cronorunner.com<\/p>\n","protected":false},"excerpt":{"rendered":"<div class=\"mh-excerpt\">El Ayuntamiento de Vilamarxant y el Club de Atletismo de la localidad organizan, con la colaboraci\u00f3n de diversas empresas, la quinta edici\u00f3n del \u2018Trail 3 Pics Les Rodanes\u2019, que se celebrar\u00e1 el 30 de marzo. <a class=\"mh-excerpt-more\" href=\"https:\/\/www.tucomarca.com\/wordpress\/segunda\/el-v-trail-3-pics-les-rodanes-reunira-a-cerca-de-700-atletas-en-vilamarxant\/\" title=\"El \u00abV Trail 3 Pics Les Rodanes\u00bb reunir\u00e1 a cerca de 700 atletas en Vilamarxant\">[+] <\/a><\/div>\n","protected":false},"author":2,"featured_media":25160,"comment_status":"open","ping_status":"open","sticky":false,"template":"","format":"standard","meta":{"footnotes":""},"categories":[98,46,6,8,3,184],"tags":[3817,3818,299,3816,10439],"class_list":{"0":"post-25159","1":"post","2":"type-post","3":"status-publish","4":"format-standard","5":"has-post-thumbnail","7":"category-atletismo","8":"category-camp-de-turia","9":"category-deportes","10":"category-la-comarca","11":"category-seccion","12":"category-vilamarxant","13":"tag-30-marzo","14":"tag-700-corredores","15":"tag-atletismo-2","16":"tag-trail","17":"tag-vilamarxant"},"_links":{"self":[{"href":"https:\/\/www.tucomarca.com\/wordpress\/segunda\/wp-json\/wp\/v2\/posts\/25159","targetHints":{"allow":["GET"]}}],"collection":[{"href":"https:\/\/www.tucomarca.com\/wordpress\/segunda\/wp-json\/wp\/v2\/posts"}],"about":[{"href":"https:\/\/www.tucomarca.com\/wordpress\/segunda\/wp-json\/wp\/v2\/types\/post"}],"author":[{"embeddable":true,"href":"https:\/\/www.tucomarca.com\/wordpress\/segunda\/wp-json\/wp\/v2\/users\/2"}],"replies":[{"embeddable":true,"href":"https:\/\/www.tucomarca.com\/wordpress\/segunda\/wp-json\/wp\/v2\/comments?post=25159"}],"version-history":[{"count":0,"href":"https:\/\/www.tucomarca.com\/wordpress\/segunda\/wp-json\/wp\/v2\/posts\/25159\/revisions"}],"wp:featuredmedia":[{"embeddable":true,"href":"https:\/\/www.tucomarca.com\/wordpress\/segunda\/wp-json\/wp\/v2\/media\/25160"}],"wp:attachment":[{"href":"https:\/\/www.tucomarca.com\/wordpress\/segunda\/wp-json\/wp\/v2\/media?parent=25159"}],"wp:term":[{"taxonomy":"category","embeddable":true,"href":"https:\/\/www.tucomarca.com\/wordpress\/segunda\/wp-json\/wp\/v2\/categories?post=25159"},{"taxonomy":"post_tag","embeddable":true,"href":"https:\/\/www.tucomarca.com\/wordpress\/segunda\/wp-json\/wp\/v2\/tags?post=25159"}],"curies":[{"name":"wp","href":"https:\/\/api.w.org\/{rel}","templated":true}]}}