{"id":25163,"date":"2014-03-27T15:16:48","date_gmt":"2014-03-27T12:16:48","guid":{"rendered":"http:\/\/www.tucomarca.com\/wordpress\/segunda\/?p=25163"},"modified":"2014-03-27T15:16:52","modified_gmt":"2014-03-27T12:16:52","slug":"exposicion-sobre-el-campo-de-mestalla-en-chiva","status":"publish","type":"post","link":"https:\/\/www.tucomarca.com\/wordpress\/segunda\/exposicion-sobre-el-campo-de-mestalla-en-chiva\/","title":{"rendered":"Exposici\u00f3n sobre el campo de Mestalla en Chiva"},"content":{"rendered":"<p><figure id=\"attachment_25164\" aria-describedby=\"caption-attachment-25164\" style=\"width: 300px\" class=\"wp-caption alignleft\"><a href=\"https:\/\/www.tucomarca.com\/wordpress\/segunda\/2014\/03\/exposicion-sobre-el-campo-de-mestalla-en-chiva\/img_3036\/\" rel=\"attachment wp-att-25164\"><img loading=\"lazy\" decoding=\"async\" src=\"https:\/\/www.tucomarca.com\/wordpress\/segunda\/wp-content\/uploads\/2014\/03\/IMG_3036-300x200.jpg\" alt=\"\" title=\"IMG_3036\" width=\"300\" height=\"200\" class=\"size-medium wp-image-25164\" srcset=\"https:\/\/www.tucomarca.com\/wordpress\/segunda\/wp-content\/uploads\/2014\/03\/IMG_3036-300x200.jpg 300w, https:\/\/www.tucomarca.com\/wordpress\/segunda\/wp-content\/uploads\/2014\/03\/IMG_3036-1024x683.jpg 1024w, https:\/\/www.tucomarca.com\/wordpress\/segunda\/wp-content\/uploads\/2014\/03\/IMG_3036.jpeg 1280w\" sizes=\"auto, (max-width: 300px) 100vw, 300px\" \/><\/a><figcaption id=\"caption-attachment-25164\" class=\"wp-caption-text\">Acto inaugural de la muestra y reconocimiento a Fernando G\u00f3mez. tc.c<\/figcaption><\/figure>La Sala de Exposiciones de la Casa de la Cultura acoge hasta este s\u00e1bado 29 de marzo, la exposici\u00f3n: Mestalla, 90 a\u00f1os en im\u00e1genes. El acto de inauguraci\u00f3n cont\u00f3 con la presencia de Isabel Farin\u00f3s, por parte de la Fundaci\u00f3n, adem\u00e1s de Blas Madrigal, presidente de la Agrupaci\u00f3n de Pe\u00f1as y una representaci\u00f3n de la Pe\u00f1a Valenciacista \u00abEnrique Asensio\u00bb de Chiva.<br \/>\nTambi\u00e9n estuvo presente la familia del fallecido Enrique Asensio que fue presidente de la Agrupaci\u00f3n de Pe\u00f1as durante los a\u00f1os 1966 a 2002. La muestra, que se puede visitar de manera gratuita de 19:00 a 21:00, incluye una peque\u00f1a vitrina con recortes de peri\u00f3dicos, fotos y recuerdos de Enrique Asensio.<\/p>\n","protected":false},"excerpt":{"rendered":"<div class=\"mh-excerpt\">La Sala de Exposiciones de la Casa de la Cultura acoge hasta este s\u00e1bado 29 de marzo, la exposici\u00f3n: Mestalla, 90 a\u00f1os en im\u00e1genes. El acto de inauguraci\u00f3n cont\u00f3 con la presencia de Isabel Farin\u00f3s, <a class=\"mh-excerpt-more\" href=\"https:\/\/www.tucomarca.com\/wordpress\/segunda\/exposicion-sobre-el-campo-de-mestalla-en-chiva\/\" title=\"Exposici\u00f3n sobre el campo de Mestalla en Chiva\">[+] <\/a><\/div>\n","protected":false},"author":2,"featured_media":25164,"comment_status":"open","ping_status":"open","sticky":false,"template":"","format":"standard","meta":{"footnotes":""},"categories":[4,16,8,10,3],"tags":[3819,3821,3820,10384,443],"class_list":{"0":"post-25163","1":"post","2":"type-post","3":"status-publish","4":"format-standard","5":"has-post-thumbnail","7":"category-agenda","8":"category-chiva","9":"category-la-comarca","10":"category-la-hoya","11":"category-seccion","12":"tag-90-anos","13":"tag-abierta-al-publico","14":"tag-campo-mestalla","15":"tag-chiva","16":"tag-exposicion"},"_links":{"self":[{"href":"https:\/\/www.tucomarca.com\/wordpress\/segunda\/wp-json\/wp\/v2\/posts\/25163","targetHints":{"allow":["GET"]}}],"collection":[{"href":"https:\/\/www.tucomarca.com\/wordpress\/segunda\/wp-json\/wp\/v2\/posts"}],"about":[{"href":"https:\/\/www.tucomarca.com\/wordpress\/segunda\/wp-json\/wp\/v2\/types\/post"}],"author":[{"embeddable":true,"href":"https:\/\/www.tucomarca.com\/wordpress\/segunda\/wp-json\/wp\/v2\/users\/2"}],"replies":[{"embeddable":true,"href":"https:\/\/www.tucomarca.com\/wordpress\/segunda\/wp-json\/wp\/v2\/comments?post=25163"}],"version-history":[{"count":0,"href":"https:\/\/www.tucomarca.com\/wordpress\/segunda\/wp-json\/wp\/v2\/posts\/25163\/revisions"}],"wp:featuredmedia":[{"embeddable":true,"href":"https:\/\/www.tucomarca.com\/wordpress\/segunda\/wp-json\/wp\/v2\/media\/25164"}],"wp:attachment":[{"href":"https:\/\/www.tucomarca.com\/wordpress\/segunda\/wp-json\/wp\/v2\/media?parent=25163"}],"wp:term":[{"taxonomy":"category","embeddable":true,"href":"https:\/\/www.tucomarca.com\/wordpress\/segunda\/wp-json\/wp\/v2\/categories?post=25163"},{"taxonomy":"post_tag","embeddable":true,"href":"https:\/\/www.tucomarca.com\/wordpress\/segunda\/wp-json\/wp\/v2\/tags?post=25163"}],"curies":[{"name":"wp","href":"https:\/\/api.w.org\/{rel}","templated":true}]}}