{"id":25167,"date":"2014-03-27T15:24:08","date_gmt":"2014-03-27T12:24:08","guid":{"rendered":"http:\/\/www.tucomarca.com\/wordpress\/segunda\/?p=25167"},"modified":"2014-03-27T15:24:11","modified_gmt":"2014-03-27T12:24:11","slug":"la-feria-reciclamon-y-el-planeta-infinito-llega-a-tuejar","status":"publish","type":"post","link":"https:\/\/www.tucomarca.com\/wordpress\/segunda\/la-feria-reciclamon-y-el-planeta-infinito-llega-a-tuejar\/","title":{"rendered":"La Feria Reciclamon y el planeta infinito llega a Tu\u00e9jar"},"content":{"rendered":"<p><figure id=\"attachment_25168\" aria-describedby=\"caption-attachment-25168\" style=\"width: 213px\" class=\"wp-caption alignleft\"><a href=\"https:\/\/www.tucomarca.com\/wordpress\/segunda\/2014\/03\/la-feria-reciclamon-y-el-planeta-infinito-llega-a-tuejar\/cartelreciclamontuejar\/\" rel=\"attachment wp-att-25168\"><img loading=\"lazy\" decoding=\"async\" src=\"https:\/\/www.tucomarca.com\/wordpress\/segunda\/wp-content\/uploads\/2014\/03\/CARTELRECICLAMONTuejar-213x300.jpg\" alt=\"\" title=\"CARTELRECICLAMONTuejar\" width=\"213\" height=\"300\" class=\"size-medium wp-image-25168\" srcset=\"https:\/\/www.tucomarca.com\/wordpress\/segunda\/wp-content\/uploads\/2014\/03\/CARTELRECICLAMONTuejar-213x300.jpg 213w, https:\/\/www.tucomarca.com\/wordpress\/segunda\/wp-content\/uploads\/2014\/03\/CARTELRECICLAMONTuejar-728x1024.jpg 728w, https:\/\/www.tucomarca.com\/wordpress\/segunda\/wp-content\/uploads\/2014\/03\/CARTELRECICLAMONTuejar.jpg 1001w\" sizes=\"auto, (max-width: 213px) 100vw, 213px\" \/><\/a><figcaption id=\"caption-attachment-25168\" class=\"wp-caption-text\">Promoci\u00f3n del evento previsto para este s\u00e1bado. tc.c<\/figcaption><\/figure>El s\u00e1bado 29 de marzo, entre las 11 y las 14,30 horas, en la C\/Ronda de Valencia (junto al Mercado Municipal) de Tu\u00e9jar se celebrar\u00e1 la Feria  \u00abReciclamon y el planeta infinito\u00bb con la participaci\u00f3n de representantes municipales, provinciales y del Consorcio Valencia Interior. Asimismo, est\u00e1n convocados los escolares de Tu\u00e9jar que han participado, el pasado lunes, en el Ecopekeparque Reciclamon y en los talleres de educaci\u00f3n ambiental de Infantil y Primaria. En el marco de la Feria se presentar\u00e1n los trabajos de reciclaje que han realizado las ni\u00f1as y ni\u00f1os de Tu\u00e9jar, convertidos ya en Agentes Reciclamon, \u00abformadores medioambientales\u00bb para poder transmitir en su entorno m\u00e1s cercano la importancia del reciclaje.<br \/>\nLa campa\u00f1a de concienciaci\u00f3n y educaci\u00f3n ambiental Reciclamon y el planeta infinito, organizada por la Diputaci\u00f3n Provincial de Valencia y el Consorcio Valencia Interior, con la colaboraci\u00f3n de la fundaci\u00f3n Eco-raee\u2019s y los Ayuntamientos participantes, se desarrolla en los centros escolares de varios municipios de estas comarcas del interior de Valencia. Junto a los talleres formativos, se celebrar\u00e1n Ferias itinerantes, como la que se inaugura el s\u00e1bado en Tu\u00e9jar, con contenidos l\u00fadicos y docentes para concienciar sobre la necesidad e importancia de reciclar nuestros residuos.<br \/>\nAumentar el nivel de concienciaci\u00f3n ambiental de los escolares, implic\u00e1ndoles en la gesti\u00f3n de los residuos generados en sus municipios como parte activa del reciclaje de los mismos, es el objetivo central de estas actividades que est\u00e1n siendo recibidas satisfactoriamente en los centros docentes. Adem\u00e1s, esta campa\u00f1a ofrece tambi\u00e9n visitas escolares a la planta de valorizaci\u00f3n de residuos urbanos de Ll\u00edria, donde las ni\u00f1as y ni\u00f1os participan en la experiencia de la transformaci\u00f3n de los residuos en recursos. <\/p>\n","protected":false},"excerpt":{"rendered":"<div class=\"mh-excerpt\">El s\u00e1bado 29 de marzo, entre las 11 y las 14,30 horas, en la C\/Ronda de Valencia (junto al Mercado Municipal) de Tu\u00e9jar se celebrar\u00e1 la Feria \u00abReciclamon y el planeta infinito\u00bb con la participaci\u00f3n <a class=\"mh-excerpt-more\" href=\"https:\/\/www.tucomarca.com\/wordpress\/segunda\/la-feria-reciclamon-y-el-planeta-infinito-llega-a-tuejar\/\" title=\"La Feria Reciclamon y el planeta infinito llega a Tu\u00e9jar\">[+] <\/a><\/div>\n","protected":false},"author":2,"featured_media":25168,"comment_status":"open","ping_status":"open","sticky":false,"template":"","format":"standard","meta":{"footnotes":""},"categories":[4,8,59,3,134],"tags":[3822,3824,3823,3825],"class_list":{"0":"post-25167","1":"post","2":"type-post","3":"status-publish","4":"format-standard","5":"has-post-thumbnail","7":"category-agenda","8":"category-la-comarca","9":"category-los-serranos","10":"category-seccion","11":"category-tuejar","12":"tag-feria-reciclamon","13":"tag-llega-a-tuejar","14":"tag-planeta-finito","15":"tag-respeto-medioambiental"},"_links":{"self":[{"href":"https:\/\/www.tucomarca.com\/wordpress\/segunda\/wp-json\/wp\/v2\/posts\/25167","targetHints":{"allow":["GET"]}}],"collection":[{"href":"https:\/\/www.tucomarca.com\/wordpress\/segunda\/wp-json\/wp\/v2\/posts"}],"about":[{"href":"https:\/\/www.tucomarca.com\/wordpress\/segunda\/wp-json\/wp\/v2\/types\/post"}],"author":[{"embeddable":true,"href":"https:\/\/www.tucomarca.com\/wordpress\/segunda\/wp-json\/wp\/v2\/users\/2"}],"replies":[{"embeddable":true,"href":"https:\/\/www.tucomarca.com\/wordpress\/segunda\/wp-json\/wp\/v2\/comments?post=25167"}],"version-history":[{"count":0,"href":"https:\/\/www.tucomarca.com\/wordpress\/segunda\/wp-json\/wp\/v2\/posts\/25167\/revisions"}],"wp:featuredmedia":[{"embeddable":true,"href":"https:\/\/www.tucomarca.com\/wordpress\/segunda\/wp-json\/wp\/v2\/media\/25168"}],"wp:attachment":[{"href":"https:\/\/www.tucomarca.com\/wordpress\/segunda\/wp-json\/wp\/v2\/media?parent=25167"}],"wp:term":[{"taxonomy":"category","embeddable":true,"href":"https:\/\/www.tucomarca.com\/wordpress\/segunda\/wp-json\/wp\/v2\/categories?post=25167"},{"taxonomy":"post_tag","embeddable":true,"href":"https:\/\/www.tucomarca.com\/wordpress\/segunda\/wp-json\/wp\/v2\/tags?post=25167"}],"curies":[{"name":"wp","href":"https:\/\/api.w.org\/{rel}","templated":true}]}}