{"id":251846,"date":"2025-01-27T09:30:00","date_gmt":"2025-01-27T08:30:00","guid":{"rendered":"https:\/\/www.tucomarca.com\/wordpress\/segunda\/?p=251846"},"modified":"2025-01-27T19:55:32","modified_gmt":"2025-01-27T18:55:32","slug":"la-programacion-del-ivc-en-valencia-para-el-proximo-cuatrimestre-ofrece-grandes-titulos-teatrales-con-especial-protagonismo-de-las-companias-valencianas","status":"publish","type":"post","link":"https:\/\/www.tucomarca.com\/wordpress\/segunda\/la-programacion-del-ivc-en-valencia-para-el-proximo-cuatrimestre-ofrece-grandes-titulos-teatrales-con-especial-protagonismo-de-las-companias-valencianas\/","title":{"rendered":"La programaci\u00f3n del IVC en Val\u00e8ncia para el pr\u00f3ximo cuatrimestre ofrece grandes t\u00edtulos teatrales con especial protagonismo de las compa\u00f1\u00edas valencianas"},"content":{"rendered":"\n<h3 class=\"wp-block-heading\">El teatro cl\u00e1sico y la creaci\u00f3n valenciana son los protagonistas de los teatros Principal y Rialto.<\/h3>\n\n\n\n<h3 class=\"wp-block-heading\">La direcci\u00f3n adjunta de Artes Esc\u00e9nicas programa adem\u00e1s actividad expandida para reforzar el v\u00ednculo del p\u00fablico con el teatro y crear una comunidad activa de espectadores.<\/h3>\n\n\n\n<p>La Conselleria de Educaci\u00f3n, Cultura, Universidades y Empleo ha presentado este lunes la programaci\u00f3n de Artes Esc\u00e9nicas del Institut Valenci\u00e0 de Cultura en Valencia para la temporada de febrero a junio de 2025, que incluye ic\u00f3nicos t\u00edtulos teatrales y compa\u00f1\u00edas valencianas.<br>&nbsp;<br>El director general de Cultura, Miquel Nadal, ha afirmado se trata de \u201cuna programaci\u00f3n dise\u00f1ada con equilibro, cari\u00f1o y profesionalidad para ofrecer al p\u00fablico grandes t\u00edtulos de la escena cl\u00e1sica y contempor\u00e1nea y centrada tambi\u00e9n en los profesionales y compa\u00f1\u00edas valencianas; una programaci\u00f3n con la que estamos fortaleciendo los lazos con un p\u00fablico cada vez m\u00e1s comprometido y activo con la cultura y el teatro en particular\u201d.<\/p>\n\n\n\n<p>Por su parte el director del IVC, \u00c1lvaro L\u00f3pez Jamar, ha destacado el trabajo de Mar\u00eda Jos\u00e9 Mora, directora adjunta de Artes Esc\u00e9nicas, \u201ccon el prop\u00f3sito de fortalecer el trabajo de los profesionales valencianos con propuestas novedosas como el proyecto de lecturas dramatizadas de textos in\u00e9ditos, \u2018In\u00e9dits\u2019, que se suman a los ya existentes \u00cdnsula Dramataria o el Torneo de Dramaturgia\u201d.&nbsp;<\/p>\n\n\n\n<figure class=\"wp-block-gallery has-nested-images columns-default is-cropped wp-block-gallery-1 is-layout-flex wp-block-gallery-is-layout-flex\">\n<figure class=\"wp-block-image size-large\"><img loading=\"lazy\" decoding=\"async\" width=\"1024\" height=\"683\" data-id=\"251848\" src=\"https:\/\/www.tucomarca.com\/wordpress\/segunda\/wp-content\/uploads\/2025\/01\/IVC_Programacion02-1024x683.jpg\" alt=\"\" class=\"wp-image-251848\" srcset=\"https:\/\/www.tucomarca.com\/wordpress\/segunda\/wp-content\/uploads\/2025\/01\/IVC_Programacion02-1024x683.jpg 1024w, https:\/\/www.tucomarca.com\/wordpress\/segunda\/wp-content\/uploads\/2025\/01\/IVC_Programacion02-300x200.jpg 300w, https:\/\/www.tucomarca.com\/wordpress\/segunda\/wp-content\/uploads\/2025\/01\/IVC_Programacion02-768x512.jpg 768w, https:\/\/www.tucomarca.com\/wordpress\/segunda\/wp-content\/uploads\/2025\/01\/IVC_Programacion02.jpg 1181w\" sizes=\"auto, (max-width: 1024px) 100vw, 1024px\" \/><\/figure>\n\n\n\n<figure class=\"wp-block-image size-large\"><img loading=\"lazy\" decoding=\"async\" width=\"1024\" height=\"683\" data-id=\"251849\" src=\"https:\/\/www.tucomarca.com\/wordpress\/segunda\/wp-content\/uploads\/2025\/01\/IVC_Programacion03-1024x683.jpg\" alt=\"\" class=\"wp-image-251849\" srcset=\"https:\/\/www.tucomarca.com\/wordpress\/segunda\/wp-content\/uploads\/2025\/01\/IVC_Programacion03-1024x683.jpg 1024w, https:\/\/www.tucomarca.com\/wordpress\/segunda\/wp-content\/uploads\/2025\/01\/IVC_Programacion03-300x200.jpg 300w, https:\/\/www.tucomarca.com\/wordpress\/segunda\/wp-content\/uploads\/2025\/01\/IVC_Programacion03-768x512.jpg 768w, https:\/\/www.tucomarca.com\/wordpress\/segunda\/wp-content\/uploads\/2025\/01\/IVC_Programacion03.jpg 1181w\" sizes=\"auto, (max-width: 1024px) 100vw, 1024px\" \/><\/figure>\n<\/figure>\n\n\n\n<p>Asimismo, ha recordado la iniciativa \u2018Gira Escena Premiada\u2019 que programa la exhibici\u00f3n diferentes localidades de la Comunitat Valenciana de los espect\u00e1culos galardonados en los Premios IVC de las Artes Esc\u00e9nicas.&nbsp;<\/p>\n\n\n\n<p>La directora adjunta de Artes Esc\u00e9nicas del IVC, Mar\u00eda Jos\u00e9 Mora, ha destacado tambi\u00e9n el apoyo a la creaci\u00f3n valenciana a trav\u00e9s de los Laboratorios de investigaci\u00f3n esc\u00e9nica en Espai LaGranja, que han aumentado su n\u00famero, o el programa de producci\u00f3n propia que este cuatrimestre ver\u00e1 sobre el escenario \u2018Plenamar\u2019, un nuevo espect\u00e1culo que se ensayar\u00e1 y estrenar\u00e1 en el Teatre Principal de Castell\u00f3.&nbsp;<\/p>\n\n\n\n<p>Antes de desgranar la programaci\u00f3n, Mora ha revelado la curiosidad que despierta en el p\u00fablico la programaci\u00f3n ofrecida, con un aumento de las entradas vendidas en el Teatro Principal del 32 % y un 15 % en el Teatro Rialto, respecto a la temporada 23\/24.<\/p>\n\n\n\n<p>\u201cProgramamos espect\u00e1culos que est\u00e1n despertando gran inter\u00e9s y es una satisfacci\u00f3n que esto suceda con propuestas de calidad y que invitan a la reflexi\u00f3n sobre diferentes cuestiones de actualidad. Adem\u00e1s, a trav\u00e9s de la nueva \u00e1rea de mediaci\u00f3n, tratamos de estrechar el espacio entre lo que sucede en el escenario y el p\u00fablico, haciendo que sea m\u00e1s participe\u201d, ha afirmado.<\/p>\n\n\n\n<p><strong>Teatro Principal<\/strong><\/p>\n\n\n\n<p>El Teatro Principal de Valencia presenta para el pr\u00f3ximo cuatrimestre propuestas de gran formato que incluyen grandes cl\u00e1sicos de la literatura. El 1 y 2 de febrero se estrenar\u00e1 \u2018Todos p\u00e1jaros\u2019, del autor liban\u00e9s Wajdi Mouawad y dirigida por Mario Gas, una obra que plasma la complicada realidad de dos pueblos ancestrales (el jud\u00edo y el \u00e1rabe) con un impresionante trabajo actoral.&nbsp;<\/p>\n\n\n\n<p>El 8 y 9 de febrero se podr\u00e1 ver \u2018La dama duende\u2019, la famosa comedia de capa y espada de Calder\u00f3n de la Barca, ambientada en un estudio radiof\u00f3nico de la Espa\u00f1a de los a\u00f1os 50. \u2018Las bingueras de Eur\u00edpides\u2019 llegan el 16 de febrero, una versi\u00f3n lib\u00e9rrima de \u2018Las bacantes\u2019 de Eur\u00edpides con el esp\u00edritu irreverente de Las Ni\u00f1as de C\u00e1diz.<\/p>\n\n\n\n<p>Calder\u00f3n cierra su trilog\u00eda en el Principal con \u2018El gran teatro del mundo\u2019, una de las m\u00e1s importantes producciones teatrales del Siglo de Oro, que fue representado en las fiestas del Corpus Christi de Valencia en 1641. Se podr\u00e1 ver del 20 al 23 de febrero con la Compa\u00f1\u00eda Nacional de Teatro Cl\u00e1sico y tendr\u00e1 el 23 una funci\u00f3n accesible para personas con discapacidad sensorial.<\/p>\n\n\n\n<p>Marzo comienza con \u2018Los lunes al sol\u2019, reprogramada por las inundaciones sufridas en octubre; una obra de gran formato fiel al guion original de la pel\u00edcula de Fernando Le\u00f3n de Aranoa e Ignacio del Moral que se podr\u00e1 ver los d\u00edas 1 y 2.<\/p>\n\n\n\n<p>El 8 y 9 de marzo llega \u2018La reina del arga\u2019, interpretada y dirigida por Estefan\u00eda de Paz As\u00edn, una obra circense sobre una funambulista fascinante de la Pamplona del siglo XIX.<\/p>\n\n\n\n<p>Asimismo, coincidiendo con el D\u00eda Internacional de la Mujer, el IVC ha organizado el 9 de marzo la jornada \u2018Mujeres en las alturas\u2019, un coloquio con el p\u00fablico que pone en valor la figura de esta y otras mujeres.&nbsp;<\/p>\n\n\n\n<p>El 22 y 23 de marzo se podr\u00e1 ver una obra de teatro documental, \u2018Dirrrty boys\u2019, a partir de un crimen ocurrido en Liverpool en 1993, que habla de las segundas oportunidades. Y del 9 al 13 de abril el Principal se une a la celebraci\u00f3n del festival Dansa Val\u00e8ncia que reunir\u00e1 en la ciudad las mejores y m\u00e1s actuales propuestas de danza y nuevos lenguajes relacionados con el cuerpo y el movimiento.<\/p>\n\n\n\n<p><strong>Teatro Rialto<\/strong><\/p>\n\n\n\n<p>Por su parte, el Teatro Rialto acoge varias propuestas de creaci\u00f3n contempor\u00e1nea con estrenos de compa\u00f1\u00edas valencianas, un espect\u00e1culo internacional y un programa complementario de actividades de mediaci\u00f3n destinadas a profesionales y aficionados.<\/p>\n\n\n\n<p>Del 6 al 9 de febrero la compa\u00f1\u00eda valenciana Nacho Diago Producciones en la luna estrena su espect\u00e1culo \u2018440 Hz\u2019, una ficci\u00f3n sobre la identidad, la percepci\u00f3n sensorial y el silencio contada a trav\u00e9s de la t\u00e9cnica del Foley Art. &nbsp;La compa\u00f1\u00eda realizar\u00e1 el 7 de febrero un coloquio con el p\u00fablico.<\/p>\n\n\n\n<p>Del 13 al 16 de febrero, el autor y director valenciano V\u00edctor S\u00e1nchez desgrana el presente desde la piscina del Hotel Valpara\u00edso en \u2018Cuatro d\u00edas, cuatro noches\u2019.&nbsp;<\/p>\n\n\n\n<p>A partir del cap\u00edtulo XVI de Don Quijote de la Mancha, la obra \u2018Marcela (una canci\u00f3n de Cervantes)\u2019, dirigida por Leticia Dolera, trae a escena a la pastora Marcela, un personaje femenino fuerte y libre, que se podr\u00e1 ver el 22 y 23 de febrero. Y el 27 de febrero ser\u00e1 el estreno de \u2018Pr\u00f3digo\u2019 de La negra produce, obra escrita y dirigida por la valenciana Eva Mir, que se podr\u00e1 ver hasta el 2 de marzo.<\/p>\n\n\n\n<p>Del 6 al 9 de marzo se presenta la obra de teatro documental \u2018Cuerpos celestes\u2019, un proyecto esc\u00e9nico que aborda la guerra futura por la conquista del espacio. Coincidiendo con esta exhibici\u00f3n el IVC ha organizado del 3 al 5 de marzo el taller para profesionales \u2018Cualquier parecido con la realidad no es pura coincidencia\u2019.<\/p>\n\n\n\n<p>Santiago Ribelles y Sara Manente desarrollar\u00e1n la propuesta \u2018Compost\u2019, investigaci\u00f3n en artes vivas con pr\u00e1cticas como la micolog\u00eda, la fermentaci\u00f3n o los residuos, en relaci\u00f3n con las artes esc\u00e9nicas. Ser\u00e1 del 5 al 7 de marzo.<\/p>\n\n\n\n<p>Las huecas llevan a escena \u2018De l\u2019amistat\u2019 una pieza c\u00f3mica sobre los errores, las imposibilidades y la persistencia de la pr\u00e1ctica amistosa del 20 al 23 de marzo.<\/p>\n\n\n\n<p>Del 29 y 30 de marzo est\u00e1 previsto el espect\u00e1culo internacional \u2018El brote\u2019 de la compa\u00f1\u00eda Criolla; un brillante mon\u00f3logo c\u00f3mico y meta teatral. Tras la funci\u00f3n del d\u00eda 29 habr\u00e1 un coloquio con el p\u00fablico. Del 9 al 13 de abril, al igual que el Principal, el Teatro Rialto se suma a la celebraci\u00f3n de Dansa Val\u00e8ncia con programaci\u00f3n del festival organizado por el IVC.&nbsp;<\/p>\n\n\n\n<p>El 3 y 4 de mayo se podr\u00e1 ver otra obra reprogramada por las inundaciones: \u2018Not my monkeys\u2019, una cr\u00edtica sobre el falso bienestar de la cultura occidental en clave de comedia.&nbsp;<\/p>\n\n\n\n<p>Del 7 al 18 de mayo asistiremos al estreno de una nueva producci\u00f3n propia del IVC, \u2018Plenamar\u2019, escrita por Bego\u00f1a Tena y dirigida por Laia Porcar y N\u00faria Vizcarro. La obra contar\u00e1 con una funci\u00f3n para personas con discapacidad sensorial el d\u00eda 11 de mayo y una funci\u00f3n relajada, con reducci\u00f3n de est\u00edmulos, para personas con necesidades especiales, el 14 de mayo. Adem\u00e1s, se realizar\u00e1 un coloquio con el p\u00fablico los d\u00edas 7, 8 y 15 despu\u00e9s de funci\u00f3n matinal y d\u00eda 16 despu\u00e9s de funci\u00f3n vespertina.<\/p>\n\n\n\n<p>Del 22 al 25 de mayo, y dirigida por Jer\u00f3nimo Cornelles se podr\u00e1 ver el estreno de las \u2018Las amistades peligrosas\u2019, versi\u00f3n libre de la novela epistolar de Pierre Choderlos de Laclos con unos personajes que burlan, en su provecho, la hip\u00f3crita sociedad de su tiempo y el nuestro. Cerrar\u00e1 la programaci\u00f3n en el Rialto, del 29 mayo al 8 de junio, el IX Torneig de Dramat\u00fargia valenciana, un combate entre dramaturgos valencianos en el que el p\u00fablico decide el ganador.&nbsp;<\/p>\n","protected":false},"excerpt":{"rendered":"<div class=\"mh-excerpt\">El teatro cl\u00e1sico y la creaci\u00f3n valenciana son los protagonistas de los teatros Principal y Rialto. La direcci\u00f3n adjunta de Artes Esc\u00e9nicas programa adem\u00e1s actividad expandida para reforzar el v\u00ednculo del p\u00fablico con el teatro <a class=\"mh-excerpt-more\" href=\"https:\/\/www.tucomarca.com\/wordpress\/segunda\/la-programacion-del-ivc-en-valencia-para-el-proximo-cuatrimestre-ofrece-grandes-titulos-teatrales-con-especial-protagonismo-de-las-companias-valencianas\/\" title=\"La programaci\u00f3n del IVC en Val\u00e8ncia para el pr\u00f3ximo cuatrimestre ofrece grandes t\u00edtulos teatrales con especial protagonismo de las compa\u00f1\u00edas valencianas\">[+] <\/a><\/div>\n","protected":false},"author":12,"featured_media":251853,"comment_status":"open","ping_status":"open","sticky":false,"template":"","format":"gallery","meta":{"footnotes":""},"categories":[4,66,128,8,72,7,142,3],"tags":[13272,17757,21830],"class_list":{"0":"post-251846","1":"post","2":"type-post","3":"status-publish","4":"format-gallery","5":"has-post-thumbnail","7":"category-agenda","8":"category-musica","9":"category-infraestructuras","10":"category-la-comarca","11":"category-sin-categorizar","12":"category-ocio-y-cultura","13":"category-politica-la-comarca","14":"category-seccion","15":"tag-institut-valencia-de-cultura","16":"tag-ivc","17":"tag-programacion-teatros","18":"post_format-post-format-gallery"},"_links":{"self":[{"href":"https:\/\/www.tucomarca.com\/wordpress\/segunda\/wp-json\/wp\/v2\/posts\/251846","targetHints":{"allow":["GET"]}}],"collection":[{"href":"https:\/\/www.tucomarca.com\/wordpress\/segunda\/wp-json\/wp\/v2\/posts"}],"about":[{"href":"https:\/\/www.tucomarca.com\/wordpress\/segunda\/wp-json\/wp\/v2\/types\/post"}],"author":[{"embeddable":true,"href":"https:\/\/www.tucomarca.com\/wordpress\/segunda\/wp-json\/wp\/v2\/users\/12"}],"replies":[{"embeddable":true,"href":"https:\/\/www.tucomarca.com\/wordpress\/segunda\/wp-json\/wp\/v2\/comments?post=251846"}],"version-history":[{"count":0,"href":"https:\/\/www.tucomarca.com\/wordpress\/segunda\/wp-json\/wp\/v2\/posts\/251846\/revisions"}],"wp:featuredmedia":[{"embeddable":true,"href":"https:\/\/www.tucomarca.com\/wordpress\/segunda\/wp-json\/wp\/v2\/media\/251853"}],"wp:attachment":[{"href":"https:\/\/www.tucomarca.com\/wordpress\/segunda\/wp-json\/wp\/v2\/media?parent=251846"}],"wp:term":[{"taxonomy":"category","embeddable":true,"href":"https:\/\/www.tucomarca.com\/wordpress\/segunda\/wp-json\/wp\/v2\/categories?post=251846"},{"taxonomy":"post_tag","embeddable":true,"href":"https:\/\/www.tucomarca.com\/wordpress\/segunda\/wp-json\/wp\/v2\/tags?post=251846"}],"curies":[{"name":"wp","href":"https:\/\/api.w.org\/{rel}","templated":true}]}}