{"id":25191,"date":"2014-03-27T22:00:55","date_gmt":"2014-03-27T19:00:55","guid":{"rendered":"http:\/\/www.tucomarca.com\/wordpress\/segunda\/?p=25191"},"modified":"2014-03-27T22:31:40","modified_gmt":"2014-03-27T19:31:40","slug":"el-presidente-provincial-del-pp-alfonso-rus-se-reune-con-alcaldes-y-portavoces-de-la-hoya-de-bunol-chiva","status":"publish","type":"post","link":"https:\/\/www.tucomarca.com\/wordpress\/segunda\/el-presidente-provincial-del-pp-alfonso-rus-se-reune-con-alcaldes-y-portavoces-de-la-hoya-de-bunol-chiva\/","title":{"rendered":"El presidente provincial del PP, Alfonso Rus, se re\u00fane con alcaldes y portavoces de la Hoya de Bu\u00f1ol-Chiva"},"content":{"rendered":"<figure id=\"attachment_25192\" aria-describedby=\"caption-attachment-25192\" style=\"width: 300px\" class=\"wp-caption alignleft\"><a href=\"https:\/\/www.tucomarca.com\/wordpress\/segunda\/wp-content\/uploads\/2014\/03\/RusLaHoya.jpg\"><img loading=\"lazy\" decoding=\"async\" class=\"size-medium wp-image-25192\" title=\"RusLaHoya\" src=\"https:\/\/www.tucomarca.com\/wordpress\/segunda\/wp-content\/uploads\/2014\/03\/RusLaHoya-300x200.jpg\" alt=\"El presidente del Partido Popular de la provincia de Valencia, Alfonso Rus, se ha reunido hoy con alcaldes, portavoces y concejales de  La Hoya.\" width=\"300\" height=\"200\" srcset=\"https:\/\/www.tucomarca.com\/wordpress\/segunda\/wp-content\/uploads\/2014\/03\/RusLaHoya-300x200.jpg 300w, https:\/\/www.tucomarca.com\/wordpress\/segunda\/wp-content\/uploads\/2014\/03\/RusLaHoya-1024x682.jpg 1024w\" sizes=\"auto, (max-width: 300px) 100vw, 300px\" \/><\/a><figcaption id=\"caption-attachment-25192\" class=\"wp-caption-text\">El presidente del Partido Popular de la provincia de Valencia, Alfonso Rus, se ha reunido hoy con alcaldes, portavoces y concejales de  La Hoya.<\/figcaption><\/figure>\n<p>El presidente del Partido Popular de la provincia de Valencia, Alfonso Rus, se ha reunido hoy con alcaldes, portavoces y concejales de la comarca de La Hoya de Bu\u00f1ol &#8211; Chiva.<\/p>\n<p>Un encuentro que ha tenido lugar en Chiva y al que han acudido el secretario general provincial, Vicente Betoret; los vicesecretarios de Organizaci\u00f3n y de Comarcas, Juan Jos\u00e9 Medina y Emilio Llopis, respectivamente; la presidenta comarcal, Sagrario S\u00e1nchez, y otros miembros de la ejecutiva provincial.<\/p>\n<p>El encuentro ha servido para \u201cexplicar a los ediles los proyectos que llevamos en marcha en la Diputaci\u00f3n, contarles que pueden contar con el apoyo del PP de la provincia de Valencia y animarles a seguir trabajando para recuperar la confianza de nuestros votantes\u201d, ha destacado Rus.<\/p>\n","protected":false},"excerpt":{"rendered":"<div class=\"mh-excerpt\">El presidente del Partido Popular de la provincia de Valencia, Alfonso Rus, se ha reunido hoy con alcaldes, portavoces y concejales de la comarca de La Hoya de Bu\u00f1ol &#8211; Chiva. Un encuentro que ha <a class=\"mh-excerpt-more\" href=\"https:\/\/www.tucomarca.com\/wordpress\/segunda\/el-presidente-provincial-del-pp-alfonso-rus-se-reune-con-alcaldes-y-portavoces-de-la-hoya-de-bunol-chiva\/\" title=\"El presidente provincial del PP, Alfonso Rus, se re\u00fane con alcaldes y portavoces de la Hoya de Bu\u00f1ol-Chiva\">[+] <\/a><\/div>\n","protected":false},"author":1,"featured_media":25192,"comment_status":"open","ping_status":"open","sticky":false,"template":"","format":"standard","meta":{"footnotes":""},"categories":[8,10,142,45],"tags":[],"class_list":{"0":"post-25191","1":"post","2":"type-post","3":"status-publish","4":"format-standard","5":"has-post-thumbnail","7":"category-la-comarca","8":"category-la-hoya","9":"category-politica-la-comarca","10":"category-ventana"},"_links":{"self":[{"href":"https:\/\/www.tucomarca.com\/wordpress\/segunda\/wp-json\/wp\/v2\/posts\/25191","targetHints":{"allow":["GET"]}}],"collection":[{"href":"https:\/\/www.tucomarca.com\/wordpress\/segunda\/wp-json\/wp\/v2\/posts"}],"about":[{"href":"https:\/\/www.tucomarca.com\/wordpress\/segunda\/wp-json\/wp\/v2\/types\/post"}],"author":[{"embeddable":true,"href":"https:\/\/www.tucomarca.com\/wordpress\/segunda\/wp-json\/wp\/v2\/users\/1"}],"replies":[{"embeddable":true,"href":"https:\/\/www.tucomarca.com\/wordpress\/segunda\/wp-json\/wp\/v2\/comments?post=25191"}],"version-history":[{"count":0,"href":"https:\/\/www.tucomarca.com\/wordpress\/segunda\/wp-json\/wp\/v2\/posts\/25191\/revisions"}],"wp:featuredmedia":[{"embeddable":true,"href":"https:\/\/www.tucomarca.com\/wordpress\/segunda\/wp-json\/wp\/v2\/media\/25192"}],"wp:attachment":[{"href":"https:\/\/www.tucomarca.com\/wordpress\/segunda\/wp-json\/wp\/v2\/media?parent=25191"}],"wp:term":[{"taxonomy":"category","embeddable":true,"href":"https:\/\/www.tucomarca.com\/wordpress\/segunda\/wp-json\/wp\/v2\/categories?post=25191"},{"taxonomy":"post_tag","embeddable":true,"href":"https:\/\/www.tucomarca.com\/wordpress\/segunda\/wp-json\/wp\/v2\/tags?post=25191"}],"curies":[{"name":"wp","href":"https:\/\/api.w.org\/{rel}","templated":true}]}}