{"id":251920,"date":"2025-01-29T12:45:00","date_gmt":"2025-01-29T11:45:00","guid":{"rendered":"https:\/\/www.tucomarca.com\/wordpress\/segunda\/?p=251920"},"modified":"2025-01-29T22:39:25","modified_gmt":"2025-01-29T21:39:25","slug":"bunol-celebra-san-anton-el-16-de-febrero-con-caballistas-y-yeguadas-locales","status":"publish","type":"post","link":"https:\/\/www.tucomarca.com\/wordpress\/segunda\/bunol-celebra-san-anton-el-16-de-febrero-con-caballistas-y-yeguadas-locales\/","title":{"rendered":"Bu\u00f1ol celebra San Ant\u00f3n el 16 de febrero con caballistas y yeguadas locales"},"content":{"rendered":"<div class=\"wp-block-image\">\n<figure class=\"alignleft size-full is-resized\"><img loading=\"lazy\" decoding=\"async\" width=\"886\" height=\"886\" src=\"https:\/\/www.tucomarca.com\/wordpress\/segunda\/wp-content\/uploads\/2025\/01\/SanAntonBunol25.jpg\" alt=\"\" class=\"wp-image-251969\" style=\"width:440px;height:auto\" srcset=\"https:\/\/www.tucomarca.com\/wordpress\/segunda\/wp-content\/uploads\/2025\/01\/SanAntonBunol25.jpg 886w, https:\/\/www.tucomarca.com\/wordpress\/segunda\/wp-content\/uploads\/2025\/01\/SanAntonBunol25-300x300.jpg 300w, https:\/\/www.tucomarca.com\/wordpress\/segunda\/wp-content\/uploads\/2025\/01\/SanAntonBunol25-290x290.jpg 290w, https:\/\/www.tucomarca.com\/wordpress\/segunda\/wp-content\/uploads\/2025\/01\/SanAntonBunol25-768x768.jpg 768w\" sizes=\"auto, (max-width: 886px) 100vw, 886px\" \/><\/figure>\n<\/div>\n\n\n<p>Bu\u00f1ol rendir\u00e1 homenaje a San Ant\u00f3n, patr\u00f3n de los animales, con la tradicional bendici\u00f3n de animales que tendr\u00e1 lugar en la Avenida Guzm\u00e1n C\u00e1rcel \u00abEl Planel\u00bb el domingo 16 de febrero, a partir de las 12,45 horas.<\/p>\n\n\n\n<p>El acto contar\u00e1 con la participaci\u00f3n de yeguadas, caballistas locales y de pueblos vecinos, as\u00ed como con todo tipo de mascotas, que contribuir\u00e1n a llenar de vida y tradici\u00f3n esta emblem\u00e1tica celebraci\u00f3n.<\/p>\n\n\n\n<p>Esta tradici\u00f3n anual reafirma la conexi\u00f3n entre los habitantes de Bu\u00f1ol y el entorno rural, siendo una de las actividades m\u00e1s queridas por el municipio, disfrutando as\u00ed de la cultura ecuestre y el ambiente festivo caracter\u00edstico de San Ant\u00f3n.<\/p>\n","protected":false},"excerpt":{"rendered":"<div class=\"mh-excerpt\">Bu\u00f1ol rendir\u00e1 homenaje a San Ant\u00f3n, patr\u00f3n de los animales, con la tradicional bendici\u00f3n de animales que tendr\u00e1 lugar en la Avenida Guzm\u00e1n C\u00e1rcel \u00abEl Planel\u00bb el domingo 16 de febrero, a partir de las <a class=\"mh-excerpt-more\" href=\"https:\/\/www.tucomarca.com\/wordpress\/segunda\/bunol-celebra-san-anton-el-16-de-febrero-con-caballistas-y-yeguadas-locales\/\" title=\"Bu\u00f1ol celebra San Ant\u00f3n el 16 de febrero con caballistas y yeguadas locales\">[+] <\/a><\/div>\n","protected":false},"author":12,"featured_media":251969,"comment_status":"open","ping_status":"open","sticky":false,"template":"","format":"standard","meta":{"footnotes":""},"categories":[4,18,8,10,7,3],"tags":[10385,5952,21833],"class_list":{"0":"post-251920","1":"post","2":"type-post","3":"status-publish","4":"format-standard","5":"has-post-thumbnail","7":"category-agenda","8":"category-bunol","9":"category-la-comarca","10":"category-la-hoya","11":"category-ocio-y-cultura","12":"category-seccion","13":"tag-bunol","14":"tag-la-hoya-de-bunol-chiva","15":"tag-san-anton-bunol-2025"},"_links":{"self":[{"href":"https:\/\/www.tucomarca.com\/wordpress\/segunda\/wp-json\/wp\/v2\/posts\/251920","targetHints":{"allow":["GET"]}}],"collection":[{"href":"https:\/\/www.tucomarca.com\/wordpress\/segunda\/wp-json\/wp\/v2\/posts"}],"about":[{"href":"https:\/\/www.tucomarca.com\/wordpress\/segunda\/wp-json\/wp\/v2\/types\/post"}],"author":[{"embeddable":true,"href":"https:\/\/www.tucomarca.com\/wordpress\/segunda\/wp-json\/wp\/v2\/users\/12"}],"replies":[{"embeddable":true,"href":"https:\/\/www.tucomarca.com\/wordpress\/segunda\/wp-json\/wp\/v2\/comments?post=251920"}],"version-history":[{"count":0,"href":"https:\/\/www.tucomarca.com\/wordpress\/segunda\/wp-json\/wp\/v2\/posts\/251920\/revisions"}],"wp:featuredmedia":[{"embeddable":true,"href":"https:\/\/www.tucomarca.com\/wordpress\/segunda\/wp-json\/wp\/v2\/media\/251969"}],"wp:attachment":[{"href":"https:\/\/www.tucomarca.com\/wordpress\/segunda\/wp-json\/wp\/v2\/media?parent=251920"}],"wp:term":[{"taxonomy":"category","embeddable":true,"href":"https:\/\/www.tucomarca.com\/wordpress\/segunda\/wp-json\/wp\/v2\/categories?post=251920"},{"taxonomy":"post_tag","embeddable":true,"href":"https:\/\/www.tucomarca.com\/wordpress\/segunda\/wp-json\/wp\/v2\/tags?post=251920"}],"curies":[{"name":"wp","href":"https:\/\/api.w.org\/{rel}","templated":true}]}}