{"id":252088,"date":"2025-01-29T12:00:00","date_gmt":"2025-01-29T11:00:00","guid":{"rendered":"https:\/\/www.tucomarca.com\/wordpress\/segunda\/?p=252088"},"modified":"2025-01-29T13:03:52","modified_gmt":"2025-01-29T12:03:52","slug":"el-conseller-de-agricultura-se-reune-con-los-regantes-de-turis-y-anuncia-ayudas-por-valor-de-15-millones-de-euros","status":"publish","type":"post","link":"https:\/\/www.tucomarca.com\/wordpress\/segunda\/el-conseller-de-agricultura-se-reune-con-los-regantes-de-turis-y-anuncia-ayudas-por-valor-de-15-millones-de-euros\/","title":{"rendered":"El conseller de Agricultura se re\u00fane con los regantes de Tur\u00eds y anuncia ayudas por valor de 1,5 millones de euros"},"content":{"rendered":"\n<p>El conseller de Agricultura, Agua, Ganader\u00eda y Pesca, Miguel Barrachina, ha visitado recientemente Tur\u00eds para reunirse con los concejales de Agricultura y Urbanismo, Francisco Ricau y Pepe Crespo, junto a representantes de las comunidades de regantes y los presidentes de las cooperativas La Turisana y La Baron\u00eda. En el encuentro tambi\u00e9n estuvieron presentes la directora general de Agricultura, M\u00aa \u00c0ngels Ram\u00f3n-Llin, y la directora general del Agua, Sabina Goreti.<\/p>\n\n\n\n<figure class=\"wp-block-image size-large\"><img loading=\"lazy\" decoding=\"async\" width=\"1024\" height=\"577\" src=\"https:\/\/www.tucomarca.com\/wordpress\/segunda\/wp-content\/uploads\/2025\/01\/TurisConsellerDana02-1024x577.jpg\" alt=\"\" class=\"wp-image-252096\" srcset=\"https:\/\/www.tucomarca.com\/wordpress\/segunda\/wp-content\/uploads\/2025\/01\/TurisConsellerDana02-1024x577.jpg 1024w, https:\/\/www.tucomarca.com\/wordpress\/segunda\/wp-content\/uploads\/2025\/01\/TurisConsellerDana02-300x169.jpg 300w, https:\/\/www.tucomarca.com\/wordpress\/segunda\/wp-content\/uploads\/2025\/01\/TurisConsellerDana02-768x432.jpg 768w, https:\/\/www.tucomarca.com\/wordpress\/segunda\/wp-content\/uploads\/2025\/01\/TurisConsellerDana02-678x381.jpg 678w, https:\/\/www.tucomarca.com\/wordpress\/segunda\/wp-content\/uploads\/2025\/01\/TurisConsellerDana02.jpg 1181w\" sizes=\"auto, (max-width: 1024px) 100vw, 1024px\" \/><\/figure>\n\n\n\n<p>Durante su visita, el conseller pudo comprobar de primera mano los graves da\u00f1os causados por la DANA, que ha afectado tanto a los campos agr\u00edcolas \u2014algunos de ellos completamente desaparecidos\u2014 como a diversas infraestructuras, debido al desbordamiento del r\u00edo Magro.<\/p>\n\n\n\n<p>Los representantes agr\u00edcolas solicitaron apoyo para la reconstrucci\u00f3n de las conducciones de riego y compensaciones por las p\u00e9rdidas de las cosechas. El conseller visit\u00f3 una de las obras de canalizaci\u00f3n que Aguas de Tur\u00eds est\u00e1 llevando a cabo en el margen del r\u00edo Magro.<\/p>\n\n\n\n<p>Barrachina anunci\u00f3 que la Conselleria financiar\u00e1 los da\u00f1os en todas las entidades de riego que lo han solicitado, con un l\u00edmite de 100.001 euros por entidad, lo que supone una inversi\u00f3n total de 1.500.000 euros.<\/p>\n\n\n\n<p>La concejal\u00eda de Agricultura est\u00e1 trabajando intensamente para coordinar los esfuerzos de diferentes administraciones en el municipio. Se ha ofrecido a los agricultores tierra vegetal de forma gratuita para restaurar sus campos, y se est\u00e1n agilizando los tr\u00e1mites administrativos para gestionar las ayudas y registrar las parcelas afectadas. Asimismo, se est\u00e1 tramitando la devoluci\u00f3n del IBI r\u00fastico de 2024 para las tierras da\u00f1adas por el temporal.<\/p>\n","protected":false},"excerpt":{"rendered":"<div class=\"mh-excerpt\">El conseller de Agricultura, Agua, Ganader\u00eda y Pesca, Miguel Barrachina, ha visitado recientemente Tur\u00eds para reunirse con los concejales de Agricultura y Urbanismo, Francisco Ricau y Pepe Crespo, junto a representantes de las comunidades de <a class=\"mh-excerpt-more\" href=\"https:\/\/www.tucomarca.com\/wordpress\/segunda\/el-conseller-de-agricultura-se-reune-con-los-regantes-de-turis-y-anuncia-ayudas-por-valor-de-15-millones-de-euros\/\" title=\"El conseller de Agricultura se re\u00fane con los regantes de Tur\u00eds y anuncia ayudas por valor de 1,5 millones de euros\">[+] <\/a><\/div>\n","protected":false},"author":12,"featured_media":252094,"comment_status":"open","ping_status":"open","sticky":false,"template":"","format":"standard","meta":{"footnotes":""},"categories":[21465,128,8,72,42,117,142,3,116,43,45],"tags":[85,12831,1407,10394],"class_list":{"0":"post-252088","1":"post","2":"type-post","3":"status-publish","4":"format-standard","5":"has-post-thumbnail","7":"category-dana","8":"category-infraestructuras","9":"category-la-comarca","10":"category-sin-categorizar","11":"category-la-ribera","12":"category-medio-ambiente-la-comarca","13":"category-politica-la-comarca","14":"category-seccion","15":"category-sucesos-la-comarca","16":"category-turis","17":"category-ventana","18":"tag-agricultura","19":"tag-dana-2","20":"tag-ribera-alta","21":"tag-turis"},"_links":{"self":[{"href":"https:\/\/www.tucomarca.com\/wordpress\/segunda\/wp-json\/wp\/v2\/posts\/252088","targetHints":{"allow":["GET"]}}],"collection":[{"href":"https:\/\/www.tucomarca.com\/wordpress\/segunda\/wp-json\/wp\/v2\/posts"}],"about":[{"href":"https:\/\/www.tucomarca.com\/wordpress\/segunda\/wp-json\/wp\/v2\/types\/post"}],"author":[{"embeddable":true,"href":"https:\/\/www.tucomarca.com\/wordpress\/segunda\/wp-json\/wp\/v2\/users\/12"}],"replies":[{"embeddable":true,"href":"https:\/\/www.tucomarca.com\/wordpress\/segunda\/wp-json\/wp\/v2\/comments?post=252088"}],"version-history":[{"count":0,"href":"https:\/\/www.tucomarca.com\/wordpress\/segunda\/wp-json\/wp\/v2\/posts\/252088\/revisions"}],"wp:featuredmedia":[{"embeddable":true,"href":"https:\/\/www.tucomarca.com\/wordpress\/segunda\/wp-json\/wp\/v2\/media\/252094"}],"wp:attachment":[{"href":"https:\/\/www.tucomarca.com\/wordpress\/segunda\/wp-json\/wp\/v2\/media?parent=252088"}],"wp:term":[{"taxonomy":"category","embeddable":true,"href":"https:\/\/www.tucomarca.com\/wordpress\/segunda\/wp-json\/wp\/v2\/categories?post=252088"},{"taxonomy":"post_tag","embeddable":true,"href":"https:\/\/www.tucomarca.com\/wordpress\/segunda\/wp-json\/wp\/v2\/tags?post=252088"}],"curies":[{"name":"wp","href":"https:\/\/api.w.org\/{rel}","templated":true}]}}