{"id":252104,"date":"2025-01-29T12:30:00","date_gmt":"2025-01-29T11:30:00","guid":{"rendered":"https:\/\/www.tucomarca.com\/wordpress\/segunda\/?p=252104"},"modified":"2025-01-29T22:25:07","modified_gmt":"2025-01-29T21:25:07","slug":"fotogaleria-gala-cebria-y-hector-gonzalez-son-exaltados-como-maximos-representantes-de-la-falla-avinguda-corts-valencianes-de-turis","status":"publish","type":"post","link":"https:\/\/www.tucomarca.com\/wordpress\/segunda\/fotogaleria-gala-cebria-y-hector-gonzalez-son-exaltados-como-maximos-representantes-de-la-falla-avinguda-corts-valencianes-de-turis\/","title":{"rendered":"Fotogaler\u00eda: Gala Cebri\u00e1 y H\u00e9ctor Gonz\u00e1lez son exaltados como m\u00e1ximos representantes de la Falla Avinguda Corts Valencianes de Tur\u00eds"},"content":{"rendered":"\n<p>Gala Cebri\u00e1 Gonz\u00e1lez volvi\u00f3 a vivir su sue\u00f1o fallero, esta vez junto al ni\u00f1o H\u00e9ctor Gonz\u00e1lez Lladr\u00f3, como m\u00e1ximos representantes de la Falla Avinguda Corts Valencianes de Tur\u00eds. Junto a ellos, los presidentes Jos\u00e9 Segura y \u00c1ngel Mar\u00edn, as\u00ed como su Corte de Honor, protagonizaron una emocionante exaltaci\u00f3n oficial.<\/p>\n\n\n\n<p>El acto cont\u00f3 con la participaci\u00f3n de diversas comisiones falleras de Tur\u00eds y otras invitadas, culminando con la presencia del alcalde y presidente nato de la Junta Local Fallera, Ismael Corell, y la presidenta ejecutiva, Sonia Sancho.<\/p>\n\n\n\n<p>La Reina de las Fiestas, Natalia Soler, cerr\u00f3 el desfile acompa\u00f1ada por el concejal de Fiestas, Toni Segura.<\/p>\n\n\n\n<p>Para concluir la velada, la comisi\u00f3n fallera sorprendi\u00f3 al p\u00fablico con la divertida representaci\u00f3n teatral \u00abEsquets televisi\u00f3n de les Corts\u00bb, dejando patente su creatividad y entusiasmo fallero.<\/p>\n\n\n\n<figure class=\"wp-block-gallery has-nested-images columns-1 is-cropped wp-block-gallery-1 is-layout-flex wp-block-gallery-is-layout-flex\">\n<figure class=\"wp-block-image size-large\"><img loading=\"lazy\" decoding=\"async\" width=\"1024\" height=\"717\" data-id=\"252108\" src=\"https:\/\/www.tucomarca.com\/wordpress\/segunda\/wp-content\/uploads\/2025\/01\/TurisPresCorts25_01-1024x717.jpg\" alt=\"\" class=\"wp-image-252108\" srcset=\"https:\/\/www.tucomarca.com\/wordpress\/segunda\/wp-content\/uploads\/2025\/01\/TurisPresCorts25_01-1024x717.jpg 1024w, https:\/\/www.tucomarca.com\/wordpress\/segunda\/wp-content\/uploads\/2025\/01\/TurisPresCorts25_01-300x210.jpg 300w, https:\/\/www.tucomarca.com\/wordpress\/segunda\/wp-content\/uploads\/2025\/01\/TurisPresCorts25_01-768x538.jpg 768w, https:\/\/www.tucomarca.com\/wordpress\/segunda\/wp-content\/uploads\/2025\/01\/TurisPresCorts25_01-1536x1075.jpg 1536w, https:\/\/www.tucomarca.com\/wordpress\/segunda\/wp-content\/uploads\/2025\/01\/TurisPresCorts25_01.jpg 1600w\" sizes=\"auto, (max-width: 1024px) 100vw, 1024px\" \/><\/figure>\n\n\n\n<figure class=\"wp-block-image size-large\"><img loading=\"lazy\" decoding=\"async\" width=\"1024\" height=\"711\" data-id=\"252116\" src=\"https:\/\/www.tucomarca.com\/wordpress\/segunda\/wp-content\/uploads\/2025\/01\/TurisPresCorts25_05-1024x711.jpg\" alt=\"\" class=\"wp-image-252116\" srcset=\"https:\/\/www.tucomarca.com\/wordpress\/segunda\/wp-content\/uploads\/2025\/01\/TurisPresCorts25_05-1024x711.jpg 1024w, https:\/\/www.tucomarca.com\/wordpress\/segunda\/wp-content\/uploads\/2025\/01\/TurisPresCorts25_05-300x208.jpg 300w, https:\/\/www.tucomarca.com\/wordpress\/segunda\/wp-content\/uploads\/2025\/01\/TurisPresCorts25_05-768x533.jpg 768w, https:\/\/www.tucomarca.com\/wordpress\/segunda\/wp-content\/uploads\/2025\/01\/TurisPresCorts25_05.jpg 1525w\" sizes=\"auto, (max-width: 1024px) 100vw, 1024px\" \/><\/figure>\n\n\n\n<figure class=\"wp-block-image size-large\"><img loading=\"lazy\" decoding=\"async\" width=\"1024\" height=\"646\" data-id=\"252114\" src=\"https:\/\/www.tucomarca.com\/wordpress\/segunda\/wp-content\/uploads\/2025\/01\/TurisPresCorts25_04-1024x646.jpg\" alt=\"\" class=\"wp-image-252114\" srcset=\"https:\/\/www.tucomarca.com\/wordpress\/segunda\/wp-content\/uploads\/2025\/01\/TurisPresCorts25_04-1024x646.jpg 1024w, https:\/\/www.tucomarca.com\/wordpress\/segunda\/wp-content\/uploads\/2025\/01\/TurisPresCorts25_04-300x189.jpg 300w, https:\/\/www.tucomarca.com\/wordpress\/segunda\/wp-content\/uploads\/2025\/01\/TurisPresCorts25_04-768x485.jpg 768w, https:\/\/www.tucomarca.com\/wordpress\/segunda\/wp-content\/uploads\/2025\/01\/TurisPresCorts25_04-1536x969.jpg 1536w, https:\/\/www.tucomarca.com\/wordpress\/segunda\/wp-content\/uploads\/2025\/01\/TurisPresCorts25_04.jpg 2000w\" sizes=\"auto, (max-width: 1024px) 100vw, 1024px\" \/><\/figure>\n\n\n\n<figure class=\"wp-block-image size-large\"><img loading=\"lazy\" decoding=\"async\" width=\"1024\" height=\"577\" data-id=\"252110\" src=\"https:\/\/www.tucomarca.com\/wordpress\/segunda\/wp-content\/uploads\/2025\/01\/TurisPresCorts25_02-1024x577.jpg\" alt=\"\" class=\"wp-image-252110\" srcset=\"https:\/\/www.tucomarca.com\/wordpress\/segunda\/wp-content\/uploads\/2025\/01\/TurisPresCorts25_02-1024x577.jpg 1024w, https:\/\/www.tucomarca.com\/wordpress\/segunda\/wp-content\/uploads\/2025\/01\/TurisPresCorts25_02-300x169.jpg 300w, https:\/\/www.tucomarca.com\/wordpress\/segunda\/wp-content\/uploads\/2025\/01\/TurisPresCorts25_02-768x432.jpg 768w, https:\/\/www.tucomarca.com\/wordpress\/segunda\/wp-content\/uploads\/2025\/01\/TurisPresCorts25_02-1536x865.jpg 1536w, https:\/\/www.tucomarca.com\/wordpress\/segunda\/wp-content\/uploads\/2025\/01\/TurisPresCorts25_02-678x381.jpg 678w, https:\/\/www.tucomarca.com\/wordpress\/segunda\/wp-content\/uploads\/2025\/01\/TurisPresCorts25_02.jpg 2048w\" sizes=\"auto, (max-width: 1024px) 100vw, 1024px\" \/><\/figure>\n<\/figure>\n","protected":false},"excerpt":{"rendered":"<div class=\"mh-excerpt\">Gala Cebri\u00e1 Gonz\u00e1lez volvi\u00f3 a vivir su sue\u00f1o fallero, esta vez junto al ni\u00f1o H\u00e9ctor Gonz\u00e1lez Lladr\u00f3, como m\u00e1ximos representantes de la Falla Avinguda Corts Valencianes de Tur\u00eds. Junto a ellos, los presidentes Jos\u00e9 Segura <a class=\"mh-excerpt-more\" href=\"https:\/\/www.tucomarca.com\/wordpress\/segunda\/fotogaleria-gala-cebria-y-hector-gonzalez-son-exaltados-como-maximos-representantes-de-la-falla-avinguda-corts-valencianes-de-turis\/\" title=\"Fotogaler\u00eda: Gala Cebri\u00e1 y H\u00e9ctor Gonz\u00e1lez son exaltados como m\u00e1ximos representantes de la Falla Avinguda Corts Valencianes de Tur\u00eds\">[+] <\/a><\/div>\n","protected":false},"author":12,"featured_media":252112,"comment_status":"open","ping_status":"open","sticky":false,"template":"","format":"gallery","meta":{"footnotes":""},"categories":[8,42,5,7,383,3,43],"tags":[14836,1407,10394],"class_list":{"0":"post-252104","1":"post","2":"type-post","3":"status-publish","4":"format-gallery","5":"has-post-thumbnail","7":"category-la-comarca","8":"category-la-ribera","9":"category-la-semana-en-imagenes","10":"category-ocio-y-cultura","11":"category-pueblos-en-fiestas","12":"category-seccion","13":"category-turis","14":"tag-falla-avinguda-corts-valencianes","15":"tag-ribera-alta","16":"tag-turis","17":"post_format-post-format-gallery"},"_links":{"self":[{"href":"https:\/\/www.tucomarca.com\/wordpress\/segunda\/wp-json\/wp\/v2\/posts\/252104","targetHints":{"allow":["GET"]}}],"collection":[{"href":"https:\/\/www.tucomarca.com\/wordpress\/segunda\/wp-json\/wp\/v2\/posts"}],"about":[{"href":"https:\/\/www.tucomarca.com\/wordpress\/segunda\/wp-json\/wp\/v2\/types\/post"}],"author":[{"embeddable":true,"href":"https:\/\/www.tucomarca.com\/wordpress\/segunda\/wp-json\/wp\/v2\/users\/12"}],"replies":[{"embeddable":true,"href":"https:\/\/www.tucomarca.com\/wordpress\/segunda\/wp-json\/wp\/v2\/comments?post=252104"}],"version-history":[{"count":0,"href":"https:\/\/www.tucomarca.com\/wordpress\/segunda\/wp-json\/wp\/v2\/posts\/252104\/revisions"}],"wp:featuredmedia":[{"embeddable":true,"href":"https:\/\/www.tucomarca.com\/wordpress\/segunda\/wp-json\/wp\/v2\/media\/252112"}],"wp:attachment":[{"href":"https:\/\/www.tucomarca.com\/wordpress\/segunda\/wp-json\/wp\/v2\/media?parent=252104"}],"wp:term":[{"taxonomy":"category","embeddable":true,"href":"https:\/\/www.tucomarca.com\/wordpress\/segunda\/wp-json\/wp\/v2\/categories?post=252104"},{"taxonomy":"post_tag","embeddable":true,"href":"https:\/\/www.tucomarca.com\/wordpress\/segunda\/wp-json\/wp\/v2\/tags?post=252104"}],"curies":[{"name":"wp","href":"https:\/\/api.w.org\/{rel}","templated":true}]}}