{"id":252129,"date":"2025-01-31T09:45:00","date_gmt":"2025-01-31T08:45:00","guid":{"rendered":"https:\/\/www.tucomarca.com\/wordpress\/segunda\/?p=252129"},"modified":"2025-01-31T09:01:05","modified_gmt":"2025-01-31T08:01:05","slug":"placeta-del-marques-de-turis-exalta-este-fin-de-semana-a-sus-falleras-mayores-carmen-ibanez-y-marta-algarra","status":"publish","type":"post","link":"https:\/\/www.tucomarca.com\/wordpress\/segunda\/placeta-del-marques-de-turis-exalta-este-fin-de-semana-a-sus-falleras-mayores-carmen-ibanez-y-marta-algarra\/","title":{"rendered":"Placeta del Marqu\u00e9s de Tur\u00eds exalta este fin de semana a sus Falleras Mayores, Carmen Ib\u00e1\u00f1ez y Marta Algarra"},"content":{"rendered":"\n<p>La Falla Placeta del Marqu\u00e9s de Tur\u00eds se prepara para un emocionante fin de semana con la exaltaci\u00f3n de sus Falleras Mayores en el emblem\u00e1tico Teatro Ideal.<\/p>\n\n\n\n<p>El s\u00e1bado, a partir de las 18:00 horas, ser\u00e1 el turno de la puesta de largo de Carmen Ib\u00e1\u00f1ez Pons, mientras que el domingo, tambi\u00e9n a las 18:00 horas, se celebrar\u00e1 la exaltaci\u00f3n de la ni\u00f1a Marta Algarra Alarc\u00f3n.<\/p>\n\n\n\n<p>Ambas estar\u00e1n acompa\u00f1adas por el Presidente Infantil, Alejandro Algarra Cerver\u00f3, y el Presidente, V\u00edctor Montero Iranzo, adem\u00e1s de sus respectivas cortes de honor, que ser\u00e1n presentadas oficialmente durante el acto.<\/p>\n\n\n\n<p>La comisi\u00f3n fallera, junto a las familias de las protagonistas, ya tiene todo listo para vivir uno de los momentos m\u00e1s especiales de las Fallas 2025 en Tur\u00eds, marcando el inicio de una temporada fallera llena de tradici\u00f3n, fiesta y emoci\u00f3n.<\/p>\n","protected":false},"excerpt":{"rendered":"<div class=\"mh-excerpt\">La Falla Placeta del Marqu\u00e9s de Tur\u00eds se prepara para un emocionante fin de semana con la exaltaci\u00f3n de sus Falleras Mayores en el emblem\u00e1tico Teatro Ideal. El s\u00e1bado, a partir de las 18:00 horas, <a class=\"mh-excerpt-more\" href=\"https:\/\/www.tucomarca.com\/wordpress\/segunda\/placeta-del-marques-de-turis-exalta-este-fin-de-semana-a-sus-falleras-mayores-carmen-ibanez-y-marta-algarra\/\" title=\"Placeta del Marqu\u00e9s de Tur\u00eds exalta este fin de semana a sus Falleras Mayores, Carmen Ib\u00e1\u00f1ez y Marta Algarra\">[+] <\/a><\/div>\n","protected":false},"author":12,"featured_media":252133,"comment_status":"open","ping_status":"open","sticky":false,"template":"","format":"standard","meta":{"footnotes":""},"categories":[4,8,42,7,3,43],"tags":[14838,1407,10394],"class_list":{"0":"post-252129","1":"post","2":"type-post","3":"status-publish","4":"format-standard","5":"has-post-thumbnail","7":"category-agenda","8":"category-la-comarca","9":"category-la-ribera","10":"category-ocio-y-cultura","11":"category-seccion","12":"category-turis","13":"tag-falla-placeta-del-marques","14":"tag-ribera-alta","15":"tag-turis"},"_links":{"self":[{"href":"https:\/\/www.tucomarca.com\/wordpress\/segunda\/wp-json\/wp\/v2\/posts\/252129","targetHints":{"allow":["GET"]}}],"collection":[{"href":"https:\/\/www.tucomarca.com\/wordpress\/segunda\/wp-json\/wp\/v2\/posts"}],"about":[{"href":"https:\/\/www.tucomarca.com\/wordpress\/segunda\/wp-json\/wp\/v2\/types\/post"}],"author":[{"embeddable":true,"href":"https:\/\/www.tucomarca.com\/wordpress\/segunda\/wp-json\/wp\/v2\/users\/12"}],"replies":[{"embeddable":true,"href":"https:\/\/www.tucomarca.com\/wordpress\/segunda\/wp-json\/wp\/v2\/comments?post=252129"}],"version-history":[{"count":0,"href":"https:\/\/www.tucomarca.com\/wordpress\/segunda\/wp-json\/wp\/v2\/posts\/252129\/revisions"}],"wp:featuredmedia":[{"embeddable":true,"href":"https:\/\/www.tucomarca.com\/wordpress\/segunda\/wp-json\/wp\/v2\/media\/252133"}],"wp:attachment":[{"href":"https:\/\/www.tucomarca.com\/wordpress\/segunda\/wp-json\/wp\/v2\/media?parent=252129"}],"wp:term":[{"taxonomy":"category","embeddable":true,"href":"https:\/\/www.tucomarca.com\/wordpress\/segunda\/wp-json\/wp\/v2\/categories?post=252129"},{"taxonomy":"post_tag","embeddable":true,"href":"https:\/\/www.tucomarca.com\/wordpress\/segunda\/wp-json\/wp\/v2\/tags?post=252129"}],"curies":[{"name":"wp","href":"https:\/\/api.w.org\/{rel}","templated":true}]}}